{"id":236730,"date":"2025-07-09T04:18:09","date_gmt":"2025-07-09T04:18:09","guid":{"rendered":"https:\/\/www.europesays.com\/fr\/236730\/"},"modified":"2025-07-09T04:18:09","modified_gmt":"2025-07-09T04:18:09","slug":"lille-deux-marques-iconiques-reviennent-en-force-a-westfield-euralille-dans-des-boutiques-xxl","status":"publish","type":"post","link":"https:\/\/www.europesays.com\/fr\/236730\/","title":{"rendered":"Lille. Deux marques iconiques reviennent en force \u00e0 Westfield Euralille dans des boutiques XXL"},"content":{"rendered":"<p>            Par<br \/>\n        <strong><br \/>\n            <a href=\"https:\/\/actu.fr\/auteur\/hervine-mahaud\" title=\"Consulter tous les articles de Hervine Mahaud\" target=\"_blank\" rel=\"noopener\">Hervine Mahaud<\/a><br \/>\n        <\/strong><\/p>\n<p>        Publi\u00e9 le<\/p>\n<p>            9 juil. 2025 \u00e0 6h04        <\/p>\n<p><b>Westfield Euralille<\/b> poursuit sa m\u00e9tamorphose. Le plus grand <b>centre commercial de <a href=\"https:\/\/actu.fr\/hauts-de-france\/lille_59350\" target=\"_blank\" rel=\"noopener\">Lille<\/a><\/b> a annonc\u00e9 la r\u00e9ouverture de <b>deux enseignes mode embl\u00e9matiques<\/b> dans des <b>espaces enti\u00e8rement r\u00e9am\u00e9nag\u00e9s<\/b>, \u00e0 la fois plus vastes, plus modernes et plus immersifs. Ces r\u00e9ouvertures s\u2019inscrivent dans la strat\u00e9gie globale du centre : offrir une <b>exp\u00e9rience shopping toujours plus riche, fluide et connect\u00e9e<\/b>, en phase avec les attentes d\u2019une client\u00e8le urbaine et plurielle.<\/p>\n<p>Des marques iconiques qui montent en gamme<\/p>\n<p class=\" wall-content\">La premi\u00e8re \u00e0 avoir rouvert ses portes, le <b>6 juin 2025<\/b>, est <b>Stradivarius<\/b>, une enseigne bien connue des passionn\u00e9es de mode f\u00e9minine, et qui fait partie du <b>groupe Inditex (Zara, Bershka, Massimo Dutti<\/b>\u2026). Install\u00e9e au <b>niveau 0 du centre<\/b>, elle s\u2019\u00e9tend d\u00e9sormais sur <b>767 m\u00b2<\/b>, dans une ambiance <b>claire, moderne et r\u00e9solument tendance<\/b>. Avec une offre \u00e9largie de pi\u00e8ces inspir\u00e9es des derni\u00e8res collections, la boutique mise sur une <b>exp\u00e9rience client renouvel\u00e9e<\/b>, \u00e0 la fois fluide et inspirante.<\/p>\n<p class=\" wall-content\">Quelques semaines plus tard, c\u2019est <b>Pull &amp; Bear<\/b>, une autre marque incontournable de la <b>jeune g\u00e9n\u00e9ration urbaine<\/b> qui a fait son retour, le <b>27 juin<\/b>, \u00e9galement au <b>niveau 0<\/b>. Son nouveau <b>flagship de 903 m\u00b2<\/b> refl\u00e8te \u00e0 la perfection son ADN : <b>cool, d\u00e9contract\u00e9, connect\u00e9<\/b>. Parcours repens\u00e9, ambiance soign\u00e9e, collections \u00e9largies\u2026 tout a \u00e9t\u00e9 pens\u00e9 pour s\u00e9duire une client\u00e8le \u00e0 l\u2019aff\u00fbt des derni\u00e8res tendances.<\/p>\n<p>Westfield Euralille : une destination en mouvement<\/p>\n<p class=\" wall-content\">Ces deux r\u00e9implantations confirment la volont\u00e9 de <b>Westfield Euralille<\/b> de rester un centre commercial <b>actif et attractif<\/b>, en constante \u00e9volution. En repensant l\u2019accueil de grandes enseignes internationales, comme r\u00e9cemment <a href=\"https:\/\/actu.fr\/hauts-de-france\/lille_59350\/lille-victorias-secret-deploie-ses-ailes-a-westfield-euralille-pour-proposer-sa-lingerie-glamour_62649820.html\" target=\"_blank\" rel=\"noopener\">Victoria\u2019s Secret<\/a> ou <a href=\"https:\/\/actu.fr\/hauts-de-france\/lille_59350\/on-fait-tres-peur-a-kfc-le-fast-food-de-poulet-frit-popeyes-debarque-en-force-a-lille_62522367.html\" target=\"_blank\" rel=\"noopener\">Popeyes<\/a>, le centre entend r\u00e9pondre aux <b>nouveaux modes de consommation<\/b> et renforcer sa position de <b>destination shopping de r\u00e9f\u00e9rence<\/b> dans les Hauts-de-France.<\/p>\n<p class=\" wall-content\">\u00ab\u00a0Ces r\u00e9ouvertures illustrent parfaitement la strat\u00e9gie que nous portons \u00e0 Westfield Euralille : celle d\u2019un centre qui \u00e9volue en permanence, en phase avec les usages, les envies et les modes de vie actuels\u00a0\u00bb, explique <b>J\u00e9r\u00e9my Desprets<\/b>, directeur du centre.<\/p>\n<p class=\" wall-content\">Au-del\u00e0 de l\u2019offre commerciale, c\u2019est toute l\u2019exp\u00e9rience client qui est repens\u00e9e : <b>boutiques immersives, parcours simplifi\u00e9s, lieux de vie partag\u00e9s<\/b>\u2026 Westfield Euralille se positionne plus que jamais comme un p\u00f4le incontournable, aussi bien pour les Lillois que pour les visiteurs de passage.<\/p>\n<p class=\" wall-content\">Suivez toute l\u2019actualit\u00e9 de vos villes et m\u00e9dias favoris en vous inscrivant \u00e0 <a href=\"https:\/\/moncompte.actu.fr\" title=\"D\u00e9couvez Mon Actu\" rel=\"nofollow noopener\" data-trk=\"{&quot;cta&quot;:{&quot;action&quot;:&quot;https:\\\/\\\/moncompte.actu.fr&quot;,&quot;category&quot;:&quot;mon compte&quot;,&quot;from&quot;:&quot;article footer&quot;,&quot;name&quot;:&quot;Mon actu&quot;,&quot;type&quot;:&quot;cta&quot;}}\" target=\"_blank\">Mon Actu<\/a>.<\/p>\n","protected":false},"excerpt":{"rendered":"Par Hervine Mahaud Publi\u00e9 le 9 juil. 2025 \u00e0 6h04 Westfield Euralille poursuit sa m\u00e9tamorphose. Le plus grand&hellip;\n","protected":false},"author":2,"featured_media":236731,"comment_status":"","ping_status":"","sticky":false,"template":"","format":"standard","meta":{"footnotes":""},"categories":[2815],"tags":[1111,11,215,33,1777,674,1011,27,811,1307,12,25,2422],"class_list":{"0":"post-236730","1":"post","2":"type-post","3":"status-publish","4":"format-standard","5":"has-post-thumbnail","7":"category-lille","8":"tag-actu","9":"tag-actualites","10":"tag-commerce","11":"tag-economie","12":"tag-eu","13":"tag-europe","14":"tag-fr","15":"tag-france","16":"tag-hauts-de-france","17":"tag-lille","18":"tag-news","19":"tag-republique-francaise","20":"tag-textile"},"share_on_mastodon":{"url":"https:\/\/pubeurope.com\/@fr\/114821353025897314","error":""},"_links":{"self":[{"href":"https:\/\/www.europesays.com\/fr\/wp-json\/wp\/v2\/posts\/236730","targetHints":{"allow":["GET"]}}],"collection":[{"href":"https:\/\/www.europesays.com\/fr\/wp-json\/wp\/v2\/posts"}],"about":[{"href":"https:\/\/www.europesays.com\/fr\/wp-json\/wp\/v2\/types\/post"}],"author":[{"embeddable":true,"href":"https:\/\/www.europesays.com\/fr\/wp-json\/wp\/v2\/users\/2"}],"replies":[{"embeddable":true,"href":"https:\/\/www.europesays.com\/fr\/wp-json\/wp\/v2\/comments?post=236730"}],"version-history":[{"count":0,"href":"https:\/\/www.europesays.com\/fr\/wp-json\/wp\/v2\/posts\/236730\/revisions"}],"wp:featuredmedia":[{"embeddable":true,"href":"https:\/\/www.europesays.com\/fr\/wp-json\/wp\/v2\/media\/236731"}],"wp:attachment":[{"href":"https:\/\/www.europesays.com\/fr\/wp-json\/wp\/v2\/media?parent=236730"}],"wp:term":[{"taxonomy":"category","embeddable":true,"href":"https:\/\/www.europesays.com\/fr\/wp-json\/wp\/v2\/categories?post=236730"},{"taxonomy":"post_tag","embeddable":true,"href":"https:\/\/www.europesays.com\/fr\/wp-json\/wp\/v2\/tags?post=236730"}],"curies":[{"name":"wp","href":"https:\/\/api.w.org\/{rel}","templated":true}]}}