{"id":236734,"date":"2025-07-09T04:20:10","date_gmt":"2025-07-09T04:20:10","guid":{"rendered":"https:\/\/www.europesays.com\/fr\/236734\/"},"modified":"2025-07-09T04:20:10","modified_gmt":"2025-07-09T04:20:10","slug":"inquietudes-pour-les-releves-a-lhopital-nord","status":"publish","type":"post","link":"https:\/\/www.europesays.com\/fr\/236734\/","title":{"rendered":"inqui\u00e9tudes pour les rel\u00e8ves \u00e0 l&rsquo;h\u00f4pital Nord"},"content":{"rendered":"<p>Les difficult\u00e9s de circuler li\u00e9es \u00e0 <a href=\"https:\/\/www.laprovence.com\/article\/faits-divers-justice\/6385505788801514\/direct-laprovence-direct-incendie-aux-pennes-mirabeau-avions-cloues-au-sol-trains-a-l-arret-30-hectares-parcourus-suivez-l-evolution\" target=\"_blank\" rel=\"noopener\">l&rsquo;incendie aux portes des quartiers Nord<\/a> a des r\u00e9percussions sur l&rsquo;H\u00f4pital Nord. La direction de l&rsquo;\u00e9tablissement situ\u00e9 \u00e0 Notre-Dame Limite, non loin de Saint-Antoine (15e) a fait passer un message expliquant \u00e0 ses personnels que le rel\u00e8ve serra difficilement assur\u00e9e ce mardi soir.<\/p>\n<p>\u00ab\u00a0On a effectivement une grosse inqui\u00e9tude sur les rel\u00e8ves et les vacations de ce soir, confirme Audrey Jolibois, secr\u00e9taire g\u00e9n\u00e9rale Force Ouvri\u00e8re. Mais les personnels savent que si ce genre de probl\u00e8me arrive, ils assureront la continuit\u00e9 des soins, m\u00eame si ce ne sera pas facile\u00a0\u00bb. Une cellule de crise a \u00e9t\u00e9 ouverte par l&rsquo;Assistance publique &#8211; H\u00f4pitaux de Marseille (APHM). Elle concerne tous les h\u00f4pitaux publics marseillais, les probl\u00e8mes de circulation pouvant tous les impactant avec plus ou moins d&rsquo;intensit\u00e9.<\/p>\n<p>Une surchauffe du r\u00e9seau \u00e9lectrique<\/p>\n<p>L&rsquo;H\u00f4pital Nord subit par ailleurs une surchauffe du r\u00e9seau \u00e9lectrique qui peut mettre \u00e0 mal certaines machines. L\u00e0 encore, tout semble pr\u00e9vu puisque des groupes \u00e9lectrog\u00e8nes ont la capacit\u00e9 de prendre le relais pendant une dur\u00e9e allant jusqu&rsquo;\u00e0 trois jours. Enfin, la plateforme logistique de l&rsquo;h\u00f4pital Nord, situ\u00e9e \u00e0 la Calade, o\u00f9 sont stock\u00e9s repas et blanchisseries a \u00e9t\u00e9 \u00e9vacu\u00e9e pr\u00e9ventivement de son personnel. \u00ab\u00a0Mais tout est sous contr\u00f4le\u00a0\u00bb, pr\u00e9cise Audrey Jolibois, en lien avec la direction de l&rsquo;AP-HM.<\/p>\n","protected":false},"excerpt":{"rendered":"Les difficult\u00e9s de circuler li\u00e9es \u00e0 l&rsquo;incendie aux portes des quartiers Nord a des r\u00e9percussions sur l&rsquo;H\u00f4pital Nord.&hellip;\n","protected":false},"author":2,"featured_media":236735,"comment_status":"","ping_status":"","sticky":false,"template":"","format":"standard","meta":{"footnotes":""},"categories":[2814],"tags":[17,1111,11,1777,674,274,1011,27,1310,37582,151,884,12,471,882,37583,25,17478],"class_list":{"0":"post-236734","1":"post","2":"type-post","3":"status-publish","4":"format-standard","5":"has-post-thumbnail","7":"category-marseille","8":"tag-17","9":"tag-actu","10":"tag-actualites","11":"tag-eu","12":"tag-europe","13":"tag-faits-divers-justice","14":"tag-fr","15":"tag-france","16":"tag-incendie","17":"tag-inquietudes","18":"tag-les","19":"tag-marseille","20":"tag-news","21":"tag-pour","22":"tag-provence-alpes-cote-dazur","23":"tag-releves","24":"tag-republique-francaise","25":"tag-violent"},"share_on_mastodon":{"url":"https:\/\/pubeurope.com\/@fr\/114821360868103819","error":""},"_links":{"self":[{"href":"https:\/\/www.europesays.com\/fr\/wp-json\/wp\/v2\/posts\/236734","targetHints":{"allow":["GET"]}}],"collection":[{"href":"https:\/\/www.europesays.com\/fr\/wp-json\/wp\/v2\/posts"}],"about":[{"href":"https:\/\/www.europesays.com\/fr\/wp-json\/wp\/v2\/types\/post"}],"author":[{"embeddable":true,"href":"https:\/\/www.europesays.com\/fr\/wp-json\/wp\/v2\/users\/2"}],"replies":[{"embeddable":true,"href":"https:\/\/www.europesays.com\/fr\/wp-json\/wp\/v2\/comments?post=236734"}],"version-history":[{"count":0,"href":"https:\/\/www.europesays.com\/fr\/wp-json\/wp\/v2\/posts\/236734\/revisions"}],"wp:featuredmedia":[{"embeddable":true,"href":"https:\/\/www.europesays.com\/fr\/wp-json\/wp\/v2\/media\/236735"}],"wp:attachment":[{"href":"https:\/\/www.europesays.com\/fr\/wp-json\/wp\/v2\/media?parent=236734"}],"wp:term":[{"taxonomy":"category","embeddable":true,"href":"https:\/\/www.europesays.com\/fr\/wp-json\/wp\/v2\/categories?post=236734"},{"taxonomy":"post_tag","embeddable":true,"href":"https:\/\/www.europesays.com\/fr\/wp-json\/wp\/v2\/tags?post=236734"}],"curies":[{"name":"wp","href":"https:\/\/api.w.org\/{rel}","templated":true}]}}