{"id":236738,"date":"2025-07-09T04:22:12","date_gmt":"2025-07-09T04:22:12","guid":{"rendered":"https:\/\/www.europesays.com\/fr\/236738\/"},"modified":"2025-07-09T04:22:12","modified_gmt":"2025-07-09T04:22:12","slug":"le-chant-des-cigales-envahit-lyon-le-bruit-dun-climat-qui-change","status":"publish","type":"post","link":"https:\/\/www.europesays.com\/fr\/236738\/","title":{"rendered":"le chant des cigales envahit Lyon, le bruit d\u2019un climat qui change"},"content":{"rendered":"<p>Elles chantent l\u2019\u00e9t\u00e9, la chaleur et les souvenirs de vacances. Pourtant, ce n\u2019est pas en Provence mais bien \u00e0 Lyon que la m\u00e9lodie des cigales r\u00e9sonne d\u00e9sormais.<\/p>\n<p>Elles ont investi la Croix-Rousse (Lyon 4e), la Presqu\u2019\u00eele (2e), la Mulati\u00e8re ou encore le quartier de Saint-Just (5e). Une carte collaborative (1) lanc\u00e9e \u00e0 l\u2019initiative de Denis Beaudit, professeur de math\u00e9matique au lyc\u00e9e Diderot de Marseille r\u00e9pertorie les endroits o\u00f9 les cigales ont \u00e9t\u00e9 entendues. Greg habite \u00e0 Croix-Rousse, il confie au Progr\u00e8s  que \u00ab\u00a0c\u2019est une vraie cacophonie dans la mont\u00e9e de la Boucle en fin de journ\u00e9e\u00a0\u00bb, les cigales lui rappellent&#8230;<\/p>\n","protected":false},"excerpt":{"rendered":"Elles chantent l\u2019\u00e9t\u00e9, la chaleur et les souvenirs de vacances. Pourtant, ce n\u2019est pas en Provence mais bien&hellip;\n","protected":false},"author":2,"featured_media":236739,"comment_status":"","ping_status":"","sticky":false,"template":"","format":"standard","meta":{"footnotes":""},"categories":[1889],"tags":[1111,11,2430,2757,436,1777,674,107,1011,27,2428,2756,12,5140,25,2429],"class_list":{"0":"post-236738","1":"post","2":"type-post","3":"status-publish","4":"format-standard","5":"has-post-thumbnail","7":"category-lyon","8":"tag-actu","9":"tag-actualites","10":"tag-auvergne-rhone-alpes","11":"tag-edition-lyon-villeurbanne","12":"tag-environnement","13":"tag-eu","14":"tag-europe","15":"tag-fil-info","16":"tag-fr","17":"tag-france","18":"tag-lyon","19":"tag-lyon-bassin","20":"tag-news","21":"tag-rechauffement-climatique","22":"tag-republique-francaise","23":"tag-rhone"},"share_on_mastodon":{"url":"https:\/\/pubeurope.com\/@fr\/114821368852638325","error":""},"_links":{"self":[{"href":"https:\/\/www.europesays.com\/fr\/wp-json\/wp\/v2\/posts\/236738","targetHints":{"allow":["GET"]}}],"collection":[{"href":"https:\/\/www.europesays.com\/fr\/wp-json\/wp\/v2\/posts"}],"about":[{"href":"https:\/\/www.europesays.com\/fr\/wp-json\/wp\/v2\/types\/post"}],"author":[{"embeddable":true,"href":"https:\/\/www.europesays.com\/fr\/wp-json\/wp\/v2\/users\/2"}],"replies":[{"embeddable":true,"href":"https:\/\/www.europesays.com\/fr\/wp-json\/wp\/v2\/comments?post=236738"}],"version-history":[{"count":0,"href":"https:\/\/www.europesays.com\/fr\/wp-json\/wp\/v2\/posts\/236738\/revisions"}],"wp:featuredmedia":[{"embeddable":true,"href":"https:\/\/www.europesays.com\/fr\/wp-json\/wp\/v2\/media\/236739"}],"wp:attachment":[{"href":"https:\/\/www.europesays.com\/fr\/wp-json\/wp\/v2\/media?parent=236738"}],"wp:term":[{"taxonomy":"category","embeddable":true,"href":"https:\/\/www.europesays.com\/fr\/wp-json\/wp\/v2\/categories?post=236738"},{"taxonomy":"post_tag","embeddable":true,"href":"https:\/\/www.europesays.com\/fr\/wp-json\/wp\/v2\/tags?post=236738"}],"curies":[{"name":"wp","href":"https:\/\/api.w.org\/{rel}","templated":true}]}}