{"id":236750,"date":"2025-07-09T04:29:14","date_gmt":"2025-07-09T04:29:14","guid":{"rendered":"https:\/\/www.europesays.com\/fr\/236750\/"},"modified":"2025-07-09T04:29:14","modified_gmt":"2025-07-09T04:29:14","slug":"les-valeurs-a-suivre-a-paris-et-en-europe-09-07-2025-a-0600","status":"publish","type":"post","link":"https:\/\/www.europesays.com\/fr\/236750\/","title":{"rendered":"Les valeurs \u00e0 suivre \u00e0 Paris et en Europe &#8211; 09\/07\/2025 \u00e0 06:00"},"content":{"rendered":"<p>\n *\n<\/p>\n<p>\n Variation des futures sur indice CAC 40  0#FCE:\n<\/p>\n<p>\n *\n<\/p>\n<p>\n Variation des futures sur indice Stoxx 600  0#FXXP:\n<\/p>\n<p>\n *\n<\/p>\n<p>\n Valeurs qui se traitent ex-dividende  .EX.PA\n<\/p>\n<p>\n *\n<\/p>\n<p>\n Le point sur les march\u00e9s europ\u00e9ens  .EUFR\n<\/p>\n<p>\n Les valeurs \u00e0 suivre<br \/>\nmercredi \u00e0 la Bourse de Paris et en Europe :\n<\/p>\n<p>\n * AIRBUS<br \/>\n <a href=\"https:\/\/www.boursorama.com\/cours\/1rPAIR\/\" rel=\"nofollow noopener\" target=\"_blank\"><br \/>\n  AIR.PA<br \/>\n <\/a><br \/>\n a d\u00e9clar\u00e9 avoir livr\u00e9 306 avions depuis le<br \/>\nd\u00e9but de l&rsquo;ann\u00e9e.\n<\/p>\n<p>\n * CREDIT AGRICOLE<br \/>\n <a href=\"https:\/\/www.boursorama.com\/cours\/1rPACA\/\" rel=\"nofollow noopener\" target=\"_blank\"><br \/>\n  CAGR.PA<br \/>\n <\/a><br \/>\n &#8211; Cr\u00e9dit Agricole Assurances a<br \/>\nannonc\u00e9 le lancement d&rsquo;un placement acc\u00e9l\u00e9r\u00e9 de la totalit\u00e9 de<br \/>\nsa participation dans FDJ United.\n<\/p>\n<p>\n * SAINT-GOBAIN<br \/>\n <a href=\"https:\/\/www.boursorama.com\/cours\/1rPSGO\/\" rel=\"nofollow noopener\" target=\"_blank\"><br \/>\n  SGOB.PA<br \/>\n <\/a><br \/>\n a annonc\u00e9 mardi avoir sign\u00e9 un<br \/>\naccord d\u00e9finitif avec la soci\u00e9t\u00e9 allemande K\u00f6ster pour la vente<br \/>\nde Br\u00fcggemann, un fabricant de solutions modulaires de<br \/>\nconstruction bois dans lequel le groupe fran\u00e7ais avait pris une<br \/>\nparticipation majoritaire en 2021.\n<\/p>\n<p>\n L&rsquo;AGENDA FRANCE &amp; INTERNATIONAL \u00c0 7 JOURS:<\/p>\n<p> nL8N3T10VM\n<\/p>\n<p>\n (R\u00e9dig\u00e9 par Mara V\u00eelcu)<\/p>\n","protected":false},"excerpt":{"rendered":"* Variation des futures sur indice CAC 40 0#FCE: * Variation des futures sur indice Stoxx 600 0#FXXP:&hellip;\n","protected":false},"author":2,"featured_media":64038,"comment_status":"","ping_status":"","sticky":false,"template":"","format":"standard","meta":{"footnotes":""},"categories":[1888],"tags":[400,11,398,408,405,1777,674,1011,27,403,402,399,404,12,626,25,401,406,407],"class_list":{"0":"post-236750","1":"post","2":"type-post","3":"status-publish","4":"format-standard","5":"has-post-thumbnail","7":"category-paris","8":"tag-action-cac-40","9":"tag-actualites","10":"tag-bourse-de-paris","11":"tag-boursorama","12":"tag-cotations","13":"tag-eu","14":"tag-europe","15":"tag-fr","16":"tag-france","17":"tag-indices-devises","18":"tag-investir","19":"tag-investissement","20":"tag-marche-boursier","21":"tag-news","22":"tag-paris","23":"tag-republique-francaise","24":"tag-sicav","25":"tag-trackers","26":"tag-warrants"},"share_on_mastodon":{"url":"https:\/\/pubeurope.com\/@fr\/114821396253305614","error":""},"_links":{"self":[{"href":"https:\/\/www.europesays.com\/fr\/wp-json\/wp\/v2\/posts\/236750","targetHints":{"allow":["GET"]}}],"collection":[{"href":"https:\/\/www.europesays.com\/fr\/wp-json\/wp\/v2\/posts"}],"about":[{"href":"https:\/\/www.europesays.com\/fr\/wp-json\/wp\/v2\/types\/post"}],"author":[{"embeddable":true,"href":"https:\/\/www.europesays.com\/fr\/wp-json\/wp\/v2\/users\/2"}],"replies":[{"embeddable":true,"href":"https:\/\/www.europesays.com\/fr\/wp-json\/wp\/v2\/comments?post=236750"}],"version-history":[{"count":0,"href":"https:\/\/www.europesays.com\/fr\/wp-json\/wp\/v2\/posts\/236750\/revisions"}],"wp:featuredmedia":[{"embeddable":true,"href":"https:\/\/www.europesays.com\/fr\/wp-json\/wp\/v2\/media\/64038"}],"wp:attachment":[{"href":"https:\/\/www.europesays.com\/fr\/wp-json\/wp\/v2\/media?parent=236750"}],"wp:term":[{"taxonomy":"category","embeddable":true,"href":"https:\/\/www.europesays.com\/fr\/wp-json\/wp\/v2\/categories?post=236750"},{"taxonomy":"post_tag","embeddable":true,"href":"https:\/\/www.europesays.com\/fr\/wp-json\/wp\/v2\/tags?post=236750"}],"curies":[{"name":"wp","href":"https:\/\/api.w.org\/{rel}","templated":true}]}}