{"id":236759,"date":"2025-07-09T04:34:10","date_gmt":"2025-07-09T04:34:10","guid":{"rendered":"https:\/\/www.europesays.com\/fr\/236759\/"},"modified":"2025-07-09T04:34:10","modified_gmt":"2025-07-09T04:34:10","slug":"allemagne-un-projet-presume-dattentat-islamiste-dejoue","status":"publish","type":"post","link":"https:\/\/www.europesays.com\/fr\/236759\/","title":{"rendered":"Allemagne: Un projet pr\u00e9sum\u00e9 d\u2019attentat islamiste d\u00e9jou\u00e9"},"content":{"rendered":"<p>Allemagne \u2013 <\/p>\n<p>Un projet pr\u00e9sum\u00e9 d\u2019attentat islamiste d\u00e9jou\u00e9<\/p>\n<p class=\"ContentHead_lead____SsS link_regular__O0hk0 link_externalicon-big__ZdPgo link_externalicon__qcwXs\">La police allemande a dit mercredi avoir d\u00e9jou\u00e9 un projet d\u2019attentat avec l\u2019interpellation d\u2019un Bosnien.<\/p>\n<p>Publi\u00e9 aujourd\u2019hui \u00e0 06h32Mis \u00e0 jour il y a 1 minute<img decoding=\"async\" loading=\"eager\" fetchpriority=\"high\" src=\"https:\/\/www.europesays.com\/fr\/wp-content\/uploads\/2025\/07\/F4j92Jy2aQ0ATeC857uGg_.jpg\" alt=\"Une voiture de police devant l\u2019entr\u00e9e de la station de police f\u00e9d\u00e9rale \u00e0 la gare centrale de Hanovre, Allemagne, le 18 mai 2015.\" title=\"Une voiture de police devant l\u2019entr\u00e9e de la station de police f\u00e9d\u00e9rale \u00e0 la gare centrale de Hanovre, Allemagne, le 18 mai 2015.\" class=\"ResponsiveImage_root__ZDz10 responsive-image\" style=\"background-color:#4B517D\"\/><\/p>\n<p>Une voiture de police devant l\u2019entr\u00e9e de la station de police f\u00e9d\u00e9rale \u00e0 la gare centrale de Hanovre, en Allemagne, le 18\u00a0mai 2015.<\/p>\n<p>AFP<\/p>\n<p>Abonnez-vous d\u00e8s maintenant et profitez de la fonction de lecture audio.<a href=\"https:\/\/bottalk.io\/\" class=\"BottalkPaywall_bottalklink__KDtuf\" target=\"_blank\" rel=\"noreferrer nofollow noopener\">BotTalk<\/a><\/p>\n<p class=\"ArticleParagraph_root__lhFZo ArticleContainer_content-width__FRl7F link_focus__0ZMwx link_externalicon-big__ZdPgo link_externalicon__qcwXs ArticleElement_article-element__q93eL\">La police allemande a annonc\u00e9 mercredi l\u2019interpellation d\u2019un Bosnien et plusieurs perquisitions dans l\u2019ouest de l\u2019Allemagne dans le cadre d\u2019une enqu\u00eate sur le possible financement d\u2019un projet d\u2019attentat \u00abterroriste islamiste\u00bb.<\/p>\n<p class=\"ArticleParagraph_root__lhFZo ArticleContainer_content-width__FRl7F link_focus__0ZMwx link_externalicon-big__ZdPgo link_externalicon__qcwXs ArticleElement_article-element__q93eL\">Le suspect est \u00e2g\u00e9 de 27\u00a0ans et a \u00e9t\u00e9 arr\u00eat\u00e9 lors d\u2019une op\u00e9ration d\u2019une unit\u00e9 sp\u00e9ciale d\u2019intervention de la police allemande (SEK) t\u00f4t dans la matin\u00e9e dans la r\u00e9gion d\u2019Essen et Dortmund, ont indiqu\u00e9 la police et le parquet locaux dans un communiqu\u00e9.<\/p>\n<p class=\"ArticleParagraph_root__lhFZo ArticleContainer_content-width__FRl7F link_focus__0ZMwx link_externalicon-big__ZdPgo link_externalicon__qcwXs ArticleElement_article-element__q93eL\">Ils n\u2019ont pas donn\u00e9 imm\u00e9diatement plus de d\u00e9tails sur le projet d\u2019attentat pr\u00e9sum\u00e9, notamment le lieu o\u00f9 il devait \u00eatre commis ou les modalit\u00e9s envisag\u00e9es, pr\u00e9cisant que l\u2019enqu\u00eate sur ce point \u00e9tait en cours. Selon le quotidien Bild, le suspect a re\u00e7u une formation militaire.<\/p>\n<p>Des soup\u00e7ons d\u2019escroquerie en bande organis\u00e9e<\/p>\n<p class=\"ArticleParagraph_root__lhFZo ArticleContainer_content-width__FRl7F link_focus__0ZMwx link_externalicon-big__ZdPgo link_externalicon__qcwXs ArticleElement_article-element__q93eL\">Plusieurs autres perquisitions ont \u00e9t\u00e9 men\u00e9es dans la r\u00e9gion aux domiciles d\u2019autres personnes, qui sont actuellement consid\u00e9r\u00e9es comme \u00abdes t\u00e9moins\u00bb dans cette affaire.<\/p>\n<p class=\"ArticleParagraph_root__lhFZo ArticleContainer_content-width__FRl7F link_focus__0ZMwx link_externalicon-big__ZdPgo link_externalicon__qcwXs ArticleElement_article-element__q93eL\">L\u2019enqu\u00eate de police a d\u00e9marr\u00e9 pour des soup\u00e7ons d\u2019escroquerie en bande organis\u00e9e et a permis dans un deuxi\u00e8me temps d\u2019identifier que les fonds ainsi r\u00e9colt\u00e9s \u00abdevaient servir \u00e0 financer un attentat terroriste islamiste\u00bb, ajoute le communiqu\u00e9.<\/p>\n<p>Newsletter<\/p>\n<p>\u00abDerni\u00e8res nouvelles\u00bb<\/p>\n<p>Vous voulez rester au top de l\u2019info? \u00abTribune de Gen\u00e8ve\u00bb vous propose deux rendez-vous par jour, directement dans votre bo\u00eete e-mail. Pour ne rien rater de ce qui se passe dans votre canton, en Suisse ou dans le monde.<\/p>\n<p><a class=\"NewsletterBox_more__FNemz link_underlinelink__K5Zr0\" href=\"https:\/\/www.tdg.ch\/nos-newsletters\" rel=\"nofollow noopener\" target=\"_blank\">Autres newsletters<\/a><\/p>\n<p>Se connecter<\/p>\n<p class=\"ArticleContainer_agencies__g6Lpj ArticleContainer_content-width__FRl7F\">AFP<\/p>\n<p class=\"Feedback_root__fr_Mi ArticleContainer_content-width__FRl7F\">Vous avez trouv\u00e9 une erreur?<a href=\"mailto:tes_correction@tamedia.ch?subject=Avis%20d'erreur%20%7C%20Un%20projet%20pr%C3%A9sum%C3%A9%20d%E2%80%99attentat%20islamiste%20d%C3%A9jou%C3%A9&amp;body=J'ai%20trouv%C3%A9%20une%20erreur%20dans%20cet%20article%3A%20https%3A%2F%2Fwww.24heures.ch%2Fun-projet-presume-dattentat-islamiste-dejoue-881270720459\" class=\"Feedback_feedbacklink__VyDCi link_underlinelink__K5Zr0\">Merci de nous la signaler.<\/a><\/p>\n<p>0 commentaires<\/p>\n","protected":false},"excerpt":{"rendered":"Allemagne \u2013 Un projet pr\u00e9sum\u00e9 d\u2019attentat islamiste d\u00e9jou\u00e9 La police allemande a dit mercredi avoir d\u00e9jou\u00e9 un projet&hellip;\n","protected":false},"author":2,"featured_media":236760,"comment_status":"","ping_status":"","sticky":false,"template":"","format":"standard","meta":{"footnotes":""},"categories":[1587],"tags":[11,672,1804,1805,1803,1777,674,1801,12,1802],"class_list":{"0":"post-236759","1":"post","2":"type-post","3":"status-publish","4":"format-standard","5":"has-post-thumbnail","7":"category-allemagne","8":"tag-actualites","9":"tag-allemagne","10":"tag-bundesrepublik-deutschland","11":"tag-de","12":"tag-deutschland","13":"tag-eu","14":"tag-europe","15":"tag-germany","16":"tag-news","17":"tag-republique-federale-dallemagne"},"share_on_mastodon":{"url":"https:\/\/pubeurope.com\/@fr\/114821415974525060","error":""},"_links":{"self":[{"href":"https:\/\/www.europesays.com\/fr\/wp-json\/wp\/v2\/posts\/236759","targetHints":{"allow":["GET"]}}],"collection":[{"href":"https:\/\/www.europesays.com\/fr\/wp-json\/wp\/v2\/posts"}],"about":[{"href":"https:\/\/www.europesays.com\/fr\/wp-json\/wp\/v2\/types\/post"}],"author":[{"embeddable":true,"href":"https:\/\/www.europesays.com\/fr\/wp-json\/wp\/v2\/users\/2"}],"replies":[{"embeddable":true,"href":"https:\/\/www.europesays.com\/fr\/wp-json\/wp\/v2\/comments?post=236759"}],"version-history":[{"count":0,"href":"https:\/\/www.europesays.com\/fr\/wp-json\/wp\/v2\/posts\/236759\/revisions"}],"wp:featuredmedia":[{"embeddable":true,"href":"https:\/\/www.europesays.com\/fr\/wp-json\/wp\/v2\/media\/236760"}],"wp:attachment":[{"href":"https:\/\/www.europesays.com\/fr\/wp-json\/wp\/v2\/media?parent=236759"}],"wp:term":[{"taxonomy":"category","embeddable":true,"href":"https:\/\/www.europesays.com\/fr\/wp-json\/wp\/v2\/categories?post=236759"},{"taxonomy":"post_tag","embeddable":true,"href":"https:\/\/www.europesays.com\/fr\/wp-json\/wp\/v2\/tags?post=236759"}],"curies":[{"name":"wp","href":"https:\/\/api.w.org\/{rel}","templated":true}]}}