{"id":236761,"date":"2025-07-09T04:35:11","date_gmt":"2025-07-09T04:35:11","guid":{"rendered":"https:\/\/www.europesays.com\/fr\/236761\/"},"modified":"2025-07-09T04:35:11","modified_gmt":"2025-07-09T04:35:11","slug":"la-vague-de-chaleur-qui-a-touche-leurope-a-cause-2-300-deces-09-07-2025-a-0617","status":"publish","type":"post","link":"https:\/\/www.europesays.com\/fr\/236761\/","title":{"rendered":"La vague de chaleur qui a touch\u00e9 l&rsquo;Europe a caus\u00e9 2.300 d\u00e9c\u00e8s &#8211; 09\/07\/2025 \u00e0 06:17"},"content":{"rendered":"<p>\n par Alison Withers et Kate Abnett\n<\/p>\n<p>\n Quelque<br \/>\n2.300 personnes sont mortes dans 12 villes europ\u00e9ennes en raison<br \/>\nde la vague de chaleur qui a touch\u00e9 une grande partie de<br \/>\nl&rsquo;Europe, montre une \u00e9tude scientifique publi\u00e9e mercredi.\n<\/p>\n<p>\n L&rsquo;\u00e9tude a port\u00e9 sur les dix jours, se terminant le 2<br \/>\njuillet, lors desquels une grande partie de l&rsquo;Europe a \u00e9t\u00e9 en<br \/>\nproie \u00e0 des temp\u00e9ratures extr\u00eames.\n<\/p>\n<p>\n Sur les 2.300 d\u00e9c\u00e8s recens\u00e9s dans l&rsquo;\u00e9tude au cours de cette<br \/>\np\u00e9riode, 1.500 sont li\u00e9s au changement climatique, selon<br \/>\nl&rsquo;analyse effectu\u00e9e par des scientifiques de l&rsquo;Imperial College<br \/>\nLondon et de la London School of Hygiene and Tropical Medicine.\n<\/p>\n<p>\n \u00ab\u00a0Le changement climatique a rendu les temp\u00e9ratures nettement<br \/>\nplus \u00e9lev\u00e9es qu&rsquo;elles ne l&rsquo;auraient \u00e9t\u00e9, ce qui les a rendues<br \/>\nbeaucoup plus dangereuses\u00a0\u00bb, a d\u00e9clar\u00e9 le Dr Ben Clarke,<br \/>\nchercheur \u00e0 l&rsquo;Imperial College London.\n<\/p>\n<p>\n L&rsquo;\u00e9tude a port\u00e9 sur 12 villes europ\u00e9ennes, dont Barcelone,<br \/>\nMadrid, Londres et Milan, o\u00f9, selon les chercheurs, le<br \/>\nchangement climatique a entra\u00een\u00e9 une augmentation des<br \/>\ntemp\u00e9ratures caniculaires pouvant aller jusqu&rsquo;\u00e0 4 degr\u00e9s<br \/>\nCelsius.\n<\/p>\n<p>\n Les temp\u00e9ratures ont d\u00e9pass\u00e9 les 40 degr\u00e9s Celsius en<br \/>\nEspagne durant la p\u00e9riode sur laquelle porte l&rsquo;\u00e9tude.\n<\/p>\n<p>\n Les scientifiques ont indiqu\u00e9 qu&rsquo;ils avaient utilis\u00e9 des<br \/>\nm\u00e9thodes \u00e9valu\u00e9es par des pairs pour produire rapidement<br \/>\nl&rsquo;estimation du nombre de d\u00e9c\u00e8s, car la plupart des d\u00e9c\u00e8s li\u00e9s \u00e0<br \/>\nla chaleur ne sont pas officiellement d\u00e9clar\u00e9s et certains<br \/>\ngouvernements ne publient pas ces donn\u00e9es.\n<\/p>\n<p>\n Le mois dernier a \u00e9t\u00e9 le troisi\u00e8me mois de juin le plus<br \/>\nchaud jamais enregistr\u00e9 sur la plan\u00e8te, a indiqu\u00e9 mercredi le<br \/>\nservice Copernicus sur le changement climatique (C3S) de l&rsquo;Union<br \/>\neurop\u00e9enne (UE).\n<\/p>\n<p>\n L&rsquo;Europe occidentale a connu le mois de juin le plus chaud<br \/>\njamais enregistr\u00e9, une grande partie de la r\u00e9gion subissant un<br \/>\n\u00ab\u00a0stress thermique tr\u00e8s important\u00a0\u00bb, d\u00e9fini par des conditions qui<br \/>\ncorrespondent \u00e0 une temp\u00e9rature de 38 degr\u00e9s Celsius ou plus,<br \/>\nselon Copernicus.\n<\/p>\n<p>\n \u00ab\u00a0Dans un monde qui se r\u00e9chauffe, les vagues de chaleur<br \/>\nrisquent de devenir plus fr\u00e9quentes, plus intenses et d&rsquo;affecter<br \/>\ndavantage de personnes en Europe\u00a0\u00bb, a d\u00e9clar\u00e9 Samantha Burgess,<br \/>\nresponsable strat\u00e9gique pour le climat au C3S.\n<\/p>\n<p>\n (version fran\u00e7aise Camille Raynaud)<\/p>\n","protected":false},"excerpt":{"rendered":"par Alison Withers et Kate Abnett Quelque 2.300 personnes sont mortes dans 12 villes europ\u00e9ennes en raison de&hellip;\n","protected":false},"author":2,"featured_media":2486,"comment_status":"","ping_status":"","sticky":false,"template":"","format":"standard","meta":{"footnotes":""},"categories":[1586],"tags":[400,11,398,408,405,1777,674,1011,27,403,402,399,404,12,25,401,406,407],"class_list":{"0":"post-236761","1":"post","2":"type-post","3":"status-publish","4":"format-standard","5":"has-post-thumbnail","7":"category-europe","8":"tag-action-cac-40","9":"tag-actualites","10":"tag-bourse-de-paris","11":"tag-boursorama","12":"tag-cotations","13":"tag-eu","14":"tag-europe","15":"tag-fr","16":"tag-france","17":"tag-indices-devises","18":"tag-investir","19":"tag-investissement","20":"tag-marche-boursier","21":"tag-news","22":"tag-republique-francaise","23":"tag-sicav","24":"tag-trackers","25":"tag-warrants"},"share_on_mastodon":{"url":"https:\/\/pubeurope.com\/@fr\/114821419887888170","error":""},"_links":{"self":[{"href":"https:\/\/www.europesays.com\/fr\/wp-json\/wp\/v2\/posts\/236761","targetHints":{"allow":["GET"]}}],"collection":[{"href":"https:\/\/www.europesays.com\/fr\/wp-json\/wp\/v2\/posts"}],"about":[{"href":"https:\/\/www.europesays.com\/fr\/wp-json\/wp\/v2\/types\/post"}],"author":[{"embeddable":true,"href":"https:\/\/www.europesays.com\/fr\/wp-json\/wp\/v2\/users\/2"}],"replies":[{"embeddable":true,"href":"https:\/\/www.europesays.com\/fr\/wp-json\/wp\/v2\/comments?post=236761"}],"version-history":[{"count":0,"href":"https:\/\/www.europesays.com\/fr\/wp-json\/wp\/v2\/posts\/236761\/revisions"}],"wp:featuredmedia":[{"embeddable":true,"href":"https:\/\/www.europesays.com\/fr\/wp-json\/wp\/v2\/media\/2486"}],"wp:attachment":[{"href":"https:\/\/www.europesays.com\/fr\/wp-json\/wp\/v2\/media?parent=236761"}],"wp:term":[{"taxonomy":"category","embeddable":true,"href":"https:\/\/www.europesays.com\/fr\/wp-json\/wp\/v2\/categories?post=236761"},{"taxonomy":"post_tag","embeddable":true,"href":"https:\/\/www.europesays.com\/fr\/wp-json\/wp\/v2\/tags?post=236761"}],"curies":[{"name":"wp","href":"https:\/\/api.w.org\/{rel}","templated":true}]}}