{"id":236764,"date":"2025-07-09T04:37:11","date_gmt":"2025-07-09T04:37:11","guid":{"rendered":"https:\/\/www.europesays.com\/fr\/236764\/"},"modified":"2025-07-09T04:37:11","modified_gmt":"2025-07-09T04:37:11","slug":"les-deputes-votent-une-augmentation-de-lindemnite-des-elus-locaux","status":"publish","type":"post","link":"https:\/\/www.europesays.com\/fr\/236764\/","title":{"rendered":"Les d\u00e9put\u00e9s votent une augmentation de l\u2019indemnit\u00e9 des \u00e9lus locaux"},"content":{"rendered":"<p>                          <img loading=\"lazy\" decoding=\"async\" src=\"https:\/\/www.europesays.com\/fr\/wp-content\/uploads\/2025\/07\/f3b15f3_ftp-import-images-1-kaojn3amcwyb-5362908-01-06.jpg\" alt=\"Ministres assistant \u00e0 une s\u00e9ance de questions au gouvernement \u00e0 l\u2019Assembl\u00e9e nationale, \u00e0 Paris, le 8\u00a0juillet 2025.\"   width=\"664\" height=\"443\"\/>    Ministres assistant \u00e0 une s\u00e9ance de questions au gouvernement \u00e0 l\u2019Assembl\u00e9e nationale, \u00e0 Paris, le 8\u00a0juillet 2025.  GUILLAUME BAPTISTE \/ AFP                   <\/p>\n<p class=\"article__paragraph  \">A l\u2019Assembl\u00e9e nationale, les d\u00e9put\u00e9s ont de nouveau bataill\u00e9 mardi 8\u00a0juillet dans la soir\u00e9e sur la question de la r\u00e9mun\u00e9ration des \u00e9lus, et approuv\u00e9 une augmentation d\u00e9gressive des indemnit\u00e9s des maires adjoints pour les villes de moins de 20\u00a0000 habitants, dans le cadre de l\u2019examen d\u2019un texte sur le statut de l\u2019\u00e9lu.<\/p>\n<p class=\"article__paragraph  \">Les d\u00e9put\u00e9s ont approuv\u00e9 un amendement du gouvernement, l\u00e9g\u00e8rement modifi\u00e9 par la commission des lois, qui pr\u00e9voit une augmentation d\u00e9gressive en fonction de la taille des communes, de 10 \u00e0 4\u00a0%. La mesure permet de revaloriser avant tout les \u00e9lus des petites collectivit\u00e9s. La proposition de loi d\u2019origine s\u00e9natoriale devrait \u00eatre approuv\u00e9e dans son ensemble en premi\u00e8re lecture jeudi ou vendredi.<\/p>\n<p class=\"article__paragraph  \">Lundi, les d\u00e9put\u00e9s avaient approuv\u00e9 dans la confusion un amendement augmentant les indemnit\u00e9s des maires de mani\u00e8re d\u00e9gressive, d\u2019un peu moins de 8\u00a0% pour les communes de moins de 500\u00a0habitants, \u00e0 environ 1,4\u00a0% pour les communes de plus de 100\u00a0000\u00a0habitants. Le ministre de l\u2019am\u00e9nagement du territoire et de la d\u00e9centralisation, Fran\u00e7ois Rebsamen, a exprim\u00e9 le souhait que les deux mesures soient harmonis\u00e9es, ce qui pourrait donner lieu \u00e0 un second vote sur la r\u00e9mun\u00e9ration des maires.<\/p>\n<p>                                Lire aussi |  Article r\u00e9serv\u00e9 \u00e0 nos abonn\u00e9s  <a href=\"https:\/\/www.lemonde.fr\/politique\/article\/2025\/07\/08\/l-assemblee-nationale-se-saisit-du-statut-de-l-elu-pour-repondre-au-malaise-des-maires_6619827_823448.html\" class=\"js-article-read-also catcher--favoris__link\" data-premium=\"1\" id=\"article-title-3430466\" target=\"_blank\" rel=\"noopener\">L\u2019Assembl\u00e9e nationale se saisit du statut de l\u2019\u00e9lu pour r\u00e9pondre au malaise des maires<\/a>    <\/p>\n<p>   Lire plus tard  <\/p>\n<p>                   \u00ab\u00a0Compl\u00e8tement hors-sol\u00a0\u00bb             <\/p>\n<p class=\"article__paragraph  \">Le texte dans sa version s\u00e9natoriale proposait une augmentation uniforme de 10\u00a0% pour toutes les communes. Mais le gouvernement, \u00e0 l\u2019unisson de la majorit\u00e9 des parlementaires, a souhait\u00e9 concentrer la hausse sur les plus petites communes, dans un souci d\u2019\u00e9conomies. Quelques rares voix se sont \u00e9lev\u00e9es contre cette hausse, la d\u00e9put\u00e9e Horizons Marie-Agn\u00e8s Poussier-Winsback jugeant par exemple les d\u00e9bats \u00ab\u00a0compl\u00e8tement hors-sol\u00a0\u00bb, alors que le gouvernement est \u00e0 la recherche de 40\u00a0milliards d\u2019\u00e9conomies.<\/p>\n<p class=\"article__paragraph  \">Les d\u00e9put\u00e9s ont par ailleurs approuv\u00e9 contre l\u2019avis du gouvernement un article qui vise \u00e0 octroyer un trimestre de retraite par mandat aux \u00e9lus locaux, dans la limite de huit. La ministre du travail Astrid Panosyan-Bouvet a d\u00e9nonc\u00e9 une mesure \u00ab\u00a0exorbitante du droit commun\u00a0\u00bb, consistant \u00e0 attribuer des \u00ab\u00a0trimestres de retraite (\u2026) sans contrepartie de financement\u00a0\u00bb et en cr\u00e9ant \u00ab\u00a0une nouvelle charge qui aggrave le d\u00e9ficit de notre syst\u00e8me de retraite de plus de 45\u00a0millions d\u2019euros par an\u00a0\u00bb.<\/p>\n<p class=\"article__paragraph  \">La d\u00e9put\u00e9e Renaissance Violette Spillbout a au contraire d\u00e9fendu la mesure, inspir\u00e9e d\u2019un avantage accord\u00e9e aux sapeurs-pompiers en\u00a02023, et r\u00e9clam\u00e9e par des associations d\u2019\u00e9lus, parce que beaucoup d\u2019entre eux \u00ab\u00a0doivent se mettre \u00e0 temps tr\u00e8s partiel, voient parfois (\u2026) leur carri\u00e8re reculer, les promotions reculer, parce qu\u2019ils ne s\u2019engagent pas de la m\u00eame fa\u00e7on dans la vie professionnelle et qu\u2019ils consacrent beaucoup de temps \u00e0 leur mandat d\u2019\u00e9lu\u00a0\u00bb.<\/p>\n<p>                                Lire aussi l\u2019entretien (2024) |  Article r\u00e9serv\u00e9 \u00e0 nos abonn\u00e9s  <a href=\"https:\/\/www.lemonde.fr\/politique\/article\/2024\/11\/20\/martial-foucault-les-maires-disent-souffrir-d-un-manque-de-reconnaissance-de-la-part-de-l-etat_6404689_823448.html\" class=\"js-article-read-also catcher--favoris__link\" data-premium=\"1\" id=\"article-title-3398493\" target=\"_blank\" rel=\"noopener\">Martial\u00a0Foucault, politiste\u00a0: \u00ab\u00a0Les maires disent souffrir d\u2019un manque de reconnaissance de la part de l\u2019Etat\u00a0\u00bb<\/a>    <\/p>\n<p>   Lire plus tard  <\/p>\n<p class=\"author__detail\">  Le Monde avec AFP  <\/p>\n<p>                  <a href=\"https:\/\/www.lemonde.fr\/syndication\/\" class=\"reuse__content\" title=\"R\u00e9utiliser ce contenu\" target=\"_blank\" rel=\"noopener\">R\u00e9utiliser ce contenu<\/a>      <\/p>\n","protected":false},"excerpt":{"rendered":"Ministres assistant \u00e0 une s\u00e9ance de questions au gouvernement \u00e0 l\u2019Assembl\u00e9e nationale, \u00e0 Paris, le 8\u00a0juillet 2025. GUILLAUME&hellip;\n","protected":false},"author":2,"featured_media":236765,"comment_status":"","ping_status":"","sticky":false,"template":"","format":"standard","meta":{"footnotes":""},"categories":[2],"tags":[11,1011,27,12,25],"class_list":{"0":"post-236764","1":"post","2":"type-post","3":"status-publish","4":"format-standard","5":"has-post-thumbnail","7":"category-actualites","8":"tag-actualites","9":"tag-fr","10":"tag-france","11":"tag-news","12":"tag-republique-francaise"},"share_on_mastodon":{"url":"https:\/\/pubeurope.com\/@fr\/114821427695591528","error":""},"_links":{"self":[{"href":"https:\/\/www.europesays.com\/fr\/wp-json\/wp\/v2\/posts\/236764","targetHints":{"allow":["GET"]}}],"collection":[{"href":"https:\/\/www.europesays.com\/fr\/wp-json\/wp\/v2\/posts"}],"about":[{"href":"https:\/\/www.europesays.com\/fr\/wp-json\/wp\/v2\/types\/post"}],"author":[{"embeddable":true,"href":"https:\/\/www.europesays.com\/fr\/wp-json\/wp\/v2\/users\/2"}],"replies":[{"embeddable":true,"href":"https:\/\/www.europesays.com\/fr\/wp-json\/wp\/v2\/comments?post=236764"}],"version-history":[{"count":0,"href":"https:\/\/www.europesays.com\/fr\/wp-json\/wp\/v2\/posts\/236764\/revisions"}],"wp:featuredmedia":[{"embeddable":true,"href":"https:\/\/www.europesays.com\/fr\/wp-json\/wp\/v2\/media\/236765"}],"wp:attachment":[{"href":"https:\/\/www.europesays.com\/fr\/wp-json\/wp\/v2\/media?parent=236764"}],"wp:term":[{"taxonomy":"category","embeddable":true,"href":"https:\/\/www.europesays.com\/fr\/wp-json\/wp\/v2\/categories?post=236764"},{"taxonomy":"post_tag","embeddable":true,"href":"https:\/\/www.europesays.com\/fr\/wp-json\/wp\/v2\/tags?post=236764"}],"curies":[{"name":"wp","href":"https:\/\/api.w.org\/{rel}","templated":true}]}}