{"id":236769,"date":"2025-07-09T04:42:16","date_gmt":"2025-07-09T04:42:16","guid":{"rendered":"https:\/\/www.europesays.com\/fr\/236769\/"},"modified":"2025-07-09T04:42:16","modified_gmt":"2025-07-09T04:42:16","slug":"super-xiii-un-ailier-de-super-xiii-arrive-en-renfort-chez-les-baroudeurs-rugby-a-xiii","status":"publish","type":"post","link":"https:\/\/www.europesays.com\/fr\/236769\/","title":{"rendered":"Super XIII &#8211; Un ailier de Super XIII arrive en renfort chez les Baroudeurs &#8211; Rugby \u00e0 XIII"},"content":{"rendered":"<p style=\"text-align: justify;\"><strong>Comme L\u00e9o Llong annonc\u00e9 quelques heures avant, Kylian Benavent rejoint le XIII Baroudeur de Pia et des anciennes connaissances. <\/strong><\/p>\n<p style=\"text-align: justify;\">Les Pianencs se blindent pour la saison 2025-2026. Le mercato avance et se poursuit \u00e0 mesure qu\u2019avance le mois de juillet. Et sous le soleil de feu qui ne l\u00e2che pas son pressing sur le sud de la France, dans l\u2019ombre des trav\u00e9es du Stade Daniel-Ambert, on s\u2019affaire \u00e0 pr\u00e9parer la rentr\u00e9e.<\/p>\n<p style=\"text-align: justify;\">Comme de nombreux joueurs avant lui, Kylian Benavent rejoint le XIII Baroudeur de Pia apr\u00e8s avoir \u00e9volu\u00e9 5 saisons dans les rangs de la r\u00e9serve des Dragons Catalans. Dans l\u2019effectif salanquais, l\u2019ailier de 21 ans retrouvera de nombreux visages familiers. Celui de Lenny Chachoua, de L\u00e9o Laurent, de Maxime Jobe ou de L\u00e9o Llong, fraichement d\u00e9barqu\u00e9 lui aussi \u00e0 Pia.<\/p>\n<p>Une p\u00e9pite, produit de la formation catalane<\/p>\n<p style=\"text-align: justify;\">Form\u00e9 chez nos voisins du rugby \u00e0 XV, Kylian Benavent choisi de sauter le pas en cadet. Il rejoint les Geckos de Baho avant de s\u2019engager dans la ville voisine en juniors, chez les champions de France en titre de l\u2019\u00e9poque, Saint-Est\u00e8ve XIII Catalan. Apr\u00e8s 3 ann\u00e9es de juniors couronn\u00e9es de succ\u00e8s et de titre, l\u2019ailier supersonique goute aux joies du Super XIII en 2023-2024.<\/p>\n<p style=\"text-align: justify;\">Cette saison, c\u2019est sous les couleurs d\u2019Ille, en Elite 2, que Kylian Benavent a le plus brill\u00e9. Avec la r\u00e9serve de Saint-Est\u00e8ve XIII Catalan, le jeune ailier, parmi les plus rapides de son championnat, a men\u00e9 ses co\u00e9quipiers vers une demi-finale d\u2019Elite 2. Joueur rapide, agile et extr\u00eamement dangereux dans son couloir comme proche des lignes, il sera un atout de poids pour les lignes arri\u00e8res des Baroudeurs cette saison.<\/p>\n<blockquote class=\"instagram-media\" data-instgrm-captioned=\"\" data-instgrm-permalink=\"https:\/\/www.instagram.com\/reel\/DLxmBYzImNy\/?utm_source=ig_embed&amp;utm_campaign=loading\" data-instgrm-version=\"14\" style=\" background:#FFF; border:0; border-radius:3px; box-shadow:0 0 1px 0 rgba(0,0,0,0.5),0 1px 10px 0 rgba(0,0,0,0.15); margin: 1px; max-width:500px; min-width:326px; padding:0; width:99.375%; width:-webkit-calc(100% - 2px); width:calc(100% - 2px);\">\n<\/blockquote>\n<p>        <script async src=\"\/\/www.instagram.com\/embed.js\"><\/script><\/p>\n","protected":false},"excerpt":{"rendered":"Comme L\u00e9o Llong annonc\u00e9 quelques heures avant, Kylian Benavent rejoint le XIII Baroudeur de Pia et des anciennes&hellip;\n","protected":false},"author":2,"featured_media":236770,"comment_status":"","ping_status":"","sticky":false,"template":"","format":"standard","meta":{"footnotes":""},"categories":[1416],"tags":[1011,27,37584,16661,479,2228,1468,2229,60,2231],"class_list":{"0":"post-236769","1":"post","2":"type-post","3":"status-publish","4":"format-standard","5":"has-post-thumbnail","7":"category-rugby","8":"tag-fr","9":"tag-france","10":"tag-kylian-benavent","11":"tag-pia","12":"tag-rugby","13":"tag-rugby-a-xiii","14":"tag-rugby-football","15":"tag-rugby-league","16":"tag-sports","17":"tag-super-xiii"},"share_on_mastodon":{"url":"https:\/\/pubeurope.com\/@fr\/114821447536726789","error":""},"_links":{"self":[{"href":"https:\/\/www.europesays.com\/fr\/wp-json\/wp\/v2\/posts\/236769","targetHints":{"allow":["GET"]}}],"collection":[{"href":"https:\/\/www.europesays.com\/fr\/wp-json\/wp\/v2\/posts"}],"about":[{"href":"https:\/\/www.europesays.com\/fr\/wp-json\/wp\/v2\/types\/post"}],"author":[{"embeddable":true,"href":"https:\/\/www.europesays.com\/fr\/wp-json\/wp\/v2\/users\/2"}],"replies":[{"embeddable":true,"href":"https:\/\/www.europesays.com\/fr\/wp-json\/wp\/v2\/comments?post=236769"}],"version-history":[{"count":0,"href":"https:\/\/www.europesays.com\/fr\/wp-json\/wp\/v2\/posts\/236769\/revisions"}],"wp:featuredmedia":[{"embeddable":true,"href":"https:\/\/www.europesays.com\/fr\/wp-json\/wp\/v2\/media\/236770"}],"wp:attachment":[{"href":"https:\/\/www.europesays.com\/fr\/wp-json\/wp\/v2\/media?parent=236769"}],"wp:term":[{"taxonomy":"category","embeddable":true,"href":"https:\/\/www.europesays.com\/fr\/wp-json\/wp\/v2\/categories?post=236769"},{"taxonomy":"post_tag","embeddable":true,"href":"https:\/\/www.europesays.com\/fr\/wp-json\/wp\/v2\/tags?post=236769"}],"curies":[{"name":"wp","href":"https:\/\/api.w.org\/{rel}","templated":true}]}}