{"id":236774,"date":"2025-07-09T04:46:09","date_gmt":"2025-07-09T04:46:09","guid":{"rendered":"https:\/\/www.europesays.com\/fr\/236774\/"},"modified":"2025-07-09T04:46:09","modified_gmt":"2025-07-09T04:46:09","slug":"f1-scandale-a-silverstone-3-youtubeurs-emprisonnes-pour-degradation-dune-monoplace","status":"publish","type":"post","link":"https:\/\/www.europesays.com\/fr\/236774\/","title":{"rendered":"F1 Scandale \u00e0 Silverstone, 3 Youtubeurs emprisonn\u00e9s pour d\u00e9gradation d&rsquo;une monoplace !"},"content":{"rendered":"<p>L\u2019affaire est quelque peu trouble, avec pas mal de zones d\u2019ombre. Le week-end dernier \u00e0 Silverstone, en amont du Grand-Prix F1, trois Youtubeurs ont \u00e9t\u00e9 arr\u00eat\u00e9s par les services de Police. Les trois influenceurs en question auraient d\u00e9grad\u00e9 une monoplace de F1 d\u2019ancienne g\u00e9n\u00e9ration, une Racing Point en l\u2019occurrence. Accusations d\u00e9menties par les trois personnes, nomm\u00e9es AngryGinge, Chazza et SamHam.<\/p>\n<p>F1 : Emprisonn\u00e9s puis rel\u00e2ch\u00e9s<\/p>\n<p>Pourtant les accus\u00e9s auraient \u00e9t\u00e9 retenus une quinzaine d\u2019heures, selon l\u2019un des protagonistes, avant d\u2019\u00eatre rel\u00e2ch\u00e9s.<\/p>\n<p>\u00ab Le vendredi 4 juillet, la police du Northamptonshire a re\u00e7u un rapport selon lequel une voiture de Formule 1 classique expos\u00e9e sur le circuit de Silverstone lors du Grand Prix de Grande-Bretagne avait subi plusieurs milliers de livres sterling de dommages, qui auraient \u00e9t\u00e9 caus\u00e9s par quelqu\u2019un acc\u00e9dant au stand d\u2019exposition et grimpant dans le v\u00e9hicule. Les agents ont men\u00e9 des enqu\u00eates initiales et des suspects ont \u00e9t\u00e9 identifi\u00e9s. Trois hommes, \u00e2g\u00e9s de 23, 25 et 27 ans, ont \u00e9t\u00e9 arr\u00eat\u00e9s parce qu\u2019ils \u00e9taient soup\u00e7onn\u00e9s d\u2019avoir caus\u00e9 des dommages criminels \u00e0 un v\u00e9hicule et plac\u00e9s en garde \u00e0 vue. \u00c0 la suite d\u2019une enqu\u00eate approfondie sur les circonstances de l\u2019incident, les trois hommes ont \u00e9t\u00e9 lib\u00e9r\u00e9s sans qu\u2019aucune mesure ne soit prise. \u00bb, pouvions-nous lire dans un communiqu\u00e9 publi\u00e9 par un porte-parole de la police du Northamptonshire.<\/p>\n<p>A priori, donc, le ou les coupables n\u2019ont pas \u00e9t\u00e9 identifi\u00e9s par la Police. Les d\u00e9g\u00e2ts s\u2019\u00e9l\u00e8veraient \u00e0 plusieurs milliers de livres sterling, suite au vandalisme constat\u00e9 le week-end dernier, \u00e0 <a href=\"https:\/\/lemagsportauto.ouest-france.fr\/tag\/silverstone\/\" target=\"_blank\" rel=\"noopener nofollow\">Silverstone<\/a>.<\/p>\n<blockquote class=\"twitter-tweet\">\n<p dir=\"ltr\" lang=\"en\">The British Grand Prix didn\u2019t go to plan\u2026 but could Red Bull\u2019s new floor see them return to form with minor tweaks? \ud83d\udc68\u200d\ud83d\udd27<a href=\"https:\/\/twitter.com\/hashtag\/F1?src=hash&amp;ref_src=twsrc%5Etfw\" target=\"_blank\" rel=\"noopener nofollow\">#F1<\/a> <a href=\"https:\/\/twitter.com\/hashtag\/BritishGP?src=hash&amp;ref_src=twsrc%5Etfw\" target=\"_blank\" rel=\"noopener nofollow\">#BritishGP<\/a> <a href=\"https:\/\/t.co\/duPvtvzlNg\" target=\"_blank\" rel=\"nofollow\">https:\/\/t.co\/duPvtvzlNg<\/a><\/p>\n<p>\u2014 Formula 1 (@F1) <a href=\"https:\/\/twitter.com\/F1\/status\/1942614151190437962?ref_src=twsrc%5Etfw\" target=\"_blank\" rel=\"noopener nofollow\">July 8, 2025<\/a><\/p>\n<\/blockquote>\n<p>Article publi\u00e9 le 09\/07\/2025 \u00e0 6h10<\/p>\n<p>                                                            <script async src=\"https:\/\/platform.twitter.com\/widgets.js\" charset=\"utf-8\"><\/script><\/p>\n","protected":false},"excerpt":{"rendered":"L\u2019affaire est quelque peu trouble, avec pas mal de zones d\u2019ombre. Le week-end dernier \u00e0 Silverstone, en amont&hellip;\n","protected":false},"author":2,"featured_media":236775,"comment_status":"","ping_status":"","sticky":false,"template":"","format":"standard","meta":{"footnotes":""},"categories":[1412],"tags":[1451,1452,1453,1454,1455,1011,27,23125,60],"class_list":{"0":"post-236774","1":"post","2":"type-post","3":"status-publish","4":"format-standard","5":"has-post-thumbnail","7":"category-f1","8":"tag-f1","9":"tag-formula-1","10":"tag-formula1","11":"tag-formule-1","12":"tag-formule1","13":"tag-fr","14":"tag-france","15":"tag-silverstone","16":"tag-sports"},"share_on_mastodon":{"url":"https:\/\/pubeurope.com\/@fr\/114821463491834251","error":""},"_links":{"self":[{"href":"https:\/\/www.europesays.com\/fr\/wp-json\/wp\/v2\/posts\/236774","targetHints":{"allow":["GET"]}}],"collection":[{"href":"https:\/\/www.europesays.com\/fr\/wp-json\/wp\/v2\/posts"}],"about":[{"href":"https:\/\/www.europesays.com\/fr\/wp-json\/wp\/v2\/types\/post"}],"author":[{"embeddable":true,"href":"https:\/\/www.europesays.com\/fr\/wp-json\/wp\/v2\/users\/2"}],"replies":[{"embeddable":true,"href":"https:\/\/www.europesays.com\/fr\/wp-json\/wp\/v2\/comments?post=236774"}],"version-history":[{"count":0,"href":"https:\/\/www.europesays.com\/fr\/wp-json\/wp\/v2\/posts\/236774\/revisions"}],"wp:featuredmedia":[{"embeddable":true,"href":"https:\/\/www.europesays.com\/fr\/wp-json\/wp\/v2\/media\/236775"}],"wp:attachment":[{"href":"https:\/\/www.europesays.com\/fr\/wp-json\/wp\/v2\/media?parent=236774"}],"wp:term":[{"taxonomy":"category","embeddable":true,"href":"https:\/\/www.europesays.com\/fr\/wp-json\/wp\/v2\/categories?post=236774"},{"taxonomy":"post_tag","embeddable":true,"href":"https:\/\/www.europesays.com\/fr\/wp-json\/wp\/v2\/tags?post=236774"}],"curies":[{"name":"wp","href":"https:\/\/api.w.org\/{rel}","templated":true}]}}