{"id":236781,"date":"2025-07-09T04:50:10","date_gmt":"2025-07-09T04:50:10","guid":{"rendered":"https:\/\/www.europesays.com\/fr\/236781\/"},"modified":"2025-07-09T04:50:10","modified_gmt":"2025-07-09T04:50:10","slug":"a-douarnenez-vonnick-caroff-accroche-une-annee-de-pensees-visibles-dans-son-atelier","status":"publish","type":"post","link":"https:\/\/www.europesays.com\/fr\/236781\/","title":{"rendered":"\u00c0 Douarnenez, Vonnick Caroff accroche une ann\u00e9e de pens\u00e9es visibles dans son atelier"},"content":{"rendered":"<p>\u00c0 partir du vendredi 11 juillet, Vonnick Caroff ouvre les portes du rez-de-chauss\u00e9e de sa maison atelier, rue Cou\u00ebdic \u00e0 Douarnenez. Accroch\u00e9s aux murs, des toiles peintes et de grands papiers, choisis \u00ab\u00a0pour plus de libert\u00e9s\u00a0\u00bb, confie-t-elle. \u00ab\u00a0J\u2019expose ici parce que c\u2019est chez moi\u00a0\u00bb, livre Vonnick Caroff. \u00ab\u00a0Il y a un c\u00f4t\u00e9 th\u00e9\u00e2tre dans une exposition, et moi, j\u2019ai besoin des coulisses. Les coulisses, c\u2019est mon atelier. J\u2019expose dans la galerie, en bas, et je me r\u00e9fugie, me change, respire, inspire dans les coulisses\u00a0\u00bb poursuit-elle. Vonnick Caroff est en recherche permanente. Rien de ce qu\u2019elle dessine ne se r\u00e9duit \u00e0 l\u2019image de ce qu\u2019elle voit.<\/p>\n<p>Sensible aux questions qui entourent l\u2019objet visible<\/p>\n<p>\u00ab\u00a0Peut-\u00eatre que cette ann\u00e9e, on retrouve une \u00e9vocation de la nature, mais en r\u00e9alit\u00e9, je suis surtout sensible aux questions qui entourent l\u2019objet visible. Par exemple, l\u2019arbre, est un vivant qui pose beaucoup de questions\u00a0\u00bb, pr\u00e9cise-t-elle. Parmi les \u0153uvres expos\u00e9es, un immense arbre en contre-plong\u00e9e attirera sans doute les regards. Une pi\u00e8ce in\u00e9dite, comme l\u2019ensemble des travaux visibles ici puisque personne n\u2019a encore vu les \u0153uvres 2024-2025 de Vonnick Caroff. Que dit cet arbre\u00a0? \u00ab\u00a0La lumi\u00e8re traverse l\u2019arbre, et que fait-on\u00a0? On l\u00e8ve le nez vers le ciel\u00a0\u00bb, partage l\u2019artiste. Un geste simple, presque instinctif, que l\u2019artiste invite le spectateur \u00e0 accomplir, et qui r\u00e9sume bien son \u00e9lan cr\u00e9atif. L\u2019arbre n\u2019est pas seulement motif, il est posture, question, \u00e9lan int\u00e9rieur. \u00c0 partir du vendredi 11 juillet et jusqu\u2019au 31 ao\u00fbt, la galerie situ\u00e9e au 19, rue du Cou\u00ebdic sera ouverte du vendredi au dimanche, de 15\u00a0h \u00e0 19\u00a0h. La porte sera le plus souvent ouverte, ou il suffira de la pousser pour entrer.<\/p>\n<p><b>Pratique<\/b><\/p>\n<p class=\"note\">Exposition libre et gratuite. Plus d\u2019infos sur le site\u00a0: https:\/\/www.vonnickcaroff.fr\/<\/p>\n","protected":false},"excerpt":{"rendered":"\u00c0 partir du vendredi 11 juillet, Vonnick Caroff ouvre les portes du rez-de-chauss\u00e9e de sa maison atelier, rue&hellip;\n","protected":false},"author":2,"featured_media":236782,"comment_status":"","ping_status":"","sticky":false,"template":"","format":"standard","meta":{"footnotes":""},"categories":[1358],"tags":[1348,1384,1385,1386,58,3320,59,1011,27],"class_list":{"0":"post-236781","1":"post","2":"type-post","3":"status-publish","4":"format-standard","5":"has-post-thumbnail","7":"category-arts-et-design","8":"tag-arts","9":"tag-arts-and-design","10":"tag-arts-et-design","11":"tag-design","12":"tag-divertissement","13":"tag-douarnenez","14":"tag-entertainment","15":"tag-fr","16":"tag-france"},"share_on_mastodon":{"url":"https:\/\/pubeurope.com\/@fr\/114821478998325838","error":""},"_links":{"self":[{"href":"https:\/\/www.europesays.com\/fr\/wp-json\/wp\/v2\/posts\/236781","targetHints":{"allow":["GET"]}}],"collection":[{"href":"https:\/\/www.europesays.com\/fr\/wp-json\/wp\/v2\/posts"}],"about":[{"href":"https:\/\/www.europesays.com\/fr\/wp-json\/wp\/v2\/types\/post"}],"author":[{"embeddable":true,"href":"https:\/\/www.europesays.com\/fr\/wp-json\/wp\/v2\/users\/2"}],"replies":[{"embeddable":true,"href":"https:\/\/www.europesays.com\/fr\/wp-json\/wp\/v2\/comments?post=236781"}],"version-history":[{"count":0,"href":"https:\/\/www.europesays.com\/fr\/wp-json\/wp\/v2\/posts\/236781\/revisions"}],"wp:featuredmedia":[{"embeddable":true,"href":"https:\/\/www.europesays.com\/fr\/wp-json\/wp\/v2\/media\/236782"}],"wp:attachment":[{"href":"https:\/\/www.europesays.com\/fr\/wp-json\/wp\/v2\/media?parent=236781"}],"wp:term":[{"taxonomy":"category","embeddable":true,"href":"https:\/\/www.europesays.com\/fr\/wp-json\/wp\/v2\/categories?post=236781"},{"taxonomy":"post_tag","embeddable":true,"href":"https:\/\/www.europesays.com\/fr\/wp-json\/wp\/v2\/tags?post=236781"}],"curies":[{"name":"wp","href":"https:\/\/api.w.org\/{rel}","templated":true}]}}