{"id":236783,"date":"2025-07-09T04:51:12","date_gmt":"2025-07-09T04:51:12","guid":{"rendered":"https:\/\/www.europesays.com\/fr\/236783\/"},"modified":"2025-07-09T04:51:12","modified_gmt":"2025-07-09T04:51:12","slug":"pour-son-ouverture-cette-librairie-de-caen-offre-des-livres-aux-clients","status":"publish","type":"post","link":"https:\/\/www.europesays.com\/fr\/236783\/","title":{"rendered":"Pour son ouverture, cette librairie de Caen offre des livres aux clients"},"content":{"rendered":"<p>            Par<br \/>\n        <strong><br \/>\n            <a href=\"https:\/\/actu.fr\/auteur\/journaliste-liberte\" title=\"Consulter tous les articles de R\u00e9daction Caen\" target=\"_blank\" rel=\"noopener\">R\u00e9daction Caen<\/a><br \/>\n        <\/strong><\/p>\n<p>        Publi\u00e9 le<\/p>\n<p>            9 juil. 2025 \u00e0 6h40        <\/p>\n<p><b>Saperlotte<\/b>, c\u2019est le nom <a href=\"https:\/\/actu.fr\/normandie\/caen_14118\/avec-un-local-a-caen-le-projet-de-librairie-solidaire-de-baptiste-va-bientot-voir-le-jour_62789537.html\" target=\"_blank\" rel=\"noopener\">d\u2019une librairie atypique<\/a> qui se trouve \u00e0 proximit\u00e9 de <b>l\u2019Institut Lemonnier \u00e0 Caen (Calvados)<\/b>, dans le quartier de la Pierre Heuz\u00e9.\u00a0<\/p>\n<p class=\" wall-content\">Le 9 juillet 2025, <b>pendant le Tour de France<\/b>, la librairie est pr\u00eate \u00e0 accueillir celles et ceux curieux de d\u00e9couvrir ce nouveau lieu culturel caennais pour son premier jour d\u2019existence.<\/p>\n<p>    <img   decoding=\"async\" loading=\"lazy\" class=\"size-large\" src=\"https:\/\/www.europesays.com\/fr\/wp-content\/uploads\/2025\/07\/4e0b202ffc686321b202ffc68161b2v-960x640.jpg\" alt=\"Saperlotte, situ\u00e9 non loin de l'institut Lemonnier, d\u00e9marre le 9 juillet\" width=\"960\" height=\"640\"\/><br \/>\n    Saperlotte, situ\u00e9e non loin de l\u2019institut Lemonnier, ouvre le 9 juillet \u00a9Cl\u00e9ment FAUCHEREAUD\u2019un local \u00e0 une librairie accueillante<\/p>\n<p class=\" wall-content\">Les travaux et l\u2019am\u00e9nagement, port\u00e9s par les b\u00e9n\u00e9voles de l\u2019association, ont dur\u00e9 \u00e0 peine un mois ; la remise officielle des cl\u00e9s ayant eu lieu le 10 juin. Durant ce court laps de temps, ils ont r\u00e9ussi \u00e0 transformer un ancien local en une librairie attrayante, avec le soutien de Caen La Mer Habitat et de nombreux acteurs et structures du territoire.<\/p>\n<p>    <img   decoding=\"async\" loading=\"lazy\" class=\"size-large\" src=\"https:\/\/www.europesays.com\/fr\/wp-content\/uploads\/2025\/07\/fa3f0b7ffc686ce3f0b7ffc68a24f0v-960x640.jpg\" alt=\"Des livres d'occasion pour petits et grands vous attendent\" width=\"960\" height=\"640\"\/><br \/>\n    Des livres d\u2019occasion pour petits et grands vous attendent \u00a9Cl\u00e9ment FAUCHEREAUVid\u00e9os : en ce moment sur ActuUn livre offert pour chaque client apr\u00e8s achat\u00a0<\/p>\n<p class=\" wall-content\">Pour cette journ\u00e9e d\u2019inauguration, une surprise agr\u00e9able attend les passants. \u00ab\u00a0\u00c0 chaque passage en caisse, le client se voit offrir un roman d\u2019une valeur de 3\u20ac de son choix. L\u2019op\u00e9ration sera effective lors de cette premi\u00e8re journ\u00e9e d\u2019ouverture, entre 10h30 et 19h30\u00a0\u00bb pr\u00e9cise le cr\u00e9ateur de Saperlotte, Baptiste Davout.<\/p>\n<p class=\" wall-content\">L\u2019occasion id\u00e9ale pour d\u00e9couvrir ou red\u00e9couvrir une association normande et faire le plein de livres.<\/p>\n<p>De notre correspondant, Cl\u00e9ment FAUCHEREAU<\/p>\n<p>Saperlotte, 95 bis rue d\u2019H\u00e9rouville \u00e0 Caen. Ouvert le mercredi, vendredi et samedi de 10h30 \u00e0 19h30. Ferm\u00e9 le dimanche, lundi, mardi et jeudi.\u00a0<\/p>\n<p class=\" wall-content\">Suivez toute l\u2019actualit\u00e9 de vos villes et m\u00e9dias favoris en vous inscrivant \u00e0 <a href=\"https:\/\/moncompte.actu.fr\" title=\"D\u00e9couvez Mon Actu\" rel=\"nofollow noopener\" data-trk=\"{&quot;cta&quot;:{&quot;action&quot;:&quot;https:\\\/\\\/moncompte.actu.fr&quot;,&quot;category&quot;:&quot;mon compte&quot;,&quot;from&quot;:&quot;article footer&quot;,&quot;name&quot;:&quot;Mon actu&quot;,&quot;type&quot;:&quot;cta&quot;}}\" target=\"_blank\">Mon Actu<\/a>.<\/p>\n","protected":false},"excerpt":{"rendered":"Par R\u00e9daction Caen Publi\u00e9 le 9 juil. 2025 \u00e0 6h40 Saperlotte, c\u2019est le nom d\u2019une librairie atypique qui&hellip;\n","protected":false},"author":2,"featured_media":236784,"comment_status":"","ping_status":"","sticky":false,"template":"","format":"standard","meta":{"footnotes":""},"categories":[1357],"tags":[1379,5492,58,33,59,1011,27,1380],"class_list":{"0":"post-236783","1":"post","2":"type-post","3":"status-publish","4":"format-standard","5":"has-post-thumbnail","7":"category-livres","8":"tag-books","9":"tag-caen","10":"tag-divertissement","11":"tag-economie","12":"tag-entertainment","13":"tag-fr","14":"tag-france","15":"tag-livres"},"share_on_mastodon":{"url":"https:\/\/pubeurope.com\/@fr\/114821482834484889","error":""},"_links":{"self":[{"href":"https:\/\/www.europesays.com\/fr\/wp-json\/wp\/v2\/posts\/236783","targetHints":{"allow":["GET"]}}],"collection":[{"href":"https:\/\/www.europesays.com\/fr\/wp-json\/wp\/v2\/posts"}],"about":[{"href":"https:\/\/www.europesays.com\/fr\/wp-json\/wp\/v2\/types\/post"}],"author":[{"embeddable":true,"href":"https:\/\/www.europesays.com\/fr\/wp-json\/wp\/v2\/users\/2"}],"replies":[{"embeddable":true,"href":"https:\/\/www.europesays.com\/fr\/wp-json\/wp\/v2\/comments?post=236783"}],"version-history":[{"count":0,"href":"https:\/\/www.europesays.com\/fr\/wp-json\/wp\/v2\/posts\/236783\/revisions"}],"wp:featuredmedia":[{"embeddable":true,"href":"https:\/\/www.europesays.com\/fr\/wp-json\/wp\/v2\/media\/236784"}],"wp:attachment":[{"href":"https:\/\/www.europesays.com\/fr\/wp-json\/wp\/v2\/media?parent=236783"}],"wp:term":[{"taxonomy":"category","embeddable":true,"href":"https:\/\/www.europesays.com\/fr\/wp-json\/wp\/v2\/categories?post=236783"},{"taxonomy":"post_tag","embeddable":true,"href":"https:\/\/www.europesays.com\/fr\/wp-json\/wp\/v2\/tags?post=236783"}],"curies":[{"name":"wp","href":"https:\/\/api.w.org\/{rel}","templated":true}]}}