{"id":236785,"date":"2025-07-09T04:52:09","date_gmt":"2025-07-09T04:52:09","guid":{"rendered":"https:\/\/www.europesays.com\/fr\/236785\/"},"modified":"2025-07-09T04:52:09","modified_gmt":"2025-07-09T04:52:09","slug":"secret-story-2025-vivian-tres-cash-cette-candidate-lui-plait-et-il-met-les-pieds-dans-le-plat","status":"publish","type":"post","link":"https:\/\/www.europesays.com\/fr\/236785\/","title":{"rendered":"Secret Story 2025 : Vivian tr\u00e8s cash, cette candidate lui pla\u00eet et il met les pieds dans le plat"},"content":{"rendered":"<p>C\u2019est l\u2019un des plus gros \u00e9v\u00e9nements de cette saison 2025 de<br \/>\n<a href=\"https:\/\/www.closermag.fr\/tv_tele_realite\/secret_story\/secret-story-2025-je-te-fais-confiance-les-yeux-fermes-anita-place-tous-ses-espoirs-en-noah-la-chute-est-violente-3561017\" target=\"_blank\" rel=\"noopener\"><br \/>\nSecret Story<\/a> ! Lors du<br \/>\nprime anim\u00e9 par Christophe Beaugrand, ce jeudi 3 juillet, quatre<br \/>\nanciens candidats embl\u00e9matiques ont sign\u00e9 un retour remarqu\u00e9 dans<br \/>\nl\u2019\u00e9mission de TFX. Apr\u00e8s un passage sur le plateau, <strong>M\u00e9lanie<br \/>\nDa Cruz, Am\u00e9lie Neten, Lou et Vivian<\/strong> ont fait leur entr\u00e9e<br \/>\ndans la Maison de Cristal pour retrouver Anita, qui avait \u00e9t\u00e9<br \/>\nfaussement \u00e9limin\u00e9e par Noah sur le Pont des Sacrifices.<\/p>\n<p>Et ce retour fracassant ne s\u2019arr\u00eate pas l\u00e0 : chacun d\u2019eux<br \/>\ndispose d\u2019un pouvoir in\u00e9dit qui pourrait bouleverser le cours du<br \/>\njeu dans les jours \u00e0 venir. Fid\u00e8le \u00e0 lui-m\u00eame,<br \/>\n<strong>Vivian<\/strong> s\u2019est d\u00e9j\u00e0 fait remarquer par son \u00e9nergie<br \/>\nd\u00e9bordante et a m\u00eame craqu\u00e9 pour l\u2019une des candidates de cette<br \/>\nsaison.<\/p>\n<p>Vivian craque totalement pour Constance<\/p>\n<p data-start=\"0\" data-end=\"620\">Dans la quotidienne du 8 juillet,<br \/>\nVivian a mis l\u2019ambiance d\u00e8s son arriv\u00e9e en annon\u00e7ant haut et fort<br \/>\nqu\u2019il avait compl\u00e8tement craqu\u00e9 pour <a href=\"https:\/\/www.closermag.fr\/tv_tele_realite\/secret-story-2025-cette-revelation-consternante-dune-ex-copine-de-college-sur-constance-3556105\" target=\"_blank\" rel=\"noopener\"><br \/>\nConstance<\/a>. \u201cJ\u2019ai r\u00eav\u00e9 en fait que je m\u2019endormais, genre que<br \/>\nje parlais \u00e0 <strong>Constance<\/strong>. Et je me r\u00e9veille, il y a<br \/>\nAymed \u00e0 c\u00f4t\u00e9 de moi\u201d, a-t-il racont\u00e9, d\u00e9clenchant un fou rire<br \/>\ng\u00e9n\u00e9ral chez les habitants de la Maison de Cristal. Bien d\u00e9cid\u00e9 \u00e0<br \/>\ns\u00e9duire, il a m\u00eame demand\u00e9 \u00e0 Am\u00e9lie de l\u2019aider \u00e0 se rapprocher de<br \/>\nla jeune femme. \u201cJe ne sais pas comment expliquer, je te dis<br \/>\nqu\u2019il y a un truc, je ne suis pas un fou. Il y avait un truc, genre<br \/>\non \u00e9tait connect\u00e9s\u201d, a-t-il confi\u00e9 avec s\u00e9rieux.<\/p>\n<p data-start=\"622\" data-end=\"1476\">D\u00e8s son retour dans la maison<br \/>\nprincipale, Vivian a saut\u00e9 sur l\u2019occasion pour aller discuter avec<br \/>\nConstance. \u201cTu mesures combien ?\u201d, lui a-t-il demand\u00e9,<br \/>\navant qu\u2019elle ne r\u00e9ponde sans grand enthousiasme : \u201c1m80.\u201d<br \/>\nAu confessionnal, il a livr\u00e9 ce qui l\u2019attire chez elle :<br \/>\n\u201cConstance, <strong>je l\u2019appr\u00e9cie vraiment<\/strong> parce que<br \/>\nje vois qu\u2019elle est un petit peu comme moi. En fait, elle a un gros<br \/>\nbouclier, mais elle n\u2019est pas mauvaise \u00e0 l\u2019int\u00e9rieur. Je trouve<br \/>\nqu\u2019elle est tr\u00e8s <strong>charismatique<\/strong>. Elle est tr\u00e8s<br \/>\nbelle. Elle a des belles petites canines toutes fines, on dirait un<br \/>\npetit vampire.\u201d<\/p>\n<p>La<br \/>\ncandidate perplexe, elle r\u00e9pond cash<\/p>\n<p data-start=\"622\" data-end=\"1476\">De leur c\u00f4t\u00e9, <a href=\"https:\/\/www.closermag.fr\/tv_tele_realite\/melanie-da-cruz-il-a-fait-en-sorte-de-menacer-elle-balance-sur-son-depart-surprise-de-mamans-et-celebres-3258251\" target=\"_blank\" rel=\"noopener\"><br \/>\nM\u00e9lanie<\/a> et Am\u00e9lie ont pris Constance \u00e0 part pour lui avouer que<br \/>\nVivian avait un faible pour elle. Sa r\u00e9ponse a \u00e9t\u00e9 cash :<br \/>\n\u201c<strong>Non c\u2019est pas trop mon style<\/strong>. Mais bon, s\u2019il<br \/>\nfaut avoir du pouvoir, je peux dragouiller un peu\u201d, ont-elles<br \/>\nrapport\u00e9 en riant aux \u00e9clats. Toujours pr\u00eat \u00e0 faire le show, Vivian<br \/>\nn\u2019a pas h\u00e9sit\u00e9 \u00e0 enlever sa chemise pour tenter d\u2019impressionner<br \/>\nConstance. En maillot de bain moulant, il a demand\u00e9 aux gar\u00e7ons de<br \/>\nl\u2019huile pour \u201cmettre en valeur son corps\u201d. Il a ensuite<br \/>\nd\u00e9fil\u00e9 fi\u00e8rement devant sa belle.<\/p>\n<p data-start=\"622\" data-end=\"1476\">Une tentative qui n\u2019a pas eu<br \/>\nl\u2019effet escompt\u00e9 : Constance est rest\u00e9e de marbre et n\u2019a pas<br \/>\nvraiment appr\u00e9ci\u00e9 la sc\u00e8ne. D\u00e9pit\u00e9, Vivian a reconnu : \u201cQuand<br \/>\nune fille me pla\u00eet, <strong>je n\u2019aime pas draguer parce que je ne<br \/>\nsais pas faire<\/strong>. Bien entendu, moi je vais miser sur mon<br \/>\ncorps de dieu grec et mon humour. En m\u00eame temps, j\u2019ai quasiment que<br \/>\n\u00e7a.\u201d<\/p>\n","protected":false},"excerpt":{"rendered":"C\u2019est l\u2019un des plus gros \u00e9v\u00e9nements de cette saison 2025 de Secret Story ! Lors du prime anim\u00e9&hellip;\n","protected":false},"author":2,"featured_media":236786,"comment_status":"","ping_status":"","sticky":false,"template":"","format":"standard","meta":{"footnotes":""},"categories":[1356],"tags":[548,58,59,1011,27,29901,252,1364,37586],"class_list":{"0":"post-236785","1":"post","2":"type-post","3":"status-publish","4":"format-standard","5":"has-post-thumbnail","7":"category-television","8":"tag-article-simple","9":"tag-divertissement","10":"tag-entertainment","11":"tag-fr","12":"tag-france","13":"tag-secret-story","14":"tag-television","15":"tag-tv","16":"tag-vivian"},"share_on_mastodon":{"url":"https:\/\/pubeurope.com\/@fr\/114821486995645581","error":""},"_links":{"self":[{"href":"https:\/\/www.europesays.com\/fr\/wp-json\/wp\/v2\/posts\/236785","targetHints":{"allow":["GET"]}}],"collection":[{"href":"https:\/\/www.europesays.com\/fr\/wp-json\/wp\/v2\/posts"}],"about":[{"href":"https:\/\/www.europesays.com\/fr\/wp-json\/wp\/v2\/types\/post"}],"author":[{"embeddable":true,"href":"https:\/\/www.europesays.com\/fr\/wp-json\/wp\/v2\/users\/2"}],"replies":[{"embeddable":true,"href":"https:\/\/www.europesays.com\/fr\/wp-json\/wp\/v2\/comments?post=236785"}],"version-history":[{"count":0,"href":"https:\/\/www.europesays.com\/fr\/wp-json\/wp\/v2\/posts\/236785\/revisions"}],"wp:featuredmedia":[{"embeddable":true,"href":"https:\/\/www.europesays.com\/fr\/wp-json\/wp\/v2\/media\/236786"}],"wp:attachment":[{"href":"https:\/\/www.europesays.com\/fr\/wp-json\/wp\/v2\/media?parent=236785"}],"wp:term":[{"taxonomy":"category","embeddable":true,"href":"https:\/\/www.europesays.com\/fr\/wp-json\/wp\/v2\/categories?post=236785"},{"taxonomy":"post_tag","embeddable":true,"href":"https:\/\/www.europesays.com\/fr\/wp-json\/wp\/v2\/tags?post=236785"}],"curies":[{"name":"wp","href":"https:\/\/api.w.org\/{rel}","templated":true}]}}