{"id":236791,"date":"2025-07-09T04:56:09","date_gmt":"2025-07-09T04:56:09","guid":{"rendered":"https:\/\/www.europesays.com\/fr\/236791\/"},"modified":"2025-07-09T04:56:09","modified_gmt":"2025-07-09T04:56:09","slug":"ca-appartient-au-passe-luis-enrique-tres-peu-loquace-sur-le-cas-mbappe","status":"publish","type":"post","link":"https:\/\/www.europesays.com\/fr\/236791\/","title":{"rendered":"\u00ab\u00c7a appartient au pass\u00e9\u00bb, Luis Enrique tr\u00e8s peu loquace sur le cas Mbapp\u00e9"},"content":{"rendered":"<p>Le coach parisien s\u2019est exprim\u00e9 en conf\u00e9rence de presse \u00e0 la veille de la demi-finale de Coupe du monde des clubs, contre le Real Madrid de Kylian Mbapp\u00e9, son ancien joueur.<\/p>\n<p class=\"fig-paragraph\"><strong>Les conditions de jeu <\/strong>: \u00abOn est habitu\u00e9 \u00e0 jouer dans ces conditions, \u00e7a a \u00e9t\u00e9 une constante depuis le d\u00e9but de la Coupe du monde des clubs, ce sera comme d\u2019habitude, on doit \u00eatre pr\u00eats \u00e0 s\u2019hydrater. Il fera tr\u00e8s chaud, ce n\u2019est pas forc\u00e9ment bon pour le spectacle mais ce sera la m\u00eame chose pour les deux \u00e9quipes.\u00bb<\/p>\n<p class=\"fig-paragraph\"><strong>Un match particulier<\/strong>\u00a0: \u00abJouer contre le Real, ce sera un match particulier, mais en m\u00eame en temps on aime jouer ce type de match, \u00e7a veut dire que tu as bien fait le boulot et que tu es en position de jouer une demi-finale, c\u2019est un match important, amusant et motivant. On est pr\u00eats pour jouer et viser une autre finale. (\u2026) C\u2019est une demi-finale de Coupe du monde des clubs, cela veut dire beaucoup pour nous. On veut avoir le ballon, c\u2019est l\u2019une de nos forces. On est proches de jouer une nouvelle finale, c\u2019est notre motivation.\u00bb<\/p>\n<p class=\"fig-body-link\">\n            \u00c0 lire aussi<br \/>\n        <a class=\"fig-body-link__link\" href=\"http:\/\/www.lefigaro.fr\/sports\/football\/ligue-1\/buts-titres-ballon-d-or-les-chiffres-de-kylian-mbappe-au-psg-20240216\" data-fig-type=\"NewsFlash\" data-gtm-custom-categorie=\"navigation\" data-gtm-custom-action=\"crossclick\" data-gtm-custom-label=\"Contextuel\" data-gtm-event=\"customEventSPE\" data-fig-domain=\"LEFIGARO\" target=\"_blank\" rel=\"noopener\">Buts, titres, records&#8230; Les chiffres ahurissants de Kylian Mbapp\u00e9 au PSG<br \/>\n    <\/a>\n<\/p>\n<p>                                    <a class=\"fig-a11y-skip a11y-hidden\" href=\"#fig-a11y-skip-main-inarticle\"><br \/>\n        Passer la publicit\u00e9<br \/>\n    <\/a><\/p>\n<p class=\"fig-paragraph\"><strong>Kylian Mbapp\u00e9 <\/strong>: \u00abIl y a beaucoup de choses qui font que ce sera un match particulier. Mais au final, l\u2019important est de jouer une demi-finale de Coupe du monde des clubs, c\u2019est int\u00e9ressant et on doit \u00eatre pr\u00eats pour rester concentr\u00e9s sur cet aspect. La fin de l\u2019aventure \u00e0 Paris\u00a0? \u00c7a appartient au pass\u00e9, c\u2019est derri\u00e8re nous, je n\u2019ai rien de plus \u00e0 ajouter. Le PSG meilleur sans Mbapp\u00e9\u00a0? Nous nous concentrons sur le pr\u00e9sent.\u00bb<\/p>\n<p class=\"fig-paragraph\"><strong>Achraf Hakimi et Trent Alexander-Arnold<\/strong>\u00a0: \u00abJe ne suis pas friand des comparaisons entre les joueurs. Il n\u2019y a que des joueurs de grande qualit\u00e9. En m\u00eame temps, je dois dire que Hakimi est l\u2019un des meilleurs arri\u00e8res droits, pas seulement que j\u2019ai eu l\u2019occasion d\u2019entra\u00eener, mais que j\u2019ai eu l\u2019occasion de voir au cours de ma carri\u00e8re. C\u2019est bien d\u2019avoir ce joueur dans mon \u00e9quipe. Mais je pourrais citer aussi Nuno Mendes, \u00e9galement top niveau \u00e0 gauche. C\u2019est un plaisir de les entra\u00eener.\u00bb<\/p>\n<p class=\"fig-body-link\">\n            \u00c0 lire aussi<br \/>\n        <a class=\"fig-body-link__link\" href=\"http:\/\/www.lefigaro.fr\/sports\/football\/coupe-du-monde\/fluminense-chelsea-joao-pedro-sans-pitie-pedro-neto-enflamme-le-reve-de-thiago-silva-brise-les-tops-et-flops-20250709\" data-fig-type=\"NewsFlash\" data-gtm-custom-categorie=\"navigation\" data-gtm-custom-action=\"crossclick\" data-gtm-custom-label=\"Contextuel\" data-gtm-event=\"customEventSPE\" data-fig-domain=\"LEFIGARO\" target=\"_blank\" rel=\"noopener\">Fluminense-Chelsea\u00a0: Jo\u00e3o Pedro sans piti\u00e9, Pedro Neto enflamm\u00e9, le r\u00eave de Thiago Silva bris\u00e9&#8230; Les tops et flops<br \/>\n    <\/a>\n<\/p>\n<p class=\"fig-paragraph\"><strong>Chelsea<\/strong>\u00a0: \u00abUn projet similaire au Paris-SG\u00a0? Je ne peux pas analyser cela comme \u00e7a, je ne connais pas assez Chelsea. Ce n\u2019est pas bien de parler avant la demi-finale. Si on se qualifie, et je l\u2019esp\u00e8re, on pourra parler de Chelsea. F\u00e9licitations \u00e0 eux, ils m\u00e9ritent d\u2019\u00eatre en finale.\u00bb<\/p>\n<blockquote class=\"fig-quote&#10;    \">\n<p class=\"fig-quote__text\">C\u2019est dur d\u2019analyser ce Real.<\/p>\n<p>            Luis Enrique\n    <\/p><\/blockquote>\n<p class=\"fig-paragraph\"><strong>Le Real de Xabi Alonso<\/strong>\u00a0: \u00abC\u2019est dur d\u2019analyser ce Real car ils commencent seulement le travail avec leur nouvel entra\u00eeneur. Ils sont tr\u00e8s forts individuellement mais ce n\u2019est que le d\u00e9but de Xabi Alonso comme entra\u00eeneur du Real. C\u2019est dur d\u2019entra\u00eener une grande \u00e9quipe mais il a tout ce qu\u2019il faut pour \u00eatre \u00e0 la hauteur de ce club. (\u2026) C\u2019est un plaisir pour moi de jouer contre le Real Madrid. \u00c7a l\u2019a toujours \u00e9t\u00e9.\u00bb<\/p>\n<p class=\"fig-body-link\">\n            \u00c0 lire aussi<br \/>\n        <a class=\"fig-body-link__link\" href=\"http:\/\/www.lefigaro.fr\/sports\/football\/coupe-du-monde\/coupe-du-monde-des-clubs-suspendus-pacho-et-hernandez-quittent-le-groupe-du-psg-20250708\" data-fig-type=\"NewsFlash\" data-gtm-custom-categorie=\"navigation\" data-gtm-custom-action=\"crossclick\" data-gtm-custom-label=\"Contextuel\" data-gtm-event=\"customEventSPE\" data-fig-domain=\"LEFIGARO\" target=\"_blank\" rel=\"noopener\">Coupe du monde des clubs\u00a0: suspendus, Pacho et Hernandez quittent le groupe du PSG<br \/>\n    <\/a>\n<\/p>\n<p class=\"fig-paragraph\"><strong>L\u2019absence de Willian Pacho et Lucas Hernandez<\/strong>\u00a0: \u00abOn cherche \u00e0 faire notre boulot sans Willian Pacho et Lucas Hernandez. Vous verrez demain (mercredi) quels seront mes choix. Leur suspension pour deux matchs\u00a0? Je n\u2019ai rien \u00e0 dire, ce sont des choses que je ne peux pas contr\u00f4ler.\u00bb<\/p>\n<p>                                    <a class=\"fig-a11y-skip a11y-hidden\" href=\"#fig-a11y-skip-main-inarticle_mtf\"><br \/>\n        Passer la publicit\u00e9<br \/>\n    <\/a><\/p>\n<p class=\"fig-paragraph\"><strong>Les mots de Manuel Neuer apr\u00e8s la blessure de Jamal Musiala<\/strong>\u00a0: \u00abIl y a toujours eu des blessures dans le football, cela fait partie du jeu et de la vie d\u2019un joueur professionnel. Il n\u2019y a pas eu de mauvaise intention de la part de Gigio Donnarumma. On peut le voir clairement. Rien de plus. Je ne vais pas \u00e9voquer les d\u00e9clarations d\u2019un autre coll\u00e8gue ou d\u2019un joueur parce que ce n\u2019est pas mon travail. Mais Gianluigi est bien. Je pense qu\u2019il a d\u00e9j\u00e0 \u00e9t\u00e9 en contact avec le joueur, \u00e0 qui nous tous souhaitons un prompt r\u00e9tablissement.\u00bb<\/p>\n<p class=\"fig-paragraph\">Propos recueillis en conf\u00e9rence de presse<\/p>\n","protected":false},"excerpt":{"rendered":"Le coach parisien s\u2019est exprim\u00e9 en conf\u00e9rence de presse \u00e0 la veille de la demi-finale de Coupe du&hellip;\n","protected":false},"author":2,"featured_media":236792,"comment_status":"","ping_status":"","sticky":false,"template":"","format":"standard","meta":{"footnotes":""},"categories":[9],"tags":[7151,1011,27,6477,921,93,60],"class_list":{"0":"post-236791","1":"post","2":"type-post","3":"status-publish","4":"format-standard","5":"has-post-thumbnail","7":"category-sports","8":"tag-coupe-du-monde-des-clubs","9":"tag-fr","10":"tag-france","11":"tag-kylian-mbappe","12":"tag-luis-enrique","13":"tag-psg","14":"tag-sports"},"share_on_mastodon":{"url":"https:\/\/pubeurope.com\/@fr\/114821502494058617","error":""},"_links":{"self":[{"href":"https:\/\/www.europesays.com\/fr\/wp-json\/wp\/v2\/posts\/236791","targetHints":{"allow":["GET"]}}],"collection":[{"href":"https:\/\/www.europesays.com\/fr\/wp-json\/wp\/v2\/posts"}],"about":[{"href":"https:\/\/www.europesays.com\/fr\/wp-json\/wp\/v2\/types\/post"}],"author":[{"embeddable":true,"href":"https:\/\/www.europesays.com\/fr\/wp-json\/wp\/v2\/users\/2"}],"replies":[{"embeddable":true,"href":"https:\/\/www.europesays.com\/fr\/wp-json\/wp\/v2\/comments?post=236791"}],"version-history":[{"count":0,"href":"https:\/\/www.europesays.com\/fr\/wp-json\/wp\/v2\/posts\/236791\/revisions"}],"wp:featuredmedia":[{"embeddable":true,"href":"https:\/\/www.europesays.com\/fr\/wp-json\/wp\/v2\/media\/236792"}],"wp:attachment":[{"href":"https:\/\/www.europesays.com\/fr\/wp-json\/wp\/v2\/media?parent=236791"}],"wp:term":[{"taxonomy":"category","embeddable":true,"href":"https:\/\/www.europesays.com\/fr\/wp-json\/wp\/v2\/categories?post=236791"},{"taxonomy":"post_tag","embeddable":true,"href":"https:\/\/www.europesays.com\/fr\/wp-json\/wp\/v2\/tags?post=236791"}],"curies":[{"name":"wp","href":"https:\/\/api.w.org\/{rel}","templated":true}]}}