{"id":236793,"date":"2025-07-09T04:57:10","date_gmt":"2025-07-09T04:57:10","guid":{"rendered":"https:\/\/www.europesays.com\/fr\/236793\/"},"modified":"2025-07-09T04:57:10","modified_gmt":"2025-07-09T04:57:10","slug":"nathalie-baye-hospitalisee-lactrice-touchee-par-un-probleme-de-sante-elle-prend-une-decision-difficile","status":"publish","type":"post","link":"https:\/\/www.europesays.com\/fr\/236793\/","title":{"rendered":"Nathalie Baye hospitalis\u00e9e : L\u2019actrice touch\u00e9e par \u201cun probl\u00e8me de sant\u00e9\u201d, elle prend une d\u00e9cision difficile"},"content":{"rendered":"<p>Voil\u00e0 une nouvelle peu rassurante. <a href=\"https:\/\/www.closermag.fr\/people\/laura-smet-meconnaissable-sur-ce-rare-cliche-intime-avec-nathalie-baye-partage-pour-la-fete-des-meres-3548522\" rel=\"nofollow noopener\" target=\"_blank\"><br \/>\nNathalie Baye<\/a> avait \u00e9t\u00e9 choisie comme ambassadrice des Journ\u00e9es<br \/>\nde la rose 2025, un \u00e9v\u00e9nement floral pr\u00e9vu du 11 au 15 juillet \u00e0<br \/>\nDou\u00e9-la-Fontaine, dans le Maine-et-Loire. La com\u00e9dienne \u00e9tait<br \/>\nattendue sur place le 10 juillet, pour l\u2019inauguration, mais elle<br \/>\n<strong>n\u2019assistera finalement pas<\/strong> \u00e0 l\u2019\u00e9v\u00e9nement comme l\u2019a<br \/>\nannonc\u00e9 Jean-Yves Forest, le vice-pr\u00e9sident du Comit\u00e9 de la<br \/>\nrose.\u00a0<\/p>\n<p>Nathalie Baye fait faux bond \u00e0 un \u00e9v\u00e9nement pour une bonne<br \/>\nraison<\/p>\n<p>Et la raison est on ne peut plus justifi\u00e9e : Nathalie Baye<br \/>\naurait \u00e9t\u00e9 hospitalis\u00e9e suite \u00e0 un probl\u00e8me de sant\u00e9. \u201cJe l\u2019ai<br \/>\nappris il y a quelques jours et j\u2019en ai fait part au Comit\u00e9 de la<br \/>\nrose mais je ne l\u2019ai pas rendu public. Elle a un probl\u00e8me de sant\u00e9<br \/>\nqui <strong>a n\u00e9cessit\u00e9 une hospitalisation<\/strong>. Sa<br \/>\ncollaboratrice Nathalie Planet m\u2019a appel\u00e9 pour me signaler son<br \/>\nabsence \u00e0 l\u2019inauguration le 10 juillet, \u00e0 son grand regret\u201d,<br \/>\nindique Jean-Yves Forest dans les pages du Courrier de<br \/>\nl\u2019Ouest.\u00a0<\/p>\n<p>Si l\u2019on ignore de quoi souffre l\u2019actrice de 77 ans, on sait en<br \/>\nrevanche qu\u2019elle a d\u00e9j\u00e0 \u00e9t\u00e9 confront\u00e9e \u00e0 des probl\u00e8mes de sant\u00e9 par<br \/>\nle pass\u00e9. Cette derni\u00e8re avait notamment \u00e9t\u00e9 transport\u00e9e en urgence<br \/>\n\u00e0 l&rsquo;h\u00f4pital Cochin, dans le XIVe arrondissement de Paris, en<br \/>\nf\u00e9vrier 2020. A l\u2019\u00e9poque, des rumeurs \u00e9voquaient une crise<br \/>\ncardiaque mais l\u2019entourage de Nathalie Baye avait pr\u00e9cis\u00e9 qu\u2019il<br \/>\n\u00e9tait question de \u201c<strong>complications<br \/>\nbroncho-pulmonaires<\/strong>\u201d. \u201cIl s\u2019agit juste d\u2019une<br \/>\ncomplication au cours d\u2019un \u00e9pisode grippal. Elle va bien et va<br \/>\nregagner son domicile dans les prochains jours\u201d, avait assur\u00e9<br \/>\nson agent via un communiqu\u00e9 envoy\u00e9 \u00e0 l&rsquo;AFP<\/p>\n<p>Nathalie Baye : Laura Smet prend une<br \/>\nd\u00e9cision importante pour sa m\u00e8re<\/p>\n<p>Face \u00e0 ce nouveau p\u00e9pin de sant\u00e9, Nathalie Baye peut compter sur<br \/>\nle soutien de sa fille, <a href=\"https:\/\/www.closermag.fr\/people\/laura-smet-quitte-sa-vie-paisible-au-cap-ferret-avec-mari-et-enfant-3552058\" rel=\"nofollow noopener\" target=\"_blank\"><br \/>\nLaura Smet<\/a>, qui a pris la d\u00e9cision de revenir s\u2019installer \u00e0<br \/>\nParis, non loin de sa m\u00e8re. En effet, dans une interview avec<br \/>\nVoici paru le 6 juin, l\u2019actrice confiait avoir quitt\u00e9 le<br \/>\nCap Ferret, o\u00f9 elle r\u00e9sidait avec son mari Rapha\u00ebl et <a href=\"https:\/\/www.closermag.fr\/people\/laura-smet-ce-rare-et-touchant-cliche-avec-son-fils-leo-bientot-4-ans-3471237\" rel=\"nofollow noopener\" target=\"_blank\"><br \/>\nleur fils L\u00e9o<\/a>, pour que le gar\u00e7onnet <strong>profite davantage<br \/>\nde sa grand-m\u00e8re<\/strong>. D\u00e9sormais \u201c\u00e0 trois rues\u201d de Nathalie<br \/>\nBaye, la petite famille va pouvoir passer plus de temps avec cette<br \/>\nderni\u00e8re.\u00a0<\/p>\n","protected":false},"excerpt":{"rendered":"Voil\u00e0 une nouvelle peu rassurante. Nathalie Baye avait \u00e9t\u00e9 choisie comme ambassadrice des Journ\u00e9es de la rose 2025,&hellip;\n","protected":false},"author":2,"featured_media":236794,"comment_status":"","ping_status":"","sticky":false,"template":"","format":"standard","meta":{"footnotes":""},"categories":[8],"tags":[548,58,59,1011,27,28642],"class_list":{"0":"post-236793","1":"post","2":"type-post","3":"status-publish","4":"format-standard","5":"has-post-thumbnail","7":"category-divertissement","8":"tag-article-simple","9":"tag-divertissement","10":"tag-entertainment","11":"tag-fr","12":"tag-france","13":"tag-nathalie-baye"},"share_on_mastodon":{"url":"https:\/\/pubeurope.com\/@fr\/114821506456935465","error":""},"_links":{"self":[{"href":"https:\/\/www.europesays.com\/fr\/wp-json\/wp\/v2\/posts\/236793","targetHints":{"allow":["GET"]}}],"collection":[{"href":"https:\/\/www.europesays.com\/fr\/wp-json\/wp\/v2\/posts"}],"about":[{"href":"https:\/\/www.europesays.com\/fr\/wp-json\/wp\/v2\/types\/post"}],"author":[{"embeddable":true,"href":"https:\/\/www.europesays.com\/fr\/wp-json\/wp\/v2\/users\/2"}],"replies":[{"embeddable":true,"href":"https:\/\/www.europesays.com\/fr\/wp-json\/wp\/v2\/comments?post=236793"}],"version-history":[{"count":0,"href":"https:\/\/www.europesays.com\/fr\/wp-json\/wp\/v2\/posts\/236793\/revisions"}],"wp:featuredmedia":[{"embeddable":true,"href":"https:\/\/www.europesays.com\/fr\/wp-json\/wp\/v2\/media\/236794"}],"wp:attachment":[{"href":"https:\/\/www.europesays.com\/fr\/wp-json\/wp\/v2\/media?parent=236793"}],"wp:term":[{"taxonomy":"category","embeddable":true,"href":"https:\/\/www.europesays.com\/fr\/wp-json\/wp\/v2\/categories?post=236793"},{"taxonomy":"post_tag","embeddable":true,"href":"https:\/\/www.europesays.com\/fr\/wp-json\/wp\/v2\/tags?post=236793"}],"curies":[{"name":"wp","href":"https:\/\/api.w.org\/{rel}","templated":true}]}}