{"id":236799,"date":"2025-07-09T05:00:12","date_gmt":"2025-07-09T05:00:12","guid":{"rendered":"https:\/\/www.europesays.com\/fr\/236799\/"},"modified":"2025-07-09T05:00:12","modified_gmt":"2025-07-09T05:00:12","slug":"la-dgse-note-le-retard-pris-par-le-programme-nucleaire-iranien","status":"publish","type":"post","link":"https:\/\/www.europesays.com\/fr\/236799\/","title":{"rendered":"La DGSE note le retard pris par le programme nucl\u00e9aire iranien"},"content":{"rendered":"<p>La <a href=\"https:\/\/www.20minutes.fr\/dossier\/dgse\" target=\"_blank\" class=\"color-ultramarine c-link\" rel=\"nofollow noopener\">DGSE<\/a> donne \u00e0 son tour son avis sur l\u2019efficacit\u00e9 des frappes isra\u00e9liennes et am\u00e9ricaines en <a href=\"https:\/\/www.20minutes.fr\/monde\/iran\/\" target=\"_blank\" class=\"color-ultramarine c-link\" rel=\"nofollow noopener\">Iran<\/a>. Le programme nucl\u00e9aire iranien a \u00e9t\u00e9 retard\u00e9 de \u00ab\u00a0plusieurs mois \u00e0 coup s\u00fbr\u00a0\u00bb, a ainsi affirm\u00e9 mardi Nicolas Lerner, patron du service de renseignement ext\u00e9rieur fran\u00e7ais.<\/p>\n<p>Interrog\u00e9 sur LCI sur l\u2019impact de ces frappes contre les sites nucl\u00e9aires iraniens, le directeur g\u00e9n\u00e9ral de la Direction g\u00e9n\u00e9rale de la s\u00e9curit\u00e9 ext\u00e9rieure a r\u00e9pondu\u00a0: \u00ab\u00a0ind\u00e9niablement plusieurs mois \u00e0 coup s\u00fbr, ind\u00e9niablement un retard sur le programme tel qu\u2019il \u00e9tait con\u00e7u de mani\u00e8re industrielle\u00a0\u00bb.<\/p>\n<p>\u00ab\u00a0Beaucoup, beaucoup de retard\u00a0\u00bb<\/p>\n<p>Qu\u2019il s\u2019agisse de la capacit\u00e9 d\u2019enrichir l\u2019uranium, de concevoir une t\u00eate nucl\u00e9aire ou de l\u2019int\u00e9grer dans un missile, \u00ab\u00a0notre appr\u00e9ciation aujourd\u2019hui, c\u2019est que chacune de ces \u00e9tapes a \u00e9t\u00e9 tr\u00e8s s\u00e9rieusement touch\u00e9e, tr\u00e8s s\u00e9rieusement endommag\u00e9e, et que le <a href=\"https:\/\/www.20minutes.fr\/dossier\/programme_nucleaire_iranien\" target=\"_blank\" class=\"color-ultramarine c-link\" rel=\"nofollow noopener\">programme nucl\u00e9aire iranien<\/a> tel que nous le connaissions a pris beaucoup, beaucoup de retard\u00a0\u00bb, a ajout\u00e9 Nicolas Lerner. \u00ab\u00a0C\u2019est une r\u00e9alit\u00e9 qui m\u00e9rite encore n\u00e9anmoins d\u2019\u00eatre affin\u00e9e\u00a0\u00bb.<\/p>\n<\/p>\n<p>L\u2019\u00e9tat du programme iranien apr\u00e8s les frappes isra\u00e9liennes et am\u00e9ricaines en juin est l\u2019objet de tr\u00e8s nombreuses interrogations. Le patron de la DGSE se dit d\u2019ailleurs \u00ab\u00a0affirmatif sur le fait qu\u2019aujourd\u2019hui, aucun service de renseignement du monde n\u2019est capable, ou n\u2019a \u00e9t\u00e9 capable dans les quelques heures qui ont suivi ces frappes, d\u2019avoir une \u00e9valuation parfaite, totale de ce qui a pu se passer\u00a0\u00bb.<\/p>\n<p>Le porte-parole du Pentagone avait affirm\u00e9 le 2\u00a0juillet que <a href=\"https:\/\/www.20minutes.fr\/monde\/israel\/4161639-20250703-iran-pentagone-entre-guerre-chiffres-retard-inflige-nucleaire-iranien\" target=\"_blank\" class=\"color-ultramarine c-link\" rel=\"nofollow noopener\">le programme nucl\u00e9aire avait \u00e9t\u00e9 retard\u00e9 \u00ab\u00a0d\u2019un \u00e0 deux ans au moins\u00a0\u00bb<\/a>, contredisant un premier rapport pr\u00e9liminaire top secret du renseignement am\u00e9ricain, dont la presse am\u00e9ricaine avait auparavant fait \u00e9tat et qui \u00e9tablissait lui que les bombardements contre l\u2019Iran n\u2019avaient retard\u00e9 son programme nucl\u00e9aire que de quelques mois.<\/p>\n<p>Des interrogations autour des 450\u00a0kg d\u2019uranium enrichi<\/p>\n<p>\u00ab\u00a0Deux \u00e9l\u00e9ments invitent \u00e0 la prudence\u00a0\u00bb, a toutefois soulign\u00e9 le patron de la DGSE\u00a0: le sort d\u2019une partie du stock d\u2019uranium hautement enrichi et le risque que T\u00e9h\u00e9ran poursuive clandestinement son programme nucl\u00e9aire.<\/p>\n<p><a href=\"https:\/\/www.20minutes.fr\/monde\/iran\/\" target=\"_blank\" class=\"c-link c-btn c-btn--primary\" rel=\"nofollow noopener\">Nos articles sur l&rsquo;Iran<\/a><\/p>\n<p>\u00ab\u00a0Il y a un consensus sur le fait que la mati\u00e8re, les 450\u00a0kg d\u2019uranium enrichi, peut-\u00eatre qu\u2019une petite partie a \u00e9t\u00e9 d\u00e9truite, mais cette mati\u00e8re reste aux mains du r\u00e9gime\u00a0\u00bb, a-t-il d\u00e9velopp\u00e9. \u00ab\u00a0Nous ne sommes pas en capacit\u00e9 de le tracer avec certitude\u00a0\u00bb, a-t-il ajout\u00e9, \u00ab\u00a0notamment tant que l\u2019AIEA n\u2019a pas repris son travail, et c\u2019est pour \u00e7a que c\u2019\u00e9tait tellement important\u00a0\u00bb. L\u2019Iran a officiellement suspendu d\u00e9but juillet sa coop\u00e9ration avec l\u2019Agence internationale de l\u2019\u00e9nergie atomique, charg\u00e9e de la s\u00fbret\u00e9 nucl\u00e9aire.<\/p>\n","protected":false},"excerpt":{"rendered":"La DGSE donne \u00e0 son tour son avis sur l\u2019efficacit\u00e9 des frappes isra\u00e9liennes et am\u00e9ricaines en Iran. Le&hellip;\n","protected":false},"author":2,"featured_media":236800,"comment_status":"","ping_status":"","sticky":false,"template":"","format":"standard","meta":{"footnotes":""},"categories":[5],"tags":[47,11,10733,37587,73,1011,27,32810,14,3019,664,74,12,3020,10458,133,28],"class_list":{"0":"post-236799","1":"post","2":"type-post","3":"status-publish","4":"format-standard","5":"has-post-thumbnail","7":"category-international","8":"tag-actualite","9":"tag-actualites","10":"tag-aiea","11":"tag-dgse","12":"tag-etats-unis","13":"tag-fr","14":"tag-france","15":"tag-guerre-israeliran","16":"tag-international","17":"tag-iran","18":"tag-israel","19":"tag-monde","20":"tag-news","21":"tag-nucleaire-iranien","22":"tag-programme-nucleaire-iranien","23":"tag-video","24":"tag-world"},"share_on_mastodon":{"url":"https:\/\/pubeurope.com\/@fr\/114821518079361832","error":""},"_links":{"self":[{"href":"https:\/\/www.europesays.com\/fr\/wp-json\/wp\/v2\/posts\/236799","targetHints":{"allow":["GET"]}}],"collection":[{"href":"https:\/\/www.europesays.com\/fr\/wp-json\/wp\/v2\/posts"}],"about":[{"href":"https:\/\/www.europesays.com\/fr\/wp-json\/wp\/v2\/types\/post"}],"author":[{"embeddable":true,"href":"https:\/\/www.europesays.com\/fr\/wp-json\/wp\/v2\/users\/2"}],"replies":[{"embeddable":true,"href":"https:\/\/www.europesays.com\/fr\/wp-json\/wp\/v2\/comments?post=236799"}],"version-history":[{"count":0,"href":"https:\/\/www.europesays.com\/fr\/wp-json\/wp\/v2\/posts\/236799\/revisions"}],"wp:featuredmedia":[{"embeddable":true,"href":"https:\/\/www.europesays.com\/fr\/wp-json\/wp\/v2\/media\/236800"}],"wp:attachment":[{"href":"https:\/\/www.europesays.com\/fr\/wp-json\/wp\/v2\/media?parent=236799"}],"wp:term":[{"taxonomy":"category","embeddable":true,"href":"https:\/\/www.europesays.com\/fr\/wp-json\/wp\/v2\/categories?post=236799"},{"taxonomy":"post_tag","embeddable":true,"href":"https:\/\/www.europesays.com\/fr\/wp-json\/wp\/v2\/tags?post=236799"}],"curies":[{"name":"wp","href":"https:\/\/api.w.org\/{rel}","templated":true}]}}