{"id":236801,"date":"2025-07-09T05:01:13","date_gmt":"2025-07-09T05:01:13","guid":{"rendered":"https:\/\/www.europesays.com\/fr\/236801\/"},"modified":"2025-07-09T05:01:13","modified_gmt":"2025-07-09T05:01:13","slug":"mort-dolivier-marleix-le-parquet-de-chartres-revient-sur-le-deroulement-des-investigations","status":"publish","type":"post","link":"https:\/\/www.europesays.com\/fr\/236801\/","title":{"rendered":"Mort d&rsquo;Olivier Marleix, le Parquet de Chartres revient sur le d\u00e9roulement des investigations"},"content":{"rendered":"<p>            Par<br \/>\n        <strong><br \/>\n            <a href=\"https:\/\/actu.fr\/auteur\/laurent-rebours\" title=\"Consulter tous les articles de Laurent REBOURS\" target=\"_blank\" rel=\"noopener\">Laurent REBOURS<\/a><br \/>\n        <\/strong><\/p>\n<p>        Publi\u00e9 le<\/p>\n<p>            8 juil. 2025 \u00e0 12h09        <\/p>\n<p>Le procureur de la R\u00e9publique de <a href=\"https:\/\/actu.fr\/chartres\/\" target=\"_blank\" rel=\"noopener\">Chartres<\/a> (Eure-et-Loir), Fr\u00e9d\u00e9ric Chevallier, revient longuement ce <strong>mardi 8 juillet 2025<\/strong> sur cette journ\u00e9e du lundi 7 juillet o\u00f9 le corps inanim\u00e9 du d\u00e9put\u00e9 de la 2\u00e8me circonscription <a href=\"https:\/\/actu.fr\/politique\/le-depute-olivier-marleix-est-mort-l-ancien-chef-des-republicains-a-l-assemblee-a-mis-fin-a-ses-jours_62879091.html\" target=\"_blank\" rel=\"noopener\">Olivier Marleix<\/a> a \u00e9t\u00e9 retrouv\u00e9 chez lui \u00e0 <a href=\"https:\/\/actu.fr\/centre-val-de-loire\/anet_28007\" target=\"_blank\" rel=\"noopener\">Anet.<\/a><\/p>\n<p class=\" wall-content\">Un expos\u00e9 de la proc\u00e9dure rendu n\u00e9cessaire par une obligation de transparence et permettant d\u2019\u00e9viter la propagation de rumeurs qui n\u2019ont pas tard\u00e9es sur les r\u00e9seaux sociaux.<\/p>\n<p>Alert\u00e9s par l\u2019assistante parlementaire et la maire<\/p>\n<p class=\" wall-content\">Tout d\u00e9bute ce <strong>lundi 7 juillet 2025 \u00e0 14h50<\/strong>, lorsque les gendarmes de la brigade de gendarmerie d\u2019Anet, \u00e0 quelques kilom\u00e8tres au nord de <a href=\"https:\/\/actu.fr\/centre-val-de-loire\/dreux_28134\" target=\"_blank\" rel=\"noopener\">Dreux<\/a>, interviennent au domicile d\u2019Olivier Marleix, d\u00e9put\u00e9 de la 2\u00e8me circonscription d\u2019Eure-et-Loir.<\/p>\n<p class=\" wall-content\">Les militaires eur\u00e9liens ont \u00e9t\u00e9 pr\u00e9c\u00e9demment alert\u00e9s par l\u2019assistante parlementaire du d\u00e9put\u00e9 et par Aliette Le Bihan, la maire d\u2019Anet, \u00ab\u00a0toutes les deux <strong>inqui\u00e8tes de l\u2019absence de ce dernier \u00e0 des rendez-vous<\/strong> pr\u00e9vus le matin en Eure-et-Loir et de son absence ensuite \u00e0 l\u2019Assembl\u00e9e nationale\u00a0\u00bb pr\u00e9cise le procureur de la R\u00e9publique.<\/p>\n<blockquote class=\"ac-article-quote wall-content\">\n<p>Les gendarmes parviennent \u00e0 p\u00e9n\u00e9trer dans le domicile du d\u00e9put\u00e9 et d\u00e9couvrent alors son corps inanim\u00e9, pendu par une corde attach\u00e9e \u00e0 une poutre, dans une chambre \u00e0 l\u2019\u00e9tage de la maison d\u2019habitation.<\/p>\n<p>    <strong>Fr\u00e9d\u00e9ric Chevallier<\/strong><br \/>\n        Procureur de la R\u00e9publique de Chartres    <\/p><\/blockquote>\n<p>Vid\u00e9os : en ce moment sur Actu<\/p>\n<p class=\" wall-content\">Imm\u00e9diatement inform\u00e9s, le procureur de la R\u00e9publique de Chartres, le sous-pr\u00e9fet de Dreux et la colonelle commandant la compagnie de gendarmerie de Dreux, qui se trouvaient pour une r\u00e9union \u00e0 la sous-pr\u00e9fecture de Dreux, se d\u00e9placent sur les lieux.<\/p>\n<p class=\" wall-content\">Le procureur de la R\u00e9publique a alors lanc\u00e9 une <strong>proc\u00e9dure de co-saisine<\/strong> des gendarmes de la <strong>Section de Recherches d\u2019Orl\u00e9ans<\/strong> et ceux du <strong>groupement de gendarmerie d\u2019Eure-et-Loir<\/strong> \u00ab\u00a0d\u2019une enqu\u00eate en recherches des causes de la mort, conform\u00e9ment aux dispositions de l\u2019article 74 du Code de proc\u00e9dure p\u00e9nale\u00a0\u00bb.<\/p>\n<p>Dans les coulisses de la proc\u00e9dure judiciaire<\/p>\n<p>En cas de d\u00e9couverte d&rsquo;un cadavre, qu&rsquo;il s&rsquo;agisse ou non d&rsquo;une mort violente, mais si la cause en est inconnue ou suspecte, l&rsquo;officier de police judiciaire qui en est avis\u00e9 ou, sous son contr\u00f4le, l&rsquo;agent de police judiciaire, informe imm\u00e9diatement le procureur de la R\u00e9publique, se transporte sans d\u00e9lai sur les lieux et proc\u00e8de aux premi\u00e8res constatations.<\/p>\n<p>Le procureur de la R\u00e9publique se rend sur place s&rsquo;il le juge n\u00e9cessaire et se fait assister de personnes capables d&rsquo;appr\u00e9cier la nature des circonstances du d\u00e9c\u00e8s. Il peut, toutefois, d\u00e9l\u00e9guer aux m\u00eames fins, un officier de police judiciaire de son choix ou, sous le contr\u00f4le de ce dernier, un agent de police judiciaire de son choix.<\/p>\n<p>Sauf si elles sont inscrites sur une des listes pr\u00e9vues \u00e0 l&rsquo;article 157, les personnes ainsi appel\u00e9es pr\u00eatent, par \u00e9crit, serment d&rsquo;apporter leur concours \u00e0 la justice en leur honneur et en leur conscience.<\/p>\n<p>Sur instructions du procureur de la R\u00e9publique, une enqu\u00eate aux fins de recherche des causes de la mort est ouverte. Dans ce cadre et \u00e0 ces fins, il peut \u00eatre proc\u00e9d\u00e9 aux actes pr\u00e9vus par les articles 56 \u00e0 62, dans les conditions pr\u00e9vues par ces dispositions. <\/p>\n<p>A l&rsquo;issue d&rsquo;un d\u00e9lai de huit jours \u00e0 compter des instructions de ce magistrat, ces investigations peuvent se poursuivre dans les formes de l&rsquo;enqu\u00eate pr\u00e9liminaire.<br \/>Le procureur de la R\u00e9publique peut aussi requ\u00e9rir information pour recherche des causes de la mort.<\/p>\n<p>La piste du suicide privil\u00e9gi\u00e9e, une autopsie mercredi \u00e0 Rouen<\/p>\n<p class=\" wall-content\">Les enqu\u00eateurs d\u00e9marrent des perquisitions \u2013 <strong>du domicile et du v\u00e9hicule du d\u00e9funt<\/strong> \u2013 pour rechercher tous les d\u00e9tails possibles d\u2019aider l\u2019enqu\u00eate.<\/p>\n<blockquote class=\"ac-article-quote wall-content\">\n<p>Des techniciens en investigations criminelles ont proc\u00e9d\u00e9 aux premi\u00e8re constatations. Un m\u00e9decin l\u00e9giste de l\u2019Institut m\u00e9dico-l\u00e9gal de Rouen (Seine-Maritime) s&rsquo;est rendu sur les lieux afin de proc\u00e9der \u00e0 la lev\u00e9e de corps de Monsieur Marleix. Au terme de ces premi\u00e8res investigations et constatations m\u00e9dico-l\u00e9gales, il peut \u00eatre exclu l\u2019intervention d&rsquo;un tiers dans la survenance de la mort du d\u00e9put\u00e9, la piste du suicide \u00e9tant par cons\u00e9quent privil\u00e9gi\u00e9e. Cette conclusion provisoire devra \u00eatre confirm\u00e9e par l\u2019autopsie du corps qui sera pratiqu\u00e9e mercredi matin \u00e0 l\u2019IML de Rouen.<\/p>\n<p>    <strong>Fr\u00e9d\u00e9ric Chevallier<\/strong>\n            <\/p><\/blockquote>\n<p class=\" wall-content\">Par ailleurs <strong>un t\u00e9l\u00e9phone et des ordinateurs<\/strong>, saisis, \u00ab\u00a0vont \u00eatre rapidement analys\u00e9s afin de pouvoir retracer <strong>les derni\u00e8res conversations ou \u00e9changes<\/strong> de Monsieur Marleix et de comprendre le ou les motifs de ce passage \u00e0 l\u2019acte dramatique\u00a0\u00bb ajoute le procureur qui pr\u00e9cise en outre qu\u2019en l\u2019\u00e9tat, \u00ab\u00a0aucun \u00e9crit n\u2019a \u00e9t\u00e9 retrouv\u00e9 pouvant int\u00e9resser l\u2019enqu\u00eate\u00a0\u00bb.<\/p>\n<blockquote class=\"ac-article-quote wall-content\">\n<p>Toutes les dispositions utiles et imm\u00e9diates ont \u00e9t\u00e9 prises pour informer, soutenir et aider les membres de la famille de Monsieur Marleix et ses proches.<\/p>\n<p>    <strong>Fr\u00e9d\u00e9ric Chevallier<\/strong>\n            <\/p><\/blockquote>\n<p class=\" wall-content\">Le Parquet de Chartres a pr\u00e9vu de poursuivre sa communication sur l\u2019enqu\u00eate \u00ab\u00a0en fonction de l\u2019\u00e9volution des investigations men\u00e9es et des d\u00e9cisions d\u2019action p\u00e9nale prises\u00a0\u00bb.<\/p>\n<p class=\" wall-content\">Suivez toute l\u2019actualit\u00e9 de vos villes et m\u00e9dias favoris en vous inscrivant \u00e0 <a href=\"https:\/\/moncompte.actu.fr\" title=\"D\u00e9couvez Mon Actu\" rel=\"nofollow noopener\" data-trk=\"{&quot;cta&quot;:{&quot;action&quot;:&quot;https:\\\/\\\/moncompte.actu.fr&quot;,&quot;category&quot;:&quot;mon compte&quot;,&quot;from&quot;:&quot;article footer&quot;,&quot;name&quot;:&quot;Mon actu&quot;,&quot;type&quot;:&quot;cta&quot;}}\" target=\"_blank\">Mon Actu<\/a>.<\/p>\n<ul class=\"ac-article-tag wall-content\">\n<li><a href=\"https:\/\/actu.fr\/tag\/assemblee-nationale\" data-trk=\"{&quot;cta&quot;:{&quot;action&quot;:&quot;Assembl\\u00e9e nationale&quot;,&quot;category&quot;:&quot;tag&quot;,&quot;from&quot;:&quot;article footer&quot;,&quot;name&quot;:&quot;Assembl\\u00e9e nationale&quot;,&quot;type&quot;:&quot;cta&quot;}}\" target=\"_blank\" rel=\"noopener\">#Assembl\u00e9e nationale<\/a><\/li>\n<li><a href=\"https:\/\/actu.fr\/tag\/les-republicains-lr\" data-trk=\"{&quot;cta&quot;:{&quot;action&quot;:&quot;Les R\\u00e9publicains (LR)&quot;,&quot;category&quot;:&quot;tag&quot;,&quot;from&quot;:&quot;article footer&quot;,&quot;name&quot;:&quot;Les R\\u00e9publicains (LR)&quot;,&quot;type&quot;:&quot;cta&quot;}}\" target=\"_blank\" rel=\"noopener\">#Les R\u00e9publicains (LR)<\/a><\/li>\n<\/ul>\n","protected":false},"excerpt":{"rendered":"Par Laurent REBOURS Publi\u00e9 le 8 juil. 2025 \u00e0 12h09 Le procureur de la R\u00e9publique de Chartres (Eure-et-Loir),&hellip;\n","protected":false},"author":2,"featured_media":236802,"comment_status":"","ping_status":"","sticky":false,"template":"","format":"standard","meta":{"footnotes":""},"categories":[4],"tags":[11,416,118,1011,27,8335,12,25],"class_list":{"0":"post-236801","1":"post","2":"type-post","3":"status-publish","4":"format-standard","5":"has-post-thumbnail","7":"category-france","8":"tag-actualites","9":"tag-assemblee-nationale","10":"tag-faits-divers","11":"tag-fr","12":"tag-france","13":"tag-les-republicains-lr","14":"tag-news","15":"tag-republique-francaise"},"share_on_mastodon":{"url":"https:\/\/pubeurope.com\/@fr\/114821522046193288","error":""},"_links":{"self":[{"href":"https:\/\/www.europesays.com\/fr\/wp-json\/wp\/v2\/posts\/236801","targetHints":{"allow":["GET"]}}],"collection":[{"href":"https:\/\/www.europesays.com\/fr\/wp-json\/wp\/v2\/posts"}],"about":[{"href":"https:\/\/www.europesays.com\/fr\/wp-json\/wp\/v2\/types\/post"}],"author":[{"embeddable":true,"href":"https:\/\/www.europesays.com\/fr\/wp-json\/wp\/v2\/users\/2"}],"replies":[{"embeddable":true,"href":"https:\/\/www.europesays.com\/fr\/wp-json\/wp\/v2\/comments?post=236801"}],"version-history":[{"count":0,"href":"https:\/\/www.europesays.com\/fr\/wp-json\/wp\/v2\/posts\/236801\/revisions"}],"wp:featuredmedia":[{"embeddable":true,"href":"https:\/\/www.europesays.com\/fr\/wp-json\/wp\/v2\/media\/236802"}],"wp:attachment":[{"href":"https:\/\/www.europesays.com\/fr\/wp-json\/wp\/v2\/media?parent=236801"}],"wp:term":[{"taxonomy":"category","embeddable":true,"href":"https:\/\/www.europesays.com\/fr\/wp-json\/wp\/v2\/categories?post=236801"},{"taxonomy":"post_tag","embeddable":true,"href":"https:\/\/www.europesays.com\/fr\/wp-json\/wp\/v2\/tags?post=236801"}],"curies":[{"name":"wp","href":"https:\/\/api.w.org\/{rel}","templated":true}]}}