{"id":236805,"date":"2025-07-09T05:03:10","date_gmt":"2025-07-09T05:03:10","guid":{"rendered":"https:\/\/www.europesays.com\/fr\/236805\/"},"modified":"2025-07-09T05:03:10","modified_gmt":"2025-07-09T05:03:10","slug":"linterminable-attente-de-cette-retraitee-pour-etre-indemnisee","status":"publish","type":"post","link":"https:\/\/www.europesays.com\/fr\/236805\/","title":{"rendered":"l\u2019interminable attente de cette retrait\u00e9e pour \u00eatre indemnis\u00e9e"},"content":{"rendered":"<p>L\u2019\u00e9pais dossier tr\u00f4ne sur la table du modeste appartement de Giovanna dos Santos, 78 ans. Depuis quatre ans, cette Ripag\u00e9rienne tente de faire reconna\u00eetre son pr\u00e9judice apr\u00e8s un accident survenu au d\u00e9but de l\u2019\u00e9t\u00e9 2021.<\/p>\n<p>Le 2\u00a0juillet, celle qui vient de quitter Saint-Chamond apr\u00e8s 37 ans de vie dans la commune, revient aider une connaissance. Elle se souvient tr\u00e8s bien de cette journ\u00e9e\u00a0: \u00ab\u00a0Avec mon mari, nous venions chercher une dame \u00e2g\u00e9e pour aller au club jouer aux cartes, car elle ne conduit pas et j\u2019aime bien rendre service. C\u2019est de chez elle \u00e0 la voiture, en passant sous l\u2019arche, au square de la croix Gauthier, que j\u2019ai chut\u00e9 dans le trou. Rien ne le signalait.\u00a0\u00bb<\/p>\n<p>Une fracture du coude gauche avec des s\u00e9quelles<\/p>\n<p>Si ce n\u2019\u00e9tait pas un trou b\u00e9ant, une bonne partie du bitume manquait. La&#8230;<\/p>\n","protected":false},"excerpt":{"rendered":"L\u2019\u00e9pais dossier tr\u00f4ne sur la table du modeste appartement de Giovanna dos Santos, 78 ans. Depuis quatre ans,&hellip;\n","protected":false},"author":2,"featured_media":236806,"comment_status":"","ping_status":"","sticky":false,"template":"","format":"standard","meta":{"footnotes":""},"categories":[9653],"tags":[119,1111,11,2430,7539,1777,674,274,107,1011,27,3367,12,25,9669,9670,4001,4604],"class_list":{"0":"post-236805","1":"post","2":"type-post","3":"status-publish","4":"format-standard","5":"has-post-thumbnail","7":"category-saint-etienne","8":"tag-accident","9":"tag-actu","10":"tag-actualites","11":"tag-auvergne-rhone-alpes","12":"tag-edition-loire-sud","13":"tag-eu","14":"tag-europe","15":"tag-faits-divers-justice","16":"tag-fil-info","17":"tag-fr","18":"tag-france","19":"tag-loire","20":"tag-news","21":"tag-republique-francaise","22":"tag-saint-chamond","23":"tag-saint-chamond-ville","24":"tag-saint-etienne","25":"tag-selection-abonne"},"share_on_mastodon":{"url":"https:\/\/pubeurope.com\/@fr\/114821529997860336","error":""},"_links":{"self":[{"href":"https:\/\/www.europesays.com\/fr\/wp-json\/wp\/v2\/posts\/236805","targetHints":{"allow":["GET"]}}],"collection":[{"href":"https:\/\/www.europesays.com\/fr\/wp-json\/wp\/v2\/posts"}],"about":[{"href":"https:\/\/www.europesays.com\/fr\/wp-json\/wp\/v2\/types\/post"}],"author":[{"embeddable":true,"href":"https:\/\/www.europesays.com\/fr\/wp-json\/wp\/v2\/users\/2"}],"replies":[{"embeddable":true,"href":"https:\/\/www.europesays.com\/fr\/wp-json\/wp\/v2\/comments?post=236805"}],"version-history":[{"count":0,"href":"https:\/\/www.europesays.com\/fr\/wp-json\/wp\/v2\/posts\/236805\/revisions"}],"wp:featuredmedia":[{"embeddable":true,"href":"https:\/\/www.europesays.com\/fr\/wp-json\/wp\/v2\/media\/236806"}],"wp:attachment":[{"href":"https:\/\/www.europesays.com\/fr\/wp-json\/wp\/v2\/media?parent=236805"}],"wp:term":[{"taxonomy":"category","embeddable":true,"href":"https:\/\/www.europesays.com\/fr\/wp-json\/wp\/v2\/categories?post=236805"},{"taxonomy":"post_tag","embeddable":true,"href":"https:\/\/www.europesays.com\/fr\/wp-json\/wp\/v2\/tags?post=236805"}],"curies":[{"name":"wp","href":"https:\/\/api.w.org\/{rel}","templated":true}]}}