{"id":236807,"date":"2025-07-09T05:04:13","date_gmt":"2025-07-09T05:04:13","guid":{"rendered":"https:\/\/www.europesays.com\/fr\/236807\/"},"modified":"2025-07-09T05:04:13","modified_gmt":"2025-07-09T05:04:13","slug":"saint-etienne-mathevon-poursuit-son-expansion-avec-un-nouvel-actionnaire","status":"publish","type":"post","link":"https:\/\/www.europesays.com\/fr\/236807\/","title":{"rendered":"Saint-Etienne. Mathevon poursuit son expansion avec un nouvel actionnaire"},"content":{"rendered":"<p><img loading=\"lazy\" decoding=\"async\" alt=\"\u00a9 Mathevon - Mathevon, dont le si\u00e8ge est bas\u00e9 \u00e0 Saint-Etienne, r\u00e9alise 90 % de son chiffre d'affaires \u00e0 l'international.\" data-zoom-src=\"https:\/\/www.europesays.com\/fr\/wp-content\/uploads\/2025\/07\/initial-mathevon-services-saint-etienne.jpg\" data-zoomable=\"\" height=\"702\" src=\"https:\/\/www.europesays.com\/fr\/wp-content\/uploads\/2025\/07\/initial-mathevon-services-saint-etienne.jpg\" width=\"1248\"\/>  <\/p>\n<p class=\"article-desc\">\u00a9 Mathevon &#8211; Mathevon, dont le si\u00e8ge est bas\u00e9 \u00e0 Saint-Etienne, r\u00e9alise 90 % de son chiffre d&rsquo;affaires \u00e0 l&rsquo;international. <\/p>\n<p>L&rsquo;arriv\u00e9e du fonds d\u2019investissement Montyon comme actionnaire majoritaire de l&rsquo;entreprise st\u00e9phanoise Mathevon doit permettre au sp\u00e9cialiste de l&rsquo;<strong>usinage de haute pr\u00e9cision<\/strong> de pi\u00e8ces de s\u00e9curit\u00e9 pour les industries nucl\u00e9aires, p\u00e9troli\u00e8res, gazi\u00e8res et p\u00e9trochimiques d&rsquo;acc\u00e9l\u00e9rer son d\u00e9veloppement \u00e0 l&rsquo;<strong>international<\/strong>.\u00a0 <\/p>\n<p>Ce partenariat qualifi\u00e9 de strat\u00e9gique marque le d\u00e9part des investisseurs historiques men\u00e9s par Siparex Midcap qui aura permis \u00e0 Mathevon de changer d&rsquo;\u00e9chelle, avec <strong>un chiffre d&rsquo;affaires multipli\u00e9 par deux<\/strong> ces six derni\u00e8res ann\u00e9es pour atteindre 90 millions d&rsquo;euros en 2024. <\/p>\n<p>Mathevon vise le leadership de l&rsquo;usinage de pr\u00e9cision \u00e0 l&rsquo;international <\/p>\n<p>Le groupe de <strong>500 collaborateurs<\/strong> bas\u00e9 \u00e0 Saint-\u00c9tienne est pr\u00e9sent \u00e0 l&rsquo;international, sur les march\u00e9s de l&rsquo;\u00e9nergie et depuis peu dans le secteur de la construction navale, o\u00f9 il r\u00e9alise l&rsquo;essentiel de son activit\u00e9.<\/p>\n<p>Op\u00e9rant au Moyen-Orient, en Asie, en Am\u00e9rique Latine et en Europe, il a ouvert en 2022 puis en 2024, deux sites industriels en Malaisie et en Arabie Saoudite. Ce nouvel investisseur doit l&rsquo;aider \u00e0 asseoir sa <strong>positon de leader<\/strong> de l&rsquo;usinage de pr\u00e9cision.\u00a0<\/p>\n<p>Pascal Lebard, cofondateur et pr\u00e9sident de Montyon, qui r\u00e9alise l\u00e0 son premier investissement, mise \u00ab\u00a0sur une croissance ambitieuse, fond\u00e9e sur l&rsquo;excellence industrielle, l&rsquo;innovation et l&rsquo;ouverture de nouveaux march\u00e9s.\u00a0\u00bb <\/p>\n<p>Ce fonds d&rsquo;investissement ind\u00e9pendant accompagne essentiellement des PME et ETI industrielles. Soutenu par Otium capital, une holding d&rsquo;investissements priv\u00e9e, il b\u00e9n\u00e9ficie \u00e9galement de l&rsquo;engagement d&rsquo;une famille industrielle suisse.\u00a0<\/p>\n","protected":false},"excerpt":{"rendered":"\u00a9 Mathevon &#8211; Mathevon, dont le si\u00e8ge est bas\u00e9 \u00e0 Saint-Etienne, r\u00e9alise 90 % de son chiffre d&rsquo;affaires&hellip;\n","protected":false},"author":2,"featured_media":236808,"comment_status":"","ping_status":"","sticky":false,"template":"","format":"standard","meta":{"footnotes":""},"categories":[9653],"tags":[1111,11,2430,913,1777,674,1011,27,693,2554,37588,12,25,4001],"class_list":{"0":"post-236807","1":"post","2":"type-post","3":"status-publish","4":"format-standard","5":"has-post-thumbnail","7":"category-saint-etienne","8":"tag-actu","9":"tag-actualites","10":"tag-auvergne-rhone-alpes","11":"tag-croissance","12":"tag-eu","13":"tag-europe","14":"tag-fr","15":"tag-france","16":"tag-industrie","17":"tag-investissements","18":"tag-mu00e9canique-de-pru00e9cision","19":"tag-news","20":"tag-republique-francaise","21":"tag-saint-etienne"},"share_on_mastodon":{"url":"https:\/\/pubeurope.com\/@fr\/114821533915800529","error":""},"_links":{"self":[{"href":"https:\/\/www.europesays.com\/fr\/wp-json\/wp\/v2\/posts\/236807","targetHints":{"allow":["GET"]}}],"collection":[{"href":"https:\/\/www.europesays.com\/fr\/wp-json\/wp\/v2\/posts"}],"about":[{"href":"https:\/\/www.europesays.com\/fr\/wp-json\/wp\/v2\/types\/post"}],"author":[{"embeddable":true,"href":"https:\/\/www.europesays.com\/fr\/wp-json\/wp\/v2\/users\/2"}],"replies":[{"embeddable":true,"href":"https:\/\/www.europesays.com\/fr\/wp-json\/wp\/v2\/comments?post=236807"}],"version-history":[{"count":0,"href":"https:\/\/www.europesays.com\/fr\/wp-json\/wp\/v2\/posts\/236807\/revisions"}],"wp:featuredmedia":[{"embeddable":true,"href":"https:\/\/www.europesays.com\/fr\/wp-json\/wp\/v2\/media\/236808"}],"wp:attachment":[{"href":"https:\/\/www.europesays.com\/fr\/wp-json\/wp\/v2\/media?parent=236807"}],"wp:term":[{"taxonomy":"category","embeddable":true,"href":"https:\/\/www.europesays.com\/fr\/wp-json\/wp\/v2\/categories?post=236807"},{"taxonomy":"post_tag","embeddable":true,"href":"https:\/\/www.europesays.com\/fr\/wp-json\/wp\/v2\/tags?post=236807"}],"curies":[{"name":"wp","href":"https:\/\/api.w.org\/{rel}","templated":true}]}}