{"id":236818,"date":"2025-07-09T05:14:17","date_gmt":"2025-07-09T05:14:17","guid":{"rendered":"https:\/\/www.europesays.com\/fr\/236818\/"},"modified":"2025-07-09T05:14:17","modified_gmt":"2025-07-09T05:14:17","slug":"mais-qui-a-vole-la-porte-du-city-stade","status":"publish","type":"post","link":"https:\/\/www.europesays.com\/fr\/236818\/","title":{"rendered":"mais qui a vol\u00e9 la porte du city-stade\u00a0?"},"content":{"rendered":"<p>            Par<br \/>\n        <strong><br \/>\n            <a href=\"https:\/\/actu.fr\/auteur\/chloe-lentier\" title=\"Consulter tous les articles de Chlo\u00e9 LENTIER\" target=\"_blank\" rel=\"noopener\">Chlo\u00e9 LENTIER<\/a><br \/>\n        <\/strong><\/p>\n<p>        Publi\u00e9 le<\/p>\n<p>            8 juil. 2025 \u00e0 17h36        <\/p>\n<p>Un <b>vol de porte<\/b> en pleine nuit, une <b>disparition inexpliqu\u00e9e<\/b> et une r\u00e9apparition tout aussi surprenante.<\/p>\n<p class=\" wall-content\">\u00c0 <a href=\"https:\/\/actu.fr\/normandie\/la-londe_76391\" target=\"_blank\" rel=\"noopener\">La Londe<\/a> (Seine-Maritime), l\u2019affaire du city-stade intrigue autant qu\u2019elle questionne.<\/p>\n<p>Un \u00e9quipement pris\u00e9 par les jeunes<\/p>\n<p class=\" wall-content\">Install\u00e9 en 2021, le city-stade fait figure de <b>terrain de jeu<\/b> privil\u00e9gi\u00e9 pour les enfants et adolescents du village. En journ\u00e9e, les \u00e9coles l\u2019utilisent ; le soir, ce sont les jeunes qui prennent le relais.<\/p>\n<p class=\" wall-content\">Deux acc\u00e8s permettent d\u2019y entrer : l\u2019un depuis l\u2019<b>\u00e9cole \u00e9l\u00e9mentaire<\/b>, l\u2019autre c\u00f4t\u00e9 rue. Un roulement bien rod\u00e9 : \u00e0 18 h 30, les animateurs ferment le c\u00f4t\u00e9 \u00e9cole et ouvrent celui de la rue, jusqu\u2019\u00e0 la reprise des classes le lendemain matin.<b\/><\/p>\n<p class=\" wall-content\">\u00ab C\u2019est un lieu tr\u00e8s <b>vivant<\/b>, utilis\u00e9 tr\u00e8s r\u00e9guli\u00e8rement. Jamais on n\u2019avait eu de souci jusqu\u2019ici. \u00bb, confie Isabelle Loison, adjointe \u00e0 la communication, \u00e0 la culture et \u00e0 la vie associative.<\/p>\n<p>Des d\u00e9gradations, puis une disparition<\/p>\n<p class=\" wall-content\">D\u00e9but juin, un <b>premier incident<\/b> vient ternir l\u2019ambiance : des dessins et \u00e9critures obsc\u00e8nes sont d\u00e9couverts sur le sol. La mairie fait nettoyer sans attendre. Puis survient l\u2019\u00e9pisode du samedi 21 juin 2025.<\/p>\n<p>Vid\u00e9os : en ce moment sur Actu<\/p>\n<p class=\" wall-content\">Alors que la f\u00eate \u00ab La <b>Londe d\u2019\u00e9t\u00e9<\/b> \u00bb bat son plein sur la place du village, \u00e0 quelques m\u00e8tres \u00e0 peine, la porte est d\u00e9mont\u00e9e c\u00f4t\u00e9 rue. Le lendemain, elle a tout simplement <b>disparu<\/b>.<\/p>\n<p class=\" wall-content\">Face \u00e0 cette <b>d\u00e9gradation<\/b>, la municipalit\u00e9 r\u00e9agit imm\u00e9diatement. Un message est diffus\u00e9 sur le site de la commune, l\u2019application PanneauPocket et les panneaux d\u2019affichage : \u00ab Suite aux incivilit\u00e9s, d\u00e9gradations et vol de la porte d\u2019acc\u00e8s au city-stade, la mairie se voit dans l\u2019obligation d\u2019en<b> interdire temporairement<\/b> l\u2019acc\u00e8s au public. \u00bb<\/p>\n<p>    <img   decoding=\"async\" loading=\"lazy\" class=\"size-large\" src=\"https:\/\/www.europesays.com\/fr\/wp-content\/uploads\/2025\/07\/4e8675347668632967534766816967v-960x640.jpg\" alt=\"Annonce\" width=\"960\" height=\"640\"\/><br \/>\n    Les messages ont peut-\u00eatre convaincu les personnes concern\u00e9es \u00e0 remettre la porte \u00e0 sa place. \u00a9Chlo\u00e9 Lentier<\/p>\n<p class=\" wall-content\">Une barri\u00e8re vient clore l\u2019acc\u00e8s. Une premi\u00e8re en quatre ans d\u2019existence. \u00ab C\u2019est la premi\u00e8re fois qu\u2019on doit faire \u00e7a. \u00bb, explique Isabelle Loison.<\/p>\n<p>Une r\u00e9apparition surprise<\/p>\n<p class=\" wall-content\">Le week-end du 28 et 29 juin, la porte refait surface. Elle a \u00e9t\u00e9 <b>discr\u00e8tement<\/b> repos\u00e9e, sans mot, sans trace. Les <b>services techniques<\/b> se chargent de la refixer. Depuis, l\u2019acc\u00e8s au terrain est \u00e0 nouveau autoris\u00e9 pour tous.<\/p>\n<p class=\" wall-content\">Qui l\u2019avait prise ? Pourquoi ? Et pourquoi la restituer sans bruit ? Une mauvaise blague ? Un d\u00e9fi ? L\u2019histoire reste floue.<\/p>\n<p class=\" wall-content\">\u00ab Aujourd\u2019hui, on peut \u00eatre surpris par tout\u2026 \u00bb, glisse Isabelle Loison, entre ironie et lassitude.<\/p>\n<p class=\" wall-content\">Suivez toute l\u2019actualit\u00e9 de vos villes et m\u00e9dias favoris en vous inscrivant \u00e0 <a href=\"https:\/\/moncompte.actu.fr\" title=\"D\u00e9couvez Mon Actu\" rel=\"nofollow noopener\" data-trk=\"{&quot;cta&quot;:{&quot;action&quot;:&quot;https:\\\/\\\/moncompte.actu.fr&quot;,&quot;category&quot;:&quot;mon compte&quot;,&quot;from&quot;:&quot;article footer&quot;,&quot;name&quot;:&quot;Mon actu&quot;,&quot;type&quot;:&quot;cta&quot;}}\" target=\"_blank\">Mon Actu<\/a>.<\/p>\n","protected":false},"excerpt":{"rendered":"Par Chlo\u00e9 LENTIER Publi\u00e9 le 8 juil. 2025 \u00e0 17h36 Un vol de porte en pleine nuit, une&hellip;\n","protected":false},"author":2,"featured_media":236819,"comment_status":"","ping_status":"","sticky":false,"template":"","format":"standard","meta":{"footnotes":""},"categories":[9587],"tags":[1111,11,4019,1777,674,1011,27,1757,12,5161,25,9590,104,517],"class_list":{"0":"post-236818","1":"post","2":"type-post","3":"status-publish","4":"format-standard","5":"has-post-thumbnail","7":"category-rouen","8":"tag-actu","9":"tag-actualites","10":"tag-ecoles","11":"tag-eu","12":"tag-europe","13":"tag-fr","14":"tag-france","15":"tag-insolite","16":"tag-news","17":"tag-normandie","18":"tag-republique-francaise","19":"tag-rouen","20":"tag-societe","21":"tag-sport"},"share_on_mastodon":{"url":"https:\/\/pubeurope.com\/@fr\/114821573301385978","error":""},"_links":{"self":[{"href":"https:\/\/www.europesays.com\/fr\/wp-json\/wp\/v2\/posts\/236818","targetHints":{"allow":["GET"]}}],"collection":[{"href":"https:\/\/www.europesays.com\/fr\/wp-json\/wp\/v2\/posts"}],"about":[{"href":"https:\/\/www.europesays.com\/fr\/wp-json\/wp\/v2\/types\/post"}],"author":[{"embeddable":true,"href":"https:\/\/www.europesays.com\/fr\/wp-json\/wp\/v2\/users\/2"}],"replies":[{"embeddable":true,"href":"https:\/\/www.europesays.com\/fr\/wp-json\/wp\/v2\/comments?post=236818"}],"version-history":[{"count":0,"href":"https:\/\/www.europesays.com\/fr\/wp-json\/wp\/v2\/posts\/236818\/revisions"}],"wp:featuredmedia":[{"embeddable":true,"href":"https:\/\/www.europesays.com\/fr\/wp-json\/wp\/v2\/media\/236819"}],"wp:attachment":[{"href":"https:\/\/www.europesays.com\/fr\/wp-json\/wp\/v2\/media?parent=236818"}],"wp:term":[{"taxonomy":"category","embeddable":true,"href":"https:\/\/www.europesays.com\/fr\/wp-json\/wp\/v2\/categories?post=236818"},{"taxonomy":"post_tag","embeddable":true,"href":"https:\/\/www.europesays.com\/fr\/wp-json\/wp\/v2\/tags?post=236818"}],"curies":[{"name":"wp","href":"https:\/\/api.w.org\/{rel}","templated":true}]}}