{"id":236824,"date":"2025-07-09T05:18:19","date_gmt":"2025-07-09T05:18:19","guid":{"rendered":"https:\/\/www.europesays.com\/fr\/236824\/"},"modified":"2025-07-09T05:18:19","modified_gmt":"2025-07-09T05:18:19","slug":"dans-ce-quartier-de-rennes-145-nouveaux-logements-dont-22-maisons-en-cours-de-construction","status":"publish","type":"post","link":"https:\/\/www.europesays.com\/fr\/236824\/","title":{"rendered":"Dans ce quartier de Rennes, 145 nouveaux logements dont 22 maisons en cours de construction"},"content":{"rendered":"<p>            Par<br \/>\n        <strong><br \/>\n            <a href=\"https:\/\/actu.fr\/auteur\/brian-legoff\" title=\"Consulter tous les articles de Brian Le Goff\" target=\"_blank\" rel=\"noopener\">Brian Le Goff<\/a><br \/>\n        <\/strong><\/p>\n<p>        Publi\u00e9 le<\/p>\n<p>            9 juil. 2025 \u00e0 6h32        <\/p>\n<p>\u00c0 <a href=\"https:\/\/actu.fr\/rennes\/\" target=\"_blank\" rel=\"noopener\">Rennes<\/a>, ce nouveau programme immobilier est la <strong>\u00ab\u00a0derni\u00e8re \u00e9tape de la transformation du quartier<\/strong> Beauregard-Quinc\u00e9, au nord de la ville, assurent les parties prenantes au projet. En effet, d\u2019ici \u00e0<strong> d\u00e9cembre\u00a02026,<\/strong> Arboretum, un nouvel ensemble d\u2019immeubles et de maisons, <strong>\u00e0 la lisi\u00e8re du parc de Quinc\u00e9<\/strong>, sera sorti de terre et pr\u00eat \u00e0 accueillir ses nouveaux habitants.<\/p>\n<p class=\" wall-content\">Laur\u00e9at de l\u2019Appel \u00e0 Manifestation d\u2019Int\u00e9r\u00eat \u00ab\u2009Construction bois pour tous\u2009\u00bb de Rennes M\u00e9tropole, le programme a \u00e9t\u00e9 pilot\u00e9 par le Groupe ARC et Keredes <strong>pour le compte d\u2019Espacil et d\u2019Archipel habitat<\/strong> et con\u00e7u par les agences Anthracite Architecture et Atelier WOA, dans le cadre de l\u2019am\u00e9nagement de la zone men\u00e9 par Territoires Rennes.<\/p>\n<blockquote class=\"ac-article-quote wall-content\">\n<p>Ce programme illustre une mixit\u00e9 forte \u00e0 tous les niveaux &#8211; typologie des logements (collectifs, interm\u00e9diaires, maisons), statuts d\u2019occupation (PLAI, PLUS, LLI, BRS, accession libre) et solutions techniques constructives (forte pr\u00e9sence du bois, b\u00e9ton, structures mixtes).<\/p>\n<p>    <strong>Espacil, Archipel Habitat et Territoires Rennes<\/strong><br \/>\n        Communiqu\u00e9 de presse    <\/p><\/blockquote>\n<p class=\" wall-content\">Ainsi, <strong>en 18\u00a0mois, 145 logements vont \u00eatre construits<\/strong>. Les promoteurs du projet vantent la\u00a0sobri\u00e9t\u00e9 fonci\u00e8re avec 107 logements par hectare et l\u2019omnipr\u00e9sence des v\u00e9g\u00e9taux avec \u00ab\u200963\u2009% d\u2019espaces verts\u2009\u00bb.<\/p>\n<p>    <img   decoding=\"async\" loading=\"lazy\" src=\"https:\/\/www.europesays.com\/fr\/wp-content\/uploads\/2025\/07\/arboretum-nouvelle-construction-immeuble-et-maison-quartier-beauregard-rennes-3-960x640.jpg\" alt=\"bb\" width=\"960\" height=\"640\"\/><br \/>\n    Deux immeubles de 16 et 7 \u00e9tages sont en cours de construction, pr\u00e8s du Quinc\u00e9 dans le nord de Rennes. (\u00a9 Visuel du projet)Vid\u00e9os : en ce moment sur ActuUn programme immobilier tr\u00e8s vari\u00e9<\/p>\n<p class=\" wall-content\">L\u2019ensemble s\u2019articule ainsi avec\u00a0deux b\u00e2timents embl\u00e9matiques\u2009:<\/p>\n<ul class=\" wall-content\">\n<li><strong>79 logements via l\u2019op\u00e9ration \u00ab\u2009\u00c9mergence\u2009\u00bb<\/strong>, un immeuble de 16 \u00e9tages compos\u00e9 de 31 T2, 32 T3 et 16 T4 r\u00e9partis avec 25 PLAI (Pr\u00eat Locatif Aid\u00e9 d\u2019Int\u00e9gration), 11 PLUS (Pr\u00eat Locatif \u00e0 Usage Social), 43 LLI (Logement Locatif Interm\u00e9diaire)\u2009;<\/li>\n<li><strong>40 logements avec l\u2019immeuble \u00ab\u2009Tixile\u2009\u00bb<\/strong>, du T2 au T5, \u00ab\u2009en reconstitution d\u2019offre\u2009\u00bb, en lien avec le nouveau programme de renouvellement urbain men\u00e9 \u00e0 Rennes\u2009;<\/li>\n<li><strong>22 maisons T4 et T5 et quatre <\/strong><strong>interm\u00e9diaires<\/strong> (plusieurs logements dans une m\u00eame b\u00e2tisse en accession libre ou Bail r\u00e9el Solidaire) qui encadrent une <strong>prairie centrale<\/strong>.<\/li>\n<\/ul>\n<p>    <img   decoding=\"async\" loading=\"lazy\" src=\"https:\/\/www.europesays.com\/fr\/wp-content\/uploads\/2025\/07\/quartier-beauregard-quince-960x640.png\" alt=\"Ce plan permet de se rendre compte de comment ce programme immobilier s'int\u00e8gre au reste du quartier.\" width=\"960\" height=\"640\"\/><br \/>\n    Ce plan permet de se rendre compte de comment ce programme immobilier s\u2019int\u00e8gre au reste du quartier. (\u00a9 Visuel du projet)<\/p>\n<p class=\" wall-content\">Le <strong>bois est tr\u00e8s pr\u00e9sent<\/strong> (36\u00a0kg\/m2) tant \u00e0 travers les murs \u00e0 ossature qu\u2019en bardage ou en habillage des balcons. Du <strong>triple vitrage<\/strong>, des ballons thermodynamiques dans les maisons et interm\u00e9diaires, et un <strong>chauffage urbain pour les logements collectifs<\/strong> sont les mat\u00e9riaux utilis\u00e9s par les constructeurs.<\/p>\n<p class=\" wall-content\">La <strong>plantation d\u2019un arbre est associ\u00e9e \u00e0 chaque logement,<\/strong> en \u00e9cho \u00e0 l\u2019ancrage \u00e9cologique du site. Des venelles pi\u00e9tonnes et des jardins partag\u00e9s font le lien avec le reste du quartier.<\/p>\n<p class=\" wall-content\">Suivez toute l\u2019actualit\u00e9 de vos villes et m\u00e9dias favoris en vous inscrivant \u00e0 <a href=\"https:\/\/moncompte.actu.fr\" title=\"D\u00e9couvez Mon Actu\" rel=\"nofollow noopener\" data-trk=\"{&quot;cta&quot;:{&quot;action&quot;:&quot;https:\\\/\\\/moncompte.actu.fr&quot;,&quot;category&quot;:&quot;mon compte&quot;,&quot;from&quot;:&quot;article footer&quot;,&quot;name&quot;:&quot;Mon actu&quot;,&quot;type&quot;:&quot;cta&quot;}}\" target=\"_blank\">Mon Actu<\/a>.<\/p>\n","protected":false},"excerpt":{"rendered":"Par Brian Le Goff Publi\u00e9 le 9 juil. 2025 \u00e0 6h32 \u00c0 Rennes, ce nouveau programme immobilier est&hellip;\n","protected":false},"author":2,"featured_media":236825,"comment_status":"","ping_status":"","sticky":false,"template":"","format":"standard","meta":{"footnotes":""},"categories":[2821],"tags":[1111,11,829,33,1777,674,1011,27,1908,6459,12,584,25,1352],"class_list":{"0":"post-236824","1":"post","2":"type-post","3":"status-publish","4":"format-standard","5":"has-post-thumbnail","7":"category-rennes","8":"tag-actu","9":"tag-actualites","10":"tag-bretagne","11":"tag-economie","12":"tag-eu","13":"tag-europe","14":"tag-fr","15":"tag-france","16":"tag-logement","17":"tag-logements-sociaux","18":"tag-news","19":"tag-rennes","20":"tag-republique-francaise","21":"tag-urbanisme"},"share_on_mastodon":{"url":"https:\/\/pubeurope.com\/@fr\/114821589081092831","error":""},"_links":{"self":[{"href":"https:\/\/www.europesays.com\/fr\/wp-json\/wp\/v2\/posts\/236824","targetHints":{"allow":["GET"]}}],"collection":[{"href":"https:\/\/www.europesays.com\/fr\/wp-json\/wp\/v2\/posts"}],"about":[{"href":"https:\/\/www.europesays.com\/fr\/wp-json\/wp\/v2\/types\/post"}],"author":[{"embeddable":true,"href":"https:\/\/www.europesays.com\/fr\/wp-json\/wp\/v2\/users\/2"}],"replies":[{"embeddable":true,"href":"https:\/\/www.europesays.com\/fr\/wp-json\/wp\/v2\/comments?post=236824"}],"version-history":[{"count":0,"href":"https:\/\/www.europesays.com\/fr\/wp-json\/wp\/v2\/posts\/236824\/revisions"}],"wp:featuredmedia":[{"embeddable":true,"href":"https:\/\/www.europesays.com\/fr\/wp-json\/wp\/v2\/media\/236825"}],"wp:attachment":[{"href":"https:\/\/www.europesays.com\/fr\/wp-json\/wp\/v2\/media?parent=236824"}],"wp:term":[{"taxonomy":"category","embeddable":true,"href":"https:\/\/www.europesays.com\/fr\/wp-json\/wp\/v2\/categories?post=236824"},{"taxonomy":"post_tag","embeddable":true,"href":"https:\/\/www.europesays.com\/fr\/wp-json\/wp\/v2\/tags?post=236824"}],"curies":[{"name":"wp","href":"https:\/\/api.w.org\/{rel}","templated":true}]}}