{"id":236826,"date":"2025-07-09T05:19:18","date_gmt":"2025-07-09T05:19:18","guid":{"rendered":"https:\/\/www.europesays.com\/fr\/236826\/"},"modified":"2025-07-09T05:19:18","modified_gmt":"2025-07-09T05:19:18","slug":"il-ny-a-jamais-eu-de-tour-samsic-le-geant-de-la-proprete-a-du-raboter-son-projet","status":"publish","type":"post","link":"https:\/\/www.europesays.com\/fr\/236826\/","title":{"rendered":"\u00ab\u00a0Il n\u2019y a jamais eu de tour Samsic\u00a0\u00bb\u2026 Le g\u00e9ant de la propret\u00e9 a d\u00fb raboter son projet"},"content":{"rendered":"<p>Le projet aura mis des ann\u00e9es \u00e0 se concr\u00e9tiser. En ce d\u00e9but d\u2019\u00e9t\u00e9, il en est encore aux fondations. A deux pas de la gare de <a href=\"https:\/\/www.20minutes.fr\/rennes\/\" class=\"color-ultramarine c-link\" target=\"_blank\" rel=\"noopener\">Rennes<\/a>, creus\u00e9 le long des rails de chemin de fer, un imposant trou b\u00e9ant vient rappeler l\u2019ampleur du chantier. Annonc\u00e9e en grande pompe en\u00a02018, la construction du futur si\u00e8ge social de Samsic est enfin entr\u00e9e dans sa phase visible.<\/p>\n<p>Promise pour la fin\u00a02023, la livraison n\u2019aura pas lieu avant\u00a02027 pour le si\u00e8ge et 2028 voire 2029 pour les autres b\u00e2timents. La faute \u00e0 une cascade d\u2019\u00e9v\u00e9nements\u00a0: la pand\u00e9mie de Covid-19, la flamb\u00e9e des taux d\u2019int\u00e9r\u00eat et la hausse des co\u00fbts de construction. R\u00e9sultat\u00a0: <a href=\"https:\/\/www.20minutes.fr\/rennes\/2340491-20180921-rennes-tour-26-etages-va-bientot-pousser-plein-centre-ville\" class=\"color-ultramarine c-link\" target=\"_blank\" rel=\"noopener\">la fameuse tour de pr\u00e8s de 100 m\u00e8tres voulue par Samsic<\/a> a \u00e9t\u00e9 rabot\u00e9e. \u00ab\u00a0On a enlev\u00e9 un tiers de l\u2019immeuble\u00a0\u00bb, reconna\u00eet Thierry Geffroy, patron du groupe. L\u2019immeuble <a href=\"https:\/\/www.20minutes.fr\/rennes\/4084820-20240404-rennes-future-tour-samsic-perd-30-metres-cause-inflation\" class=\"color-ultramarine c-link\" target=\"_blank\" rel=\"noopener\">ne fera pas 28 \u00e9tages, mais 17<\/a>, pour le plus grand plaisir de bon nombre de riverains, inquiets de voir une telle construction toiser leur jardinet.<\/p>\n<p>Se rapprocher de Paris<\/p>\n<p>Mais ce n\u2019est pas cette tour qui accueillera le si\u00e8ge du groupe international. \u00ab\u00a0Il n\u2019y a jamais eu de tour Samsic. Le b\u00e2timent qui accueillera le si\u00e8ge, il a toujours \u00e9t\u00e9 dimensionn\u00e9 autour de huit ou neuf \u00e9tages\u00a0\u00bb, assure Olivier Robin, directeur de For Immo, la soci\u00e9t\u00e9 de promotion immobili\u00e8re de Samsic. Les 750 salari\u00e9s aujourd\u2019hui bas\u00e9s \u00e0 Cesson-S\u00e9vign\u00e9 devraient emm\u00e9nager dans leurs nouveaux locaux \u00e0 l\u2019\u00e9t\u00e9\u00a02027 et profiter de ces deux b\u00e2timents lumineux situ\u00e9s \u00e0 deux pas de la gare et r\u00e9unis par un atrium. \u00ab\u00a0Il faut encore que l\u2019on fasse preuve de p\u00e9dagogie aupr\u00e8s de certains salari\u00e9s, mais on sera tr\u00e8s bien ici. On se rapproche de Paris, on se rapproche de l\u2019international\u00a0\u00bb, assure Thierry Geffroy.<\/p>\n<p><img decoding=\"async\" alt=\"Le futur si\u00e8ge social de Samsic sera \u00e9rig\u00e9 dans le quartier EuroRennes le long de la rue de l'Alma et des voies de chemin de fer. \" class=\"c-img\" loading=\"lazy\" fetchpriority=\"auto\" width=\"718\"  src=\"https:\/\/img.20mn.fr\/HcOdH80gS4eJffgnh_zr5Sk\/718x0\" \/>Le futur si\u00e8ge social de Samsic sera \u00e9rig\u00e9 dans le quartier EuroRennes le long de la rue de l&rsquo;Alma et des voies de chemin de fer. \u2002-\u00a0C. Allain\/20 Minutes<\/p>\n<p>Le gendre du fondateur Christian Roulleau est aujourd\u2019hui \u00e0 la t\u00eate d\u2019un v\u00e9ritable empire du service aux entreprises. Fond\u00e9 \u00e0 Rennes en\u00a01986, le groupe qui sponsorise le <a href=\"https:\/\/www.20minutes.fr\/sport\/stade_rennais\/\" class=\"color-ultramarine c-link\" target=\"_blank\" rel=\"noopener\">Stade Rennais<\/a> fait aujourd\u2019hui travailler plus de 140.000 personnes pour un chiffre d\u2019affaires de 4,3\u00a0milliards d\u2019euros. Un montant qui a \u00e9t\u00e9 multipli\u00e9 par deux en cinq ans, sous l\u2019effet de nombreuses acquisitions \u00e0 l\u2019international. \u00ab\u00a0Le groupe vit bien\u00a0\u00bb, dirait un entra\u00eeneur de football. Mais \u00e7a n\u2019a pas toujours \u00e9t\u00e9 le cas.<\/p>\n<p>\u00ab\u00a0Il y a eu des discussions muscl\u00e9es\u00a0\u00bb<\/p>\n<p>A entendre les diff\u00e9rents protagonistes, on comprend rapidement que le maintien de Samsic dans la capitale bretonne \u00e9tait loin d\u2019\u00eatre acquis il y a encore quelques ann\u00e9es. \u00ab\u00a0C\u2019\u00e9tait chaleureux mais chaud\u00a0\u00bb, raconte le fondateur de Samsic au sujet des premiers \u00e9changes avec <a href=\"https:\/\/www.20minutes.fr\/dossier\/nathalie_appere\" class=\"color-ultramarine c-link\" target=\"_blank\" rel=\"noopener\">Nathalie App\u00e9r\u00e9<\/a>. Tout \u00e7a s\u2019\u00e9tait pass\u00e9 autour d\u2019un ou deux caf\u00e9s dans le wagon bar du TGV reliant Rennes \u00e0 Paris, apr\u00e8s l\u2019\u00e9lection de la maire socialiste en\u00a02014. \u00ab\u00a0Oui, il y a eu des discussions muscl\u00e9es. Mais le choix de Samsic de rester \u00e0 Rennes montre que l\u2019on peut conqu\u00e9rir le monde depuis la Bretagne\u00a0\u00bb, se f\u00e9licite Nathalie App\u00e9r\u00e9.<\/p>\n<p><img decoding=\"async\" alt=\"Thierry Geffroy a pris la succession de son beau-p\u00e8re Christian Roulleau \u00e0 la t\u00eate du groupe de propret\u00e9 Samsic.\" class=\"c-img\" loading=\"lazy\" fetchpriority=\"auto\" width=\"718\"  src=\"https:\/\/img.20mn.fr\/9uAtmmTiQSGb8jnRnof1vik\/718x0\" \/>Thierry Geffroy a pris la succession de son beau-p\u00e8re Christian Roulleau \u00e0 la t\u00eate du groupe de propret\u00e9 Samsic.\u2002-\u00a0C. Allain\/20 Minutes<\/p>\n<p>L\u2019ensemble des deux \u00eelots devrait \u00eatre achev\u00e9 d\u2019ici\u00a02028 dans le quartier Euro Rennes. Et oui, la petite <a href=\"https:\/\/www.20minutes.fr\/rennes\/2346903-20181004-video-rennes-abandon-petite-maison-va-defier-tour-100-metres-haut\" class=\"color-ultramarine c-link\" target=\"_blank\" rel=\"noopener\">maison abandonn\u00e9e qui servait de poste de douane<\/a> et situ\u00e9e juste \u00e0 c\u00f4t\u00e9 sera conserv\u00e9e.<\/p>\n","protected":false},"excerpt":{"rendered":"Le projet aura mis des ann\u00e9es \u00e0 se concr\u00e9tiser. En ce d\u00e9but d\u2019\u00e9t\u00e9, il en est encore aux&hellip;\n","protected":false},"author":2,"featured_media":236827,"comment_status":"","ping_status":"","sticky":false,"template":"","format":"standard","meta":{"footnotes":""},"categories":[2821],"tags":[1111,47,11,1350,829,14477,33,1777,674,1011,27,848,1116,10736,12,17312,584,25,104,1352],"class_list":{"0":"post-236826","1":"post","2":"type-post","3":"status-publish","4":"format-standard","5":"has-post-thumbnail","7":"category-rennes","8":"tag-actu","9":"tag-actualite","10":"tag-actualites","11":"tag-architecture","12":"tag-bretagne","13":"tag-demenagement","14":"tag-economie","15":"tag-eu","16":"tag-europe","17":"tag-fr","18":"tag-france","19":"tag-ille-et-vilaine","20":"tag-immobilier","21":"tag-nathalie-appere","22":"tag-news","23":"tag-proprete","24":"tag-rennes","25":"tag-republique-francaise","26":"tag-societe","27":"tag-urbanisme"},"share_on_mastodon":{"url":"https:\/\/pubeurope.com\/@fr\/114821593171720102","error":""},"_links":{"self":[{"href":"https:\/\/www.europesays.com\/fr\/wp-json\/wp\/v2\/posts\/236826","targetHints":{"allow":["GET"]}}],"collection":[{"href":"https:\/\/www.europesays.com\/fr\/wp-json\/wp\/v2\/posts"}],"about":[{"href":"https:\/\/www.europesays.com\/fr\/wp-json\/wp\/v2\/types\/post"}],"author":[{"embeddable":true,"href":"https:\/\/www.europesays.com\/fr\/wp-json\/wp\/v2\/users\/2"}],"replies":[{"embeddable":true,"href":"https:\/\/www.europesays.com\/fr\/wp-json\/wp\/v2\/comments?post=236826"}],"version-history":[{"count":0,"href":"https:\/\/www.europesays.com\/fr\/wp-json\/wp\/v2\/posts\/236826\/revisions"}],"wp:featuredmedia":[{"embeddable":true,"href":"https:\/\/www.europesays.com\/fr\/wp-json\/wp\/v2\/media\/236827"}],"wp:attachment":[{"href":"https:\/\/www.europesays.com\/fr\/wp-json\/wp\/v2\/media?parent=236826"}],"wp:term":[{"taxonomy":"category","embeddable":true,"href":"https:\/\/www.europesays.com\/fr\/wp-json\/wp\/v2\/categories?post=236826"},{"taxonomy":"post_tag","embeddable":true,"href":"https:\/\/www.europesays.com\/fr\/wp-json\/wp\/v2\/tags?post=236826"}],"curies":[{"name":"wp","href":"https:\/\/api.w.org\/{rel}","templated":true}]}}