{"id":236828,"date":"2025-07-09T05:20:11","date_gmt":"2025-07-09T05:20:11","guid":{"rendered":"https:\/\/www.europesays.com\/fr\/236828\/"},"modified":"2025-07-09T05:20:11","modified_gmt":"2025-07-09T05:20:11","slug":"images-a-strasbourg-un-enorme-parc-va-etre-cree-dans-ce-quartier-en-construction","status":"publish","type":"post","link":"https:\/\/www.europesays.com\/fr\/236828\/","title":{"rendered":"IMAGES. \u00c0 Strasbourg, un \u00e9norme parc va \u00eatre cr\u00e9\u00e9 dans ce quartier en construction"},"content":{"rendered":"<p>            Par<br \/>\n        <strong><br \/>\n            <a href=\"https:\/\/actu.fr\/auteur\/olivia-kouassi\" title=\"Consulter tous les articles de Olivia Kouassi\" rel=\"nofollow noopener\" target=\"_blank\">Olivia Kouassi<\/a><br \/>\n        <\/strong><\/p>\n<p>        Publi\u00e9 le<\/p>\n<p>            9 juil. 2025 \u00e0 7h02        <\/p>\n<p>Implant\u00e9 au c\u0153ur de la<strong> ceinture verte<\/strong>, le<strong> projet urbain Archipel 2<\/strong> a pour ambition de devenir un quartier de vie europ\u00e9en et comptera \u00e0 l\u2019horizon 2029 pas moins de<strong> 700 logements.<\/strong> Ce tout nouveau quartier situ\u00e9 \u00e0 quelques pas des institutions europ\u00e9ennes au Wacken \u00e0 <strong>Strasbourg<\/strong> (<a href=\"https:\/\/actu.fr\/strasbourg\/\" rel=\"nofollow noopener\" target=\"_blank\">Bas-Rhin<\/a>) comptera \u00e9galement un<strong> tout nouveau parc<\/strong> de 4,5 hectares.<\/p>\n<p>16\u00a0millions d\u2019euros d\u2019investissement<\/p>\n<p class=\" wall-content\">Ce futur parc, grand comme l\u2019\u00e9quivalent de plus de six terrains de football, s\u2019\u00e9tendra de la place Adrien Zeller aux rives du canal de la Marne au Rhin. Un projet estim\u00e9 \u00e0 <strong>16\u00a0millions d\u2019euros<\/strong> qui comprendra une promenade arbor\u00e9e de 40\u00a0m\u00e8tres de large, des aires de jeux \u00e0 destination des plus jeunes et des espaces d\u00e9tentes.<\/p>\n<p>    <img   decoding=\"async\" loading=\"lazy\" src=\"https:\/\/www.europesays.com\/fr\/wp-content\/uploads\/2025\/07\/parc-archipel-2-wacken-strasbourg-960x544.jpg\" alt=\"Le futur parc du projet urbain Archipel 2 situ\u00e9 au coeur du Wacken s'inscrit dans une d\u00e9marche de valorisation de la ceinture verte.\" width=\"960\" height=\"544\"\/><br \/>\n    Le futur parc du projet urbain Archipel 2 situ\u00e9 au c\u0153ur du Wacken s\u2019inscrit dans une d\u00e9marche de valorisation de la ceinture verte. (\u00a9 Ingerop\/DeA\/ K&amp;+\u00a0\/Acte2 Paysage)<\/p>\n<p class=\" wall-content\">Un projet urbain, initi\u00e9 sous la pr\u00e9c\u00e9dente municipalit\u00e9 d\u00e8s 2015 et qui a \u00e9t\u00e9 r\u00e9orient\u00e9 d\u00e8s le d\u00e9but du mandat \u00ab\u2009avec une dimension \u00e9cologique et sociale plus importante\u2009\u00bb, a d\u00e9taill\u00e9 lundi 7\u00a0juillet la maire de la ville,<a href=\"https:\/\/actu.fr\/tag\/jeanne-barseghian\" rel=\"nofollow noopener\" target=\"_blank\"> Jeanne Barseghian<\/a> \u00e0 l\u2019occasion d\u2019une visite du chantier.<\/p>\n<p>Un parc deux fois plus grand que pr\u00e9vu<\/p>\n<p class=\" wall-content\">C\u2019est donc un parc<strong> deux fois plus grand que le projet initial<\/strong> qui a \u00e9t\u00e9 pens\u00e9 comme une extension de la ceinture verte avec la cr\u00e9ation d\u2019une nouvelle passerelle pi\u00e9tonne qui permettra de relier le parc de l\u2019Aar \u00e0 Schiltigheim en enjambant le canal.<\/p>\n<p>    <img   decoding=\"async\" loading=\"lazy\" src=\"https:\/\/www.europesays.com\/fr\/wp-content\/uploads\/2025\/07\/parc-archipel-2-wacken-strasbourg1-960x640.jpg\" alt=\"Le cour botanique qui longe le th\u00e9\u00e2tre du Maillon et la partie arri\u00e8re proche de la future passerelle qui reliera Strasbourg \u00e0 Schiltigheim seront livr\u00e9s au courant de l'ann\u00e9e 2026.\" width=\"960\" height=\"640\"\/><br \/>\n    Le cours botanique qui longe le th\u00e9\u00e2tre du Maillon et la partie arri\u00e8re proche de la future passerelle qui reliera Strasbourg \u00e0 Schiltigheim seront livr\u00e9s au courant de l\u2019ann\u00e9e 2026. (\u00a9: K et +\u00a0\/ Acte 2 paysage)<\/p>\n<p class=\" wall-content\">Une premi\u00e8re partie du parc, surnomm\u00e9e le cours botanique et qui longera le th\u00e9\u00e2tre du Maillon ainsi que les abords de la <a href=\"https:\/\/actu.fr\/grand-est\/strasbourg_67482\/une-passerelle-de-130m-de-long-va-bientot-voir-le-jour-dans-ce-quartier-de-strasbourg_62881567.html\" rel=\"nofollow noopener\" target=\"_blank\">future passerelle<\/a> Henrietta Leavitt, sera inaugur\u00e9e courant 2026. La partie centrale sera elle livr\u00e9e en m\u00eame temps que les derniers lots d\u2019immeubles \u00e0 l\u2019horizon 2027-2028.<\/p>\n<p>Quel avenir pour l\u2019espace vert qui longera le Rhenus\u2009?<\/p>\n<p class=\" wall-content\">Aucune date n\u2019a en revanche \u00e9t\u00e9 fix\u00e9e pour la partie d\u2019espace vert qui longera le <strong>Rhenus<\/strong>, le projet d\u2019extension du complexe sportif \u00e9tant pour le moment \u00e0 l\u2019arr\u00eat apr\u00e8s<strong> l\u2019abandon du projet \u00ab\u2009SIG Arena\u2009\u00bb<\/strong> port\u00e9 par l\u2019entreprise Wacken Immobilier. Plus de 45\u00a0millions d\u2019euros \u00e9taient n\u00e9cessaires pour financer le projet, qui devait aboutir \u00e0 la construction d\u2019une salle de 8\u2009500 places (contre 6\u2009000 aujourd\u2019hui) mais qui a \u00e9t\u00e9 abandonn\u00e9 faute de financeurs.<\/p>\n<p class=\" wall-content\">L\u2019Eurom\u00e9tropole, propri\u00e9taire des lieux, ne compte cependant pas laisser tomber et a pr\u00e9cis\u00e9 avoir lanc\u00e9 des <strong>consultations<\/strong> avec les diff\u00e9rents acteurs sportifs sur le devenir du lieu.<\/p>\n<p class=\" wall-content\">Suivez toute l\u2019actualit\u00e9 de vos villes et m\u00e9dias favoris en vous inscrivant \u00e0 <a href=\"https:\/\/moncompte.actu.fr\" title=\"D\u00e9couvez Mon Actu\" rel=\"nofollow noopener\" data-trk=\"{&quot;cta&quot;:{&quot;action&quot;:&quot;https:\\\/\\\/moncompte.actu.fr&quot;,&quot;category&quot;:&quot;mon compte&quot;,&quot;from&quot;:&quot;article footer&quot;,&quot;name&quot;:&quot;Mon actu&quot;,&quot;type&quot;:&quot;cta&quot;}}\" target=\"_blank\">Mon Actu<\/a>.<\/p>\n","protected":false},"excerpt":{"rendered":"Par Olivia Kouassi Publi\u00e9 le 9 juil. 2025 \u00e0 7h02 Implant\u00e9 au c\u0153ur de la ceinture verte, le&hellip;\n","protected":false},"author":2,"featured_media":236829,"comment_status":"","ping_status":"","sticky":false,"template":"","format":"standard","meta":{"footnotes":""},"categories":[2820],"tags":[1111,11,1777,674,1011,27,775,12,25,104,640,1352],"class_list":{"0":"post-236828","1":"post","2":"type-post","3":"status-publish","4":"format-standard","5":"has-post-thumbnail","7":"category-strasbourg","8":"tag-actu","9":"tag-actualites","10":"tag-eu","11":"tag-europe","12":"tag-fr","13":"tag-france","14":"tag-grand-est","15":"tag-news","16":"tag-republique-francaise","17":"tag-societe","18":"tag-strasbourg","19":"tag-urbanisme"},"share_on_mastodon":{"url":"https:\/\/pubeurope.com\/@fr\/114821597007706028","error":""},"_links":{"self":[{"href":"https:\/\/www.europesays.com\/fr\/wp-json\/wp\/v2\/posts\/236828","targetHints":{"allow":["GET"]}}],"collection":[{"href":"https:\/\/www.europesays.com\/fr\/wp-json\/wp\/v2\/posts"}],"about":[{"href":"https:\/\/www.europesays.com\/fr\/wp-json\/wp\/v2\/types\/post"}],"author":[{"embeddable":true,"href":"https:\/\/www.europesays.com\/fr\/wp-json\/wp\/v2\/users\/2"}],"replies":[{"embeddable":true,"href":"https:\/\/www.europesays.com\/fr\/wp-json\/wp\/v2\/comments?post=236828"}],"version-history":[{"count":0,"href":"https:\/\/www.europesays.com\/fr\/wp-json\/wp\/v2\/posts\/236828\/revisions"}],"wp:featuredmedia":[{"embeddable":true,"href":"https:\/\/www.europesays.com\/fr\/wp-json\/wp\/v2\/media\/236829"}],"wp:attachment":[{"href":"https:\/\/www.europesays.com\/fr\/wp-json\/wp\/v2\/media?parent=236828"}],"wp:term":[{"taxonomy":"category","embeddable":true,"href":"https:\/\/www.europesays.com\/fr\/wp-json\/wp\/v2\/categories?post=236828"},{"taxonomy":"post_tag","embeddable":true,"href":"https:\/\/www.europesays.com\/fr\/wp-json\/wp\/v2\/tags?post=236828"}],"curies":[{"name":"wp","href":"https:\/\/api.w.org\/{rel}","templated":true}]}}