{"id":236832,"date":"2025-07-09T05:22:10","date_gmt":"2025-07-09T05:22:10","guid":{"rendered":"https:\/\/www.europesays.com\/fr\/236832\/"},"modified":"2025-07-09T05:22:10","modified_gmt":"2025-07-09T05:22:10","slug":"nice-dites-le-avec-des-fleurs","status":"publish","type":"post","link":"https:\/\/www.europesays.com\/fr\/236832\/","title":{"rendered":"Nice. Dites-le avec des fleurs\u2026"},"content":{"rendered":"<p style=\"text-align: center;\"><img decoding=\"async\" src=\"https:\/\/www.europesays.com\/fr\/wp-content\/uploads\/2025\/07\/VilledeNice-David-NOUY.jpg\" title=\"\" alt=\"\"\/><br \/>&#8211; photo @ ville de Nice \u2013 David Nouy &#8211;<\/p>\n<p>D\u00e8s 2008, Christian Estrosi, Maire de Nice, a mis en place une politique de v\u00e9g\u00e9talisation et de renaturation pour transformer Nice en ville \u00ab\u00a0verte et bleue de la M\u00e9diterran\u00e9e\u00a0\u00bb. La Ville de Nice est class\u00e9e 1\u00e8re ville fran\u00e7aise de plus de 200 000 habitants en pourcentage de patrimoine arbor\u00e9 sur son territoire et a remport\u00e9 de nombreuses r\u00e9compenses au niveau national\u00a0:\u00a0 2014 &#8211; Le \u00ab\u00a0Grand Prix des Jury des Victoires du Paysage\u00a0\u00bb, pour la Promenade du Paillon\u00a0; 2015 &#8211; Le \u00ab\u00a0Troph\u00e9e d\u2019Argent\u00a0\u00bb du Cadre de Vie, troph\u00e9e d\u00e9livr\u00e9 par FimbACTE dans le cadre de l\u2019Am\u00e9nagement Urbain et Paysager sur le site de la Promenade du Paillon\u00a0; 2020 &#8211; \u00ab\u00a0Collection labellis\u00e9e Conservatoire des Collections V\u00e9g\u00e9tales Sp\u00e9cialis\u00e9es\u00a0\u00bb\u00a0; 2023 &#8211; Le \u00ab\u00a0Prix National de l\u2019Arbre\u00a0\u00bb\u00a0; 2023- Renouvellement du label \u00ab\u00a04 fleurs\u00a0\u00bb d\u00e9livr\u00e9 par le CNVVF qui est le plus haut niveau national (d\u00e9tenu par la Ville de Nice depuis 1975)&#8230;<\/p>\n<p>Le Conseil National des Villes et Villages Fleuris a propos\u00e9 la candidature de Nice pour se pr\u00e9senter au concours de \u00ab\u00a0l\u2019Entente Florale Europe\u00a0\u00bb pour cette ann\u00e9e 2025. Concours international horticole cr\u00e9\u00e9 en 1975 et regroupant aujourd\u2019hui 11 pays du continent, \u00ab\u00a0l\u2019Entente Florale Europe\u00a0\u00bb met en lumi\u00e8re les communes et villages pour l\u2019excellence de leurs fleurissements avec une prise en compte plus large de l\u2019ensemble de la qualit\u00e9 environnementale du cadre de vie, du d\u00e9veloppement durable avec l\u2019att\u00e9nuation du changement climatique, de la richesse du paysage et de sa bonne gestion, l\u2019importance des plantations pour une mise en valeur touristique avec l\u2019implication du public.<\/p>\n<p>Lundi 7 juillet, Pierre-Paul L\u00e9onelli, adjoint au Maire d\u00e9l\u00e9gu\u00e9 \u00e0 la propret\u00e9, \u00e0 la Collecte, et aux parcs et jardins, a re\u00e7u les membres du jury du concours \u00ab\u00a0Entente Florale Europe\u00a0\u00bb pour leur pr\u00e9senter les am\u00e9nagements r\u00e9alis\u00e9s en faveur de la nature en ville. Tout au long de la journ\u00e9e, les membres ont pu d\u00e9couvrir le travail r\u00e9alis\u00e9 depuis plus de 15 ans pour v\u00e9g\u00e9taliser la ville, notamment la Promenade du Paillon et son extension en cours, les trames vertes, la plantation en cours de 280 000 arbres dans le cadre de l\u2019op\u00e9ration \u00ab\u00a01 arbre 1 habitant\u00a0\u00bb, la v\u00e9g\u00e9talisation des cours d\u2019\u00e9cole, le futur grand parc paysager de la plaine du Var. La r\u00e8gle du \u00ab\u00a03-30-300\u00a0\u00bb qui consiste \u00e0 ce que chaque citadin ait une vue sur au moins 3 arbres adultes depuis son habitation \u2013 que chaque citadin vive dans un quartier ou une ville avec au moins 30\u00a0% de surface arbor\u00e9e &#8211; que chaque citadin habite \u00e0 moins de 300 m\u00e8tres d&rsquo;un espace vert\u2026 a ainsi pu \u00eatre mise en avant.<\/p>\n<p>Les prix seront annonc\u00e9s et remis lors d\u2019une c\u00e9r\u00e9monie qui aura lieu en septembre en Slov\u00e9nie. Bonne chance \u00e0 tous\u00a0!<\/p>\n","protected":false},"excerpt":{"rendered":"&#8211; photo @ ville de Nice \u2013 David Nouy &#8211; D\u00e8s 2008, Christian Estrosi, Maire de Nice, a&hellip;\n","protected":false},"author":2,"featured_media":236833,"comment_status":"","ping_status":"","sticky":false,"template":"","format":"standard","meta":{"footnotes":""},"categories":[2819],"tags":[1111,47,11,1777,674,1011,27,1110,1031,12,2401,882,25],"class_list":{"0":"post-236832","1":"post","2":"type-post","3":"status-publish","4":"format-standard","5":"has-post-thumbnail","7":"category-nice","8":"tag-actu","9":"tag-actualite","10":"tag-actualites","11":"tag-eu","12":"tag-europe","13":"tag-fr","14":"tag-france","15":"tag-informations","16":"tag-magazine","17":"tag-news","18":"tag-nice","19":"tag-provence-alpes-cote-dazur","20":"tag-republique-francaise"},"share_on_mastodon":{"url":"https:\/\/pubeurope.com\/@fr\/114821604770829095","error":""},"_links":{"self":[{"href":"https:\/\/www.europesays.com\/fr\/wp-json\/wp\/v2\/posts\/236832","targetHints":{"allow":["GET"]}}],"collection":[{"href":"https:\/\/www.europesays.com\/fr\/wp-json\/wp\/v2\/posts"}],"about":[{"href":"https:\/\/www.europesays.com\/fr\/wp-json\/wp\/v2\/types\/post"}],"author":[{"embeddable":true,"href":"https:\/\/www.europesays.com\/fr\/wp-json\/wp\/v2\/users\/2"}],"replies":[{"embeddable":true,"href":"https:\/\/www.europesays.com\/fr\/wp-json\/wp\/v2\/comments?post=236832"}],"version-history":[{"count":0,"href":"https:\/\/www.europesays.com\/fr\/wp-json\/wp\/v2\/posts\/236832\/revisions"}],"wp:featuredmedia":[{"embeddable":true,"href":"https:\/\/www.europesays.com\/fr\/wp-json\/wp\/v2\/media\/236833"}],"wp:attachment":[{"href":"https:\/\/www.europesays.com\/fr\/wp-json\/wp\/v2\/media?parent=236832"}],"wp:term":[{"taxonomy":"category","embeddable":true,"href":"https:\/\/www.europesays.com\/fr\/wp-json\/wp\/v2\/categories?post=236832"},{"taxonomy":"post_tag","embeddable":true,"href":"https:\/\/www.europesays.com\/fr\/wp-json\/wp\/v2\/tags?post=236832"}],"curies":[{"name":"wp","href":"https:\/\/api.w.org\/{rel}","templated":true}]}}