{"id":236834,"date":"2025-07-09T05:23:13","date_gmt":"2025-07-09T05:23:13","guid":{"rendered":"https:\/\/www.europesays.com\/fr\/236834\/"},"modified":"2025-07-09T05:23:13","modified_gmt":"2025-07-09T05:23:13","slug":"les-temperatures-sont-encore-en-baisse-voici-la-meteo-du-mercredi-9-juillet-dans-les-alpes-maritimes","status":"publish","type":"post","link":"https:\/\/www.europesays.com\/fr\/236834\/","title":{"rendered":"Les temp\u00e9ratures sont encore en baisse: voici la m\u00e9t\u00e9o du mercredi 9 juillet dans les Alpes-Maritimes"},"content":{"rendered":"<p>Le <strong>soleil<\/strong> va briller sans l&rsquo;ombre d&rsquo;un nuage du matin jusqu&rsquo;au soir, ce mercredi 9 juillet 2025, sur la totalit\u00e9 des <strong>Alpes-Maritimes<\/strong>.<\/p>\n<p>Le <strong>vent<\/strong> sera plus faible que les jours pr\u00e9c\u00e9dents mais continuera \u00e0 souffler dans les secteurs de Th\u00e9oule-sur-Mer, Antibes, Grasse, Saint-Martin-du-Var, Saint-Sauveur-sur-Tin\u00e9e, Guillaumes et Saint-Etienne-de-Tin\u00e9e.\u00a0<\/p>\n<p>Les plus fortes rafales atteindront <strong>45km\/h<\/strong>.\u00a0<\/p>\n<p><strong>Jusqu&rsquo;\u00e0 30\u00b0C<\/strong><\/p>\n<p>C\u00f4t\u00e9 <strong>temp\u00e9ratures<\/strong>, c&rsquo;est de plus en plus respirable. Il fera entre 17\u00b0C et 27\u00b0C ce mercredi matin puis jusqu&rsquo;\u00e0 30\u00b0C \u00e0 Guillaumes au plus chaud de la journ\u00e9e, soit 1\u00b0C seulement au-dessus de la normale de saison.<\/p>\n<p>Sur le littoral, le thermom\u00e8tre ne d\u00e9passera pas 29\u00b0C. La maximale la plus faible restera \u00e0 Tende, \u00e0 23\u00b0C.\u00a0<\/p>\n","protected":false},"excerpt":{"rendered":"Le soleil va briller sans l&rsquo;ombre d&rsquo;un nuage du matin jusqu&rsquo;au soir, ce mercredi 9 juillet 2025, sur&hellip;\n","protected":false},"author":2,"featured_media":236835,"comment_status":"","ping_status":"","sticky":false,"template":"","format":"standard","meta":{"footnotes":""},"categories":[2819],"tags":[1111,11,1777,674,1011,27,2487,12,2401,882,25],"class_list":{"0":"post-236834","1":"post","2":"type-post","3":"status-publish","4":"format-standard","5":"has-post-thumbnail","7":"category-nice","8":"tag-actu","9":"tag-actualites","10":"tag-eu","11":"tag-europe","12":"tag-fr","13":"tag-france","14":"tag-meteo","15":"tag-news","16":"tag-nice","17":"tag-provence-alpes-cote-dazur","18":"tag-republique-francaise"},"share_on_mastodon":{"url":"https:\/\/pubeurope.com\/@fr\/114821608494610226","error":""},"_links":{"self":[{"href":"https:\/\/www.europesays.com\/fr\/wp-json\/wp\/v2\/posts\/236834","targetHints":{"allow":["GET"]}}],"collection":[{"href":"https:\/\/www.europesays.com\/fr\/wp-json\/wp\/v2\/posts"}],"about":[{"href":"https:\/\/www.europesays.com\/fr\/wp-json\/wp\/v2\/types\/post"}],"author":[{"embeddable":true,"href":"https:\/\/www.europesays.com\/fr\/wp-json\/wp\/v2\/users\/2"}],"replies":[{"embeddable":true,"href":"https:\/\/www.europesays.com\/fr\/wp-json\/wp\/v2\/comments?post=236834"}],"version-history":[{"count":0,"href":"https:\/\/www.europesays.com\/fr\/wp-json\/wp\/v2\/posts\/236834\/revisions"}],"wp:featuredmedia":[{"embeddable":true,"href":"https:\/\/www.europesays.com\/fr\/wp-json\/wp\/v2\/media\/236835"}],"wp:attachment":[{"href":"https:\/\/www.europesays.com\/fr\/wp-json\/wp\/v2\/media?parent=236834"}],"wp:term":[{"taxonomy":"category","embeddable":true,"href":"https:\/\/www.europesays.com\/fr\/wp-json\/wp\/v2\/categories?post=236834"},{"taxonomy":"post_tag","embeddable":true,"href":"https:\/\/www.europesays.com\/fr\/wp-json\/wp\/v2\/tags?post=236834"}],"curies":[{"name":"wp","href":"https:\/\/api.w.org\/{rel}","templated":true}]}}