{"id":236836,"date":"2025-07-09T05:24:35","date_gmt":"2025-07-09T05:24:35","guid":{"rendered":"https:\/\/www.europesays.com\/fr\/236836\/"},"modified":"2025-07-09T05:24:35","modified_gmt":"2025-07-09T05:24:35","slug":"un-assistant-familial-accuse-dattouchements-sexuels-gagne-son-proces-contre-le-departement-de-la-sarthe","status":"publish","type":"post","link":"https:\/\/www.europesays.com\/fr\/236836\/","title":{"rendered":"Un assistant familial accus\u00e9 d&rsquo;attouchements sexuels gagne son proc\u00e8s contre le D\u00e9partement de la Sarthe"},"content":{"rendered":"<p>            Par<br \/>\n        <strong><br \/>\n            <a href=\"https:\/\/actu.fr\/auteur\/journaliste-echosarthois\" title=\"Consulter tous les articles de R\u00e9daction Echo Sarthois\" rel=\"nofollow noopener\" target=\"_blank\">R\u00e9daction Echo Sarthois<\/a><br \/>\n        <\/strong><\/p>\n<p>        Publi\u00e9 le<\/p>\n<p>            8 juil. 2025 \u00e0 13h20        <\/p>\n<p>La cour administrative d\u2019appel de Nantes a donn\u00e9 raison, pour une question de proc\u00e9dure, \u00e0 un assistant familial qui s\u2019\u00e9tait vu retirer son agr\u00e9ment pour \u00ab\u00a0attouchements sexuels\u00a0\u00bb sur des enfants, au grand dam du D\u00e9partement de la Sarthe.<\/p>\n<p>Licenci\u00e9 par le D\u00e9partement de la Sarthe en 2016, l\u2019assistant familial avait continu\u00e9 d\u2019exercer dans l\u2019Orne<\/p>\n<p class=\" wall-content\">L\u2019homme s\u2019\u00e9tait en fait \u00ab\u00a0vu attribuer un agr\u00e9ment familial pour garder trois enfants \u00e0 compter de 2011, sans limitation de dur\u00e9e\u00a0\u00bb, relate la cour administrative d\u2019appel de Nantes dans un arr\u00eat en date du 11 avril 2025 qui vient d\u2019\u00eatre rendu public.<\/p>\n<p class=\" wall-content\">Il avait toutefois \u00e9t\u00e9 licenci\u00e9 en 2016 par le D\u00e9partement de la Sarthe mais avait alors \u00ab\u00a0continu\u00e9 d\u2019exercer\u00a0\u00bb dans l\u2019Orne.<\/p>\n<p class=\" wall-content\">Une \u00ab\u00a0proc\u00e9dure judiciaire\u00a0\u00bb avait en fait \u00e9t\u00e9 ouverte \u00e0 son encontre \u00ab\u00a0en raison d\u2019une <b>suspicion d\u2019infraction p\u00e9nale \u00e0 caract\u00e8re sexuel<\/b> envers une enfant dont il avait la charge\u00a0\u00bb.\u00a0<\/p>\n<p class=\" wall-content\">Il avait plus pr\u00e9cis\u00e9ment \u00e9tait signal\u00e9 par \u00ab\u00a0la m\u00e8re d\u2019une des enfants accueillies\u00a0\u00bb, \u00e2g\u00e9e de 4 ans, qui avait d\u00e9nonc\u00e9 des \u00ab\u00a0attouchements sexuels\u00a0\u00bb.<\/p>\n<p class=\" wall-content\">Son agr\u00e9ment avait en cons\u00e9quence \u00e9t\u00e9 \u00ab\u00a0suspendu\u00a0\u00bb le 3 octobre 2018 et, \u00ab\u00a0\u00e0 la suite de la<b> r\u00e9ception de nouveaux \u00e9l\u00e9ments<\/b>\u00ab\u00a0, le pr\u00e9sident du conseil d\u00e9partemental de la Sarthe avait proc\u00e9d\u00e9 au \u00ab\u00a0retrait\u00a0\u00bb de son agr\u00e9ment le 1er f\u00e9vrier 2019, apr\u00e8s avoir recueilli l\u2019avis de la commission consultative paritaire d\u00e9partementale (CCPD).<\/p>\n<p>Vid\u00e9os : en ce moment sur Actu<\/p>\n<p class=\" wall-content\">Le tribunal administratif de Nantes, saisi par l\u2019int\u00e9ress\u00e9, avait annul\u00e9 le 7 d\u00e9cembre 2023 cette d\u00e9cision pour une question de proc\u00e9dure.<\/p>\n<blockquote class=\"ac-article-quote wall-content\">\n<p>\u00ab\u00a0La d\u00e9cision (\u2026) est intervenue \u00e0 la suite de la r\u00e9ception de nouveaux \u00e9l\u00e9ments d\u2019alerte relatifs \u00e0 d\u2019autres faits susceptibles de fonder une suspicion d\u2019agression sexuelle envers d\u2019autres enfants accueillis<\/p>\n<p>Le tribunal<\/p><\/blockquote>\n<p>\u00ab\u00a0Il n\u2019a pas \u00e9t\u00e9 en mesure de consulter l\u2019ensemble de son dossier administratif\u00a0\u00bb<\/p>\n<p class=\" wall-content\">Or, \u00ab\u00a0si le D\u00e9partement fait valoir que la communication de ces nouveaux \u00e9l\u00e9ments \u00e9tait susceptible de permettre l\u2019identification de l\u2019auteur du signalement, il lui appartenait d\u2019en porter la teneur \u00e0 la connaissance de l\u2019assistant familial, pour lui permettre de pr\u00e9parer utilement sa d\u00e9fense, en veillant (\u2026) \u00e0 la pr\u00e9servation des int\u00e9r\u00eats de l\u2019auteur du signalement\u00a0\u00bb, estimait la juridiction.<\/p>\n<p class=\" wall-content\">\u00ab\u00a0Le requ\u00e9rant, qui n\u2019a re\u00e7u aucune information sur ces nouveaux \u00e9l\u00e9ments, (\u2026) est (\u2026) fond\u00e9 \u00e0 soutenir qu\u2019il n\u2019a pas \u00e9t\u00e9 mis en mesure de consulter son dossier.\u00a0\u00bb<\/p>\n<p class=\" wall-content\">Le conseil d\u00e9partemental de la Sarthe \u2013 qui avait pourtant admis que ces \u00e9l\u00e9ments n\u2019avaient \u00e9t\u00e9 \u00e9voqu\u00e9s que \u00ab\u00a0bri\u00e8vement\u00a0\u00bb lors de la r\u00e9union de la commission consultative paritaire \u2013 avait alors saisi la cour administrative d\u2019appel de Nantes pour faire censurer ce jugement.<\/p>\n<p class=\" wall-content\">Celle-ci a cependant suivi les conclusions de la rapporteure publique et l\u2019a d\u00e9bout\u00e9.<\/p>\n<p class=\" wall-content\">En effet, la cour administrative d\u2019appel a confirm\u00e9 que le pr\u00e9sident du conseil d\u00e9partemental ne peut proc\u00e9der au retrait de l\u2019agr\u00e9ment de l\u2019assistant familial \u00ab\u00a0qu\u2019apr\u00e8s avoir saisi pour avis la commission consultative paritaire d\u00e9partementale comp\u00e9tente, devant laquelle l\u2019int\u00e9ress\u00e9 est en droit de pr\u00e9senter ses observations \u00e9crites ou orales, en lui indiquant, ainsi qu\u2019\u00e0 l\u2019assistant familial concern\u00e9, les motifs de la d\u00e9cision envisag\u00e9e\u00a0\u00bb, selon le\u00a0code de l\u2019action sociale et des familles.<\/p>\n<p class=\" wall-content\">\u00ab\u00a0Il ne r\u00e9sulte pas de l\u2019instruction que le D\u00e9partement de la Sarthe aurait pris la m\u00eame d\u00e9cision en ne retenant que les \u00ab\u00a0dysfonctionnements not\u00e9s\u00a0\u00bb par le pr\u00e9c\u00e9dent employeur de l\u2019assistant familial\u00a0\u00bb consid\u00e8rent les trois juges nantais.<\/p>\n<p class=\" wall-content\">\u00ab\u00a0C\u2019est ainsi \u00e0 bon droit que les premiers juges ont accueilli le moyen tir\u00e9 de ce qu\u2019il n\u2019a pas \u00e9t\u00e9 mis en mesure de consulter l\u2019ensemble de son dossier administratif\u00a0\u00bb, en concluent-ils.<\/p>\n<p class=\" wall-content\">Suivez toute l\u2019actualit\u00e9 de vos villes et m\u00e9dias favoris en vous inscrivant \u00e0 <a href=\"https:\/\/moncompte.actu.fr\" title=\"D\u00e9couvez Mon Actu\" rel=\"nofollow noopener\" data-trk=\"{&quot;cta&quot;:{&quot;action&quot;:&quot;https:\\\/\\\/moncompte.actu.fr&quot;,&quot;category&quot;:&quot;mon compte&quot;,&quot;from&quot;:&quot;article footer&quot;,&quot;name&quot;:&quot;Mon actu&quot;,&quot;type&quot;:&quot;cta&quot;}}\" target=\"_blank\">Mon Actu<\/a>.<\/p>\n","protected":false},"excerpt":{"rendered":"Par R\u00e9daction Echo Sarthois Publi\u00e9 le 8 juil. 2025 \u00e0 13h20 La cour administrative d\u2019appel de Nantes a&hellip;\n","protected":false},"author":2,"featured_media":236837,"comment_status":"","ping_status":"","sticky":false,"template":"","format":"standard","meta":{"footnotes":""},"categories":[2818],"tags":[1111,11,1777,674,118,1011,27,766,12,2636,25,799],"class_list":{"0":"post-236836","1":"post","2":"type-post","3":"status-publish","4":"format-standard","5":"has-post-thumbnail","7":"category-nantes","8":"tag-actu","9":"tag-actualites","10":"tag-eu","11":"tag-europe","12":"tag-faits-divers","13":"tag-fr","14":"tag-france","15":"tag-nantes","16":"tag-news","17":"tag-pays-de-la-loire","18":"tag-republique-francaise","19":"tag-violences-sexuelles"},"share_on_mastodon":{"url":"https:\/\/pubeurope.com\/@fr\/114821612403305968","error":""},"_links":{"self":[{"href":"https:\/\/www.europesays.com\/fr\/wp-json\/wp\/v2\/posts\/236836","targetHints":{"allow":["GET"]}}],"collection":[{"href":"https:\/\/www.europesays.com\/fr\/wp-json\/wp\/v2\/posts"}],"about":[{"href":"https:\/\/www.europesays.com\/fr\/wp-json\/wp\/v2\/types\/post"}],"author":[{"embeddable":true,"href":"https:\/\/www.europesays.com\/fr\/wp-json\/wp\/v2\/users\/2"}],"replies":[{"embeddable":true,"href":"https:\/\/www.europesays.com\/fr\/wp-json\/wp\/v2\/comments?post=236836"}],"version-history":[{"count":0,"href":"https:\/\/www.europesays.com\/fr\/wp-json\/wp\/v2\/posts\/236836\/revisions"}],"wp:featuredmedia":[{"embeddable":true,"href":"https:\/\/www.europesays.com\/fr\/wp-json\/wp\/v2\/media\/236837"}],"wp:attachment":[{"href":"https:\/\/www.europesays.com\/fr\/wp-json\/wp\/v2\/media?parent=236836"}],"wp:term":[{"taxonomy":"category","embeddable":true,"href":"https:\/\/www.europesays.com\/fr\/wp-json\/wp\/v2\/categories?post=236836"},{"taxonomy":"post_tag","embeddable":true,"href":"https:\/\/www.europesays.com\/fr\/wp-json\/wp\/v2\/tags?post=236836"}],"curies":[{"name":"wp","href":"https:\/\/api.w.org\/{rel}","templated":true}]}}