{"id":236844,"date":"2025-07-09T05:28:13","date_gmt":"2025-07-09T05:28:13","guid":{"rendered":"https:\/\/www.europesays.com\/fr\/236844\/"},"modified":"2025-07-09T05:28:13","modified_gmt":"2025-07-09T05:28:13","slug":"toulouse-tout-juste-inaugure-ce-parc-dans-cet-ecoquartier-fait-deja-debat-aupres-des-riverains","status":"publish","type":"post","link":"https:\/\/www.europesays.com\/fr\/236844\/","title":{"rendered":"Toulouse. Tout juste inaugur\u00e9, ce parc dans cet \u00e9coquartier fait d\u00e9j\u00e0 d\u00e9bat aupr\u00e8s des riverains"},"content":{"rendered":"<p>            Par<br \/>\n        <strong><br \/>\n            <a href=\"https:\/\/actu.fr\/auteur\/lea-afonso\" title=\"Consulter tous les articles de L\u00e9a Afonso\" rel=\"nofollow noopener\" target=\"_blank\">L\u00e9a Afonso<\/a><br \/>\n        <\/strong><\/p>\n<p>        Publi\u00e9 le<\/p>\n<p>            9 juil. 2025 \u00e0 7h12        <\/p>\n<p>Dans le tout nouvel <a href=\"https:\/\/actu.fr\/occitanie\/toulouse_31555\/toulouse-surplombe-par-le-metro-cet-immense-quartier-prend-forme-ce-qui-va-s-y-passer_60154434.html\" rel=\"nofollow noopener\" target=\"_blank\">\u00e9coquartier de <strong>Guillaumet<\/strong><\/a> situ\u00e9 juste entre la <strong>Roseraie et Jolimont<\/strong> \u00e0 <a href=\"https:\/\/actu.fr\/toulouse\/\" rel=\"nofollow noopener\" target=\"_blank\">Toulouse<\/a>, un <strong>parc<\/strong> vient d\u2019\u00eatre inaugur\u00e9 en ce d\u00e9but juillet. Jeux pour enfants, jardin partag\u00e9, espace de d\u00e9tente\u2026 Il a tout pour plaire\u2009! Et pourtant, les habitants lui trouvent quelques d\u00e9fauts. Rencontre ce mardi 8\u00a0juillet.<\/p>\n<p>Parc et \u00e9coquartier<\/p>\n<p class=\" wall-content\">Guillaumet, c\u2019est ce nouvel \u00e9coquartier qui fait parler de lui \u00e0 Toulouse. Construit \u00e0 deux pas de la ligne A du m\u00e9tro, il se composera \u00e0 terme de <strong>1\u2009200 logements, 8\u2009500\u00a0m2 de bureaux et 5\u2009800\u00a0m2 de commerces<\/strong>. Chaque jour, il se dessine un peu plus. Et en ce d\u00e9but juillet, c\u2019est un grand<strong> parc d\u2019un hectare<\/strong>, situ\u00e9 <a href=\"https:\/\/actu.fr\/occitanie\/toulouse_31555\/toulouse-1-600-agents-de-l-etat-vont-s-y-installer-dans-les-coulisses-de-la-nouvelle-cite-administrative_62188987.html\" rel=\"nofollow noopener\" target=\"_blank\">au pied de la nouvelle cit\u00e9 administrative<\/a> et juste \u00e0 c\u00f4t\u00e9 des<a href=\"https:\/\/actu.fr\/occitanie\/toulouse_31555\/apres-la-cartoucherie-ils-vont-ouvrir-de-nouvelles-halles-a-toulouse-voici-le-projet_62662179.html\" rel=\"nofollow noopener\" target=\"_blank\"> futures halles gourmandes<\/a>, qui accueille d\u00e9sormais les riverains.<\/p>\n<p class=\" wall-content\"><strong>Jardin partag\u00e9, espace de d\u00e9tente, boulodrome et jeux pour enfants<\/strong> donnent des couleurs \u00e0 ce poumon central du quartier. Un clin d\u2019\u0153il est m\u00eame fait au patrimoine toulousain avec un avion de bois et une croix occitane sur l\u2019aile arri\u00e8re du jeu.<\/p>\n<p>    <img   decoding=\"async\" loading=\"lazy\" src=\"https:\/\/www.europesays.com\/fr\/wp-content\/uploads\/2025\/07\/guillaumet-8-960x640.jpg\" alt=\"Une aire de jeux pour enfant avec un avion \u00e0 l'aile arri\u00e8re 100% Occitane !\" width=\"960\" height=\"640\"\/><br \/>\n    Une aire de jeux pour enfant avec un avion \u00e0 l\u2019aile arri\u00e8re 100\u2009% Occitane\u2009! (\u00a9L\u00e9a Afonso \/ Actu Toulouse)<\/p>\n<p class=\" wall-content\">\u00c9coquartier oblige, de nombreux <strong>arbres ont \u00e9t\u00e9 plant\u00e9s<\/strong>, et l\u2019accent est port\u00e9 sur la <strong>verdure au sol et les tons clairs<\/strong> pour refl\u00e9ter la chaleur. \u00ab\u2009C\u2019est un endroit que l\u2019on attendait, tr\u00e8s bien situ\u00e9 pour les habitants. Il y a le m\u00e9tro \u00e0 c\u00f4t\u00e9, mais aussi la cr\u00e8che. On est venu d\u00e8s l\u2019inauguration, raconte Katia, une maman habitante du quartier. Sans le parc, nous n\u2019aurions pas investi\u2009\u00bb, raconte-t-elle.<\/p>\n<p>Des arbres\u2026 Mais pas d\u2019ombre<\/p>\n<p class=\" wall-content\">Si tout semble avoir \u00e9t\u00e9 r\u00e9fl\u00e9chi, quelques jours apr\u00e8s l\u2019inauguration, les habitants, notamment les familles, ont d\u00e8s \u00e0 pr\u00e9sent quelques remarques. Effectivement, des arbres ont certes \u00e9t\u00e9 plant\u00e9s, mais cela n\u2019est pas suffisant selon elles. Et en effet, \u00e0 11h ce mardi matin, \u00ab\u2009il fait d\u00e9j\u00e0 tr\u00e8s <strong>chaud<\/strong> et cela ne va pas aller en s\u2019arrangeant\u2026 On a conscience que les <strong>arbres vont pousser,<\/strong> mais dans <strong>plusieurs ann\u00e9es<\/strong>. Et ce sera <strong>trop tard pour nous et nos enfants\u2009\u00bb<\/strong>, continue Katia.<\/p>\n<p>    <img   decoding=\"async\" loading=\"lazy\" src=\"https:\/\/www.europesays.com\/fr\/wp-content\/uploads\/2025\/07\/guillaumet-9-960x640.jpg\" alt=\"Les arbres tout juste plant\u00e9s ne font pas encore assez d'ombre au go\u00fbt des habitants.\" width=\"960\" height=\"640\"\/><br \/>\n    Les arbres tout juste plant\u00e9s ne font pas encore assez d\u2019ombre au go\u00fbt des habitants. (\u00a9L\u00e9a Afonso \/ Actu Toulouse)<\/p>\n<p class=\" wall-content\">\u00ab\u2009Il est impossible pour nos enfants de jouer sur les <strong>toboggans en acier, br\u00fblants<\/strong>. Pourquoi ne pas mettre des <strong>toiles<\/strong> comme cela est fait dans d\u2019autres jardins de la ville, ou des<strong> jets d\u2019eau<\/strong>\u2009?\u2009\u00bb, poursuit Belkist, une autre maman.<\/p>\n<p class=\" wall-content\">De son c\u00f4t\u00e9, la mairie temp\u00e8re\u2009: \u00ab\u2009sur les 13 <strong>hectares<\/strong> du quartier, <strong>5<\/strong> ont \u00e9t\u00e9 <strong>r\u00e9serv\u00e9s \u00e0 la v\u00e9g\u00e9talisation<\/strong> avec <strong>plus de 740 arbres<\/strong> pr\u00e9serv\u00e9s ou plant\u00e9s. Pour l\u2019aire de jeu, l\u2019am\u00e9nageur disait avoir plant\u00e9 des arbres suppl\u00e9mentaires que ceux pr\u00e9vus dans le cahier des charges initial afin d\u2019apporter davantage d\u2019ombre. Apr\u00e8s, je con\u00e7ois que pour l\u2019heure les arbres sont encore jeunes, il faudra attendre plus longtemps\u2009\u00bb, explique Isabelle Ferrer, maire de quartier. Quant \u00e0 une tonnelle au-dessus de l\u2019aire de jeux ou \u00e0 des espaces d\u2019eau, \u00ab\u2009cela n\u2019est pas pr\u00e9vu\u2009\u00bb.<\/p>\n<p>La s\u00e9curit\u00e9 contest\u00e9e<\/p>\n<p class=\" wall-content\">Autre point contest\u00e9 dans ce tout nouveau jardin\u2009: la <strong>s\u00e9curit\u00e9<\/strong>. Et ce, en raison des <strong>barri\u00e8res<\/strong> de d\u00e9limitation des espaces. \u00ab\u2009Pour encadrer l\u2019aire de jeux, certaines ont \u00e9t\u00e9 install\u00e9es, mais comment peuvent-elles \u00eatre aux normes\u2009?<strong> Elles font \u00e0 peine un m\u00e8tre<\/strong>. R\u00e9sultat, nos enfants peuvent les enjamber ou m\u00eame ouvrir le portillon. Si je ne surveille pas mon fils, il peut s\u2019enfuir\u2009\u00bb, soul\u00e8ve Belkist.<\/p>\n<p>    <img   decoding=\"async\" loading=\"lazy\" src=\"https:\/\/www.europesays.com\/fr\/wp-content\/uploads\/2025\/07\/guillaumet-13-960x640.jpg\" alt=\"Des barri\u00e8res trop basses, qui laissent les enfants sortir trop facilement.\" width=\"960\" height=\"640\"\/><br \/>\n    Des barri\u00e8res trop basses, qui laissent les enfants sortir trop facilement. (\u00a9L\u00e9a Afonso \/ Actu Toulouse)<\/p>\n<p class=\" wall-content\">Un point soulev\u00e9 par les habitants qui \u00e9tonne la maire de quartier. \u00ab\u2009Je n\u2019ai pas eu ces retours de la part des riverains. Mais une chose est s\u00fbre, il y a des <strong>contr\u00f4les de s\u00e9curit\u00e9<\/strong> sur ces barri\u00e8res autour de l\u2019aire pour enfants. Et j\u2019aurais tendance \u00e0 dire que c\u2019est <strong>normal<\/strong> qu\u2019elles soient <strong>basses<\/strong>, <strong>afin justement que les enfants puissent les ouvrir<\/strong>\u2009\u00bb, termine Isabelle Ferrer.<\/p>\n<p class=\" wall-content\">Suivez toute l\u2019actualit\u00e9 de vos villes et m\u00e9dias favoris en vous inscrivant \u00e0 <a href=\"https:\/\/moncompte.actu.fr\" title=\"D\u00e9couvez Mon Actu\" rel=\"nofollow noopener\" data-trk=\"{&quot;cta&quot;:{&quot;action&quot;:&quot;https:\\\/\\\/moncompte.actu.fr&quot;,&quot;category&quot;:&quot;mon compte&quot;,&quot;from&quot;:&quot;article footer&quot;,&quot;name&quot;:&quot;Mon actu&quot;,&quot;type&quot;:&quot;cta&quot;}}\" target=\"_blank\">Mon Actu<\/a>.<\/p>\n","protected":false},"excerpt":{"rendered":"Par L\u00e9a Afonso Publi\u00e9 le 9 juil. 2025 \u00e0 7h12 Dans le tout nouvel \u00e9coquartier de Guillaumet situ\u00e9&hellip;\n","protected":false},"author":2,"featured_media":236845,"comment_status":"","ping_status":"","sticky":false,"template":"","format":"standard","meta":{"footnotes":""},"categories":[2816],"tags":[1111,11,1719,1777,674,1011,27,12,2680,25,104,2312,1352],"class_list":{"0":"post-236844","1":"post","2":"type-post","3":"status-publish","4":"format-standard","5":"has-post-thumbnail","7":"category-toulouse","8":"tag-actu","9":"tag-actualites","10":"tag-enfants","11":"tag-eu","12":"tag-europe","13":"tag-fr","14":"tag-france","15":"tag-news","16":"tag-occitanie","17":"tag-republique-francaise","18":"tag-societe","19":"tag-toulouse","20":"tag-urbanisme"},"share_on_mastodon":{"url":"https:\/\/pubeurope.com\/@fr\/114821628618533914","error":""},"_links":{"self":[{"href":"https:\/\/www.europesays.com\/fr\/wp-json\/wp\/v2\/posts\/236844","targetHints":{"allow":["GET"]}}],"collection":[{"href":"https:\/\/www.europesays.com\/fr\/wp-json\/wp\/v2\/posts"}],"about":[{"href":"https:\/\/www.europesays.com\/fr\/wp-json\/wp\/v2\/types\/post"}],"author":[{"embeddable":true,"href":"https:\/\/www.europesays.com\/fr\/wp-json\/wp\/v2\/users\/2"}],"replies":[{"embeddable":true,"href":"https:\/\/www.europesays.com\/fr\/wp-json\/wp\/v2\/comments?post=236844"}],"version-history":[{"count":0,"href":"https:\/\/www.europesays.com\/fr\/wp-json\/wp\/v2\/posts\/236844\/revisions"}],"wp:featuredmedia":[{"embeddable":true,"href":"https:\/\/www.europesays.com\/fr\/wp-json\/wp\/v2\/media\/236845"}],"wp:attachment":[{"href":"https:\/\/www.europesays.com\/fr\/wp-json\/wp\/v2\/media?parent=236844"}],"wp:term":[{"taxonomy":"category","embeddable":true,"href":"https:\/\/www.europesays.com\/fr\/wp-json\/wp\/v2\/categories?post=236844"},{"taxonomy":"post_tag","embeddable":true,"href":"https:\/\/www.europesays.com\/fr\/wp-json\/wp\/v2\/tags?post=236844"}],"curies":[{"name":"wp","href":"https:\/\/api.w.org\/{rel}","templated":true}]}}