{"id":236849,"date":"2025-07-09T05:34:11","date_gmt":"2025-07-09T05:34:11","guid":{"rendered":"https:\/\/www.europesays.com\/fr\/236849\/"},"modified":"2025-07-09T05:34:11","modified_gmt":"2025-07-09T05:34:11","slug":"incendie-a-marseille-reprise-progressive-de-la-circulation-des-tgv-aujourdhui","status":"publish","type":"post","link":"https:\/\/www.europesays.com\/fr\/236849\/","title":{"rendered":"Incendie \u00e0 Marseille : reprise progressive de la circulation des TGV aujourd&rsquo;hui"},"content":{"rendered":"<ul class=\"jsx-862013697 ArticleChapo__List\">\n<li class=\"jsx-862013697 ArticleChapo__List_Item flex\">La circulation des trains \u00e0 grande vitesse doit reprendre \u00e0 Marseille ce mercredi matin.<\/li>\n<li class=\"jsx-862013697 ArticleChapo__List_Item flex\">Plusieurs trains avaient \u00e9t\u00e9 annul\u00e9s en raison des incendies.<\/li>\n<li class=\"jsx-862013697 ArticleChapo__List_Item flex\">Le trafic a\u00e9rien avait d\u00e9j\u00e0 repris mardi.<\/li>\n<\/ul>\n<p data-module=\"article-paragraph\" class=\"jsx-3046738180 Paragraph\">Ils \u00e9taient \u00e0 l&rsquo;arr\u00eat depuis plusieurs heures. La circulation des trains \u00e0 grande vitesse doit reprendre \u00e0 Marseille ce mercredi matin apr\u00e8s une interruption li\u00e9e \u00e0 des<a href=\"https:\/\/www.tf1info.fr\/meteo\/bouches-du-rhone-un-incendie-parcourt-30-hectares-aux-portes-de-marseille-l-aeroport-ferme-2381697.html\" target=\"_blank\" rel=\"noopener\"> violents incendies mardi aux portes de la ville<\/a>, tandis que celle des trains locaux reste fortement perturb\u00e9e, a annonc\u00e9 la SNCF.<\/p>\n<p data-module=\"article-paragraph\" class=\"jsx-3046738180 Paragraph\">\u00ab\u00a0Il est \u00e0 nouveau possible d\u2019exploiter la ligne \u00e0 grande vitesse entre Marseille et Aix TGV\u00a0\u00bb, a indiqu\u00e9 la SNCF dans un communiqu\u00e9 diffus\u00e9 dans la nuit de mardi \u00e0 mercredi.\u00a0 Les circulations grande vitesse doivent reprendre \u00ab\u00a0normalement\u00a0\u00bb d\u00e8s ce matin.<\/p>\n<p data-module=\"article-paragraph\" class=\"jsx-3046738180 Paragraph Paragraph__End\">Le premier train de la matin\u00e9e, pr\u00e9vu \u00e0 5h18 pour Paris, a cependant \u00e9t\u00e9 annonc\u00e9 avec un retard de 35 minutes li\u00e9 \u00e0 des \u00ab\u00a0difficult\u00e9s de pr\u00e9paration\u00a0\u00bb, selon le tableau des d\u00e9parts en ligne de la gare de Marseille.<\/p>\n<p><a href=\"https:\/\/www.tf1info.fr\/meteo\/reportage-video-c-est-l-apocalypse-les-images-marquantes-de-l-incendie-a-marseille-2381738.html\" rel=\"noopener\" class=\"jsx-3308031228 Link flex\" target=\"_blank\"><img decoding=\"async\" src=\"https:\/\/www.europesays.com\/fr\/wp-content\/uploads\/2025\/07\/violents-incendies-a-marseille-5792c1-0@1x.jpeg\" alt=\"Un avion lutte contre les incendies aux alentours de Marseille.\" loading=\"lazy\" importance=\"low\" fetchpriority=\"low\" class=\"\" aria-hidden=\"true\"\/><\/p>\n<p class=\"jsx-3657663356 ReadMoreArticle__Title\">Lire aussi<\/p>\n<p class=\"jsx-3657663356\">\u00ab\u00a0C&rsquo;est l&rsquo;apocalypse\u00a0\u00bb : les images marquantes de l&rsquo;incendie \u00e0 Marseille<\/p>\n<p><\/a>Des trains avaient \u00e9t\u00e9 supprim\u00e9s<\/p>\n<p data-module=\"article-paragraph\" class=\"jsx-3046738180 Paragraph\">Certains trains avaient \u00e9t\u00e9 supprim\u00e9s au d\u00e9part et \u00e0 l&rsquo;arriv\u00e9e de Marseille en direction du nord et du sud-ouest en raison d&rsquo;un grand incendie.<\/p>\n<p data-module=\"article-paragraph\" class=\"jsx-3046738180 Paragraph\">Des trains TGV Inoui, Ouigo et Frecciarossa pour Paris, Lyon ou Lille ont par ailleurs \u00e9t\u00e9 supprim\u00e9s \u00e0 cause des incendies. \u00a0<\/p>\n<p data-module=\"article-paragraph\" class=\"jsx-3046738180 Paragraph\">Sur la ligne classique, les circulations restaient interrompues mercredi matin entre Marseille et Miramas, en direction d&rsquo;Avignon (au nord-ouest), \u00ab\u00a0le temps de finaliser les v\u00e9rifications et remises en \u00e9tat mercredi matin\u00a0\u00bb, a pr\u00e9cis\u00e9 la SNCF. \u00a0<\/p>\n<p data-module=\"article-paragraph\" class=\"jsx-3046738180 Paragraph\">Les trains locaux allant dans cette direction \u00e9taient annul\u00e9s mercredi matin et l\u2019heure de reprise \u00e9tait estim\u00e9e \u00e0 midi.\u00a0<\/p>\n<p data-module=\"article-paragraph\" class=\"jsx-3046738180 Paragraph Paragraph__End\">\u00c0 l&rsquo;a\u00e9roport de Marseille-Provence, le trafic a aussi \u00e9t\u00e9 suspendu mardi apr\u00e8s-midi en raison de l&rsquo;incendie mais a repris partiellement \u00e0 la tomb\u00e9e de la nuit.<\/p>\n<p>A.S avec AFP<\/p>\n","protected":false},"excerpt":{"rendered":"La circulation des trains \u00e0 grande vitesse doit reprendre \u00e0 Marseille ce mercredi matin. Plusieurs trains avaient \u00e9t\u00e9&hellip;\n","protected":false},"author":2,"featured_media":236850,"comment_status":"","ping_status":"","sticky":false,"template":"","format":"standard","meta":{"footnotes":""},"categories":[2814],"tags":[1111,11,1921,1777,674,6017,1011,27,1310,1922,2954,884,12,626,882,25,2215,926,133,2953],"class_list":{"0":"post-236849","1":"post","2":"type-post","3":"status-publish","4":"format-standard","5":"has-post-thumbnail","7":"category-marseille","8":"tag-actu","9":"tag-actualites","10":"tag-article-video","11":"tag-eu","12":"tag-europe","13":"tag-fait-divers","14":"tag-fr","15":"tag-france","16":"tag-incendie","17":"tag-info","18":"tag-justice-et-faits-divers","19":"tag-marseille","20":"tag-news","21":"tag-paris","22":"tag-provence-alpes-cote-dazur","23":"tag-republique-francaise","24":"tag-sncf","25":"tag-train","26":"tag-video","27":"tag-video-police"},"share_on_mastodon":{"url":"https:\/\/pubeurope.com\/@fr\/114821652045889852","error":""},"_links":{"self":[{"href":"https:\/\/www.europesays.com\/fr\/wp-json\/wp\/v2\/posts\/236849","targetHints":{"allow":["GET"]}}],"collection":[{"href":"https:\/\/www.europesays.com\/fr\/wp-json\/wp\/v2\/posts"}],"about":[{"href":"https:\/\/www.europesays.com\/fr\/wp-json\/wp\/v2\/types\/post"}],"author":[{"embeddable":true,"href":"https:\/\/www.europesays.com\/fr\/wp-json\/wp\/v2\/users\/2"}],"replies":[{"embeddable":true,"href":"https:\/\/www.europesays.com\/fr\/wp-json\/wp\/v2\/comments?post=236849"}],"version-history":[{"count":0,"href":"https:\/\/www.europesays.com\/fr\/wp-json\/wp\/v2\/posts\/236849\/revisions"}],"wp:featuredmedia":[{"embeddable":true,"href":"https:\/\/www.europesays.com\/fr\/wp-json\/wp\/v2\/media\/236850"}],"wp:attachment":[{"href":"https:\/\/www.europesays.com\/fr\/wp-json\/wp\/v2\/media?parent=236849"}],"wp:term":[{"taxonomy":"category","embeddable":true,"href":"https:\/\/www.europesays.com\/fr\/wp-json\/wp\/v2\/categories?post=236849"},{"taxonomy":"post_tag","embeddable":true,"href":"https:\/\/www.europesays.com\/fr\/wp-json\/wp\/v2\/tags?post=236849"}],"curies":[{"name":"wp","href":"https:\/\/api.w.org\/{rel}","templated":true}]}}