{"id":236854,"date":"2025-07-09T05:38:13","date_gmt":"2025-07-09T05:38:13","guid":{"rendered":"https:\/\/www.europesays.com\/fr\/236854\/"},"modified":"2025-07-09T05:38:13","modified_gmt":"2025-07-09T05:38:13","slug":"fete-du-14-juillet-ou-la-celebrer-dans-lessonne","status":"publish","type":"post","link":"https:\/\/www.europesays.com\/fr\/236854\/","title":{"rendered":"F\u00eate du 14 juillet : o\u00f9 la c\u00e9l\u00e9brer dans l&rsquo;Essonne ?"},"content":{"rendered":"<p>Le <strong>14 juillet<\/strong> fait partie des f\u00eates incontournables de l\u2019ann\u00e9e pour les Franciliens. C\u2019est l\u2019occasion pour eux d\u2019assister au traditionnel d\u00e9fil\u00e9 militaire de retour sur les Champs-\u00c9lys\u00e9es cette ann\u00e9e, mais aussi aux <a href=\"https:\/\/mesinfos.fr\/ile-de-france\/14-juillet-ou-celebrer-la-fete-nationale-dans-les-yvelines-225247.html\" rel=\"noopener\" target=\"_blank\">feux d\u2019artifice<\/a> organis\u00e9s par de nombreuses communes de la r\u00e9gion. Dans l\u2019Essonne, certaines villes ont d\u00e9voil\u00e9 leur programme pour un 14 juillet, parfois f\u00eat\u00e9 le 13 juillet, tout en musique et en lumi\u00e8res. <\/p>\n<p>\u00c9tampes reconduit son programme cette ann\u00e9e <\/p>\n<p>Comme l\u2019an dernier, la ville royale fortifi\u00e9e d\u2019\u00c9tampes organise une <strong>journ\u00e9e de comm\u00e9morations<\/strong> pour la f\u00eate nationale. Cette ann\u00e9e, lundi 14 juillet, les habitants pourront assister \u00e0 une c\u00e9r\u00e9monie comm\u00e9morative dans la cour de l&rsquo;H\u00f4tel de Ville, \u00e0 partir de 9h30. Cette c\u00e9r\u00e9monie est ouverte \u00e0 tous et gratuitement. <\/p>\n<p>S\u2019en suivront\u00a0un <strong>bal<\/strong>, anim\u00e9 par l\u2019orchestre Mill\u00e9nium sur l&rsquo;\u00eele de loisirs, de 22h30 \u00e0 1h, et un feu d&rsquo;artifice \u00e0 admirer \u00e0 23h. <\/p>\n<p>Lundi 14 juillet, \u00cele de loisirs d&rsquo;\u00c9tampes, 5 Avenue Charles de Gaulle, 91150 \u00c9tampes. Entr\u00e9e libre et gratuite. <\/p>\n<p>\u00a0<\/p>\n<p> <img decoding=\"async\" alt=\"14 juillet Etampes\" class=\"img-align-center img-size-limited\" data-zoomable=\"\" height=\"2048\" loading=\"lazy\" src=\"https:\/\/www.europesays.com\/fr\/wp-content\/uploads\/2025\/07\/14-juillet-2025-affiche-120x176-hd-1396x2048.jpg\" width=\"1396\"\/> \u00a9Ville d&rsquo;Etampes &#8211; L&rsquo;affiche des festivit\u00e9s du 14 juillet 2025. <\/p>\n<p>\u00a0 <\/p>\n<p>Un bal populaire et un feu d&rsquo;artifice \u00e0 Longjumeau <\/p>\n<p>\u00c0 <strong>Longjumeau<\/strong>, rendez-vous la veille de la f\u00eate nationale, le 13 juillet, au <strong>parc des sports Longrenay<\/strong> pour profiter des festivit\u00e9s, qui d\u00e9buteront en fin de journ\u00e9e par un <strong>pique-nique g\u00e9ant<\/strong> avec des <strong>foodtrucks<\/strong>. Les habitants pourront ensuite aller danser d\u00e8s 21h30 sur la piste de danse d\u00e9di\u00e9e \u00e0 cette occasion et attendre en musique le lancement du feu d\u2019artifice \u00e0 23h30. <\/p>\n<p>Dimanche 13 juillet, Parc des sports Langrenay, 25 Rue L\u00e9ontine Sohier, 91160 Longjumeau. Entr\u00e9e gratuite. <\/p>\n<p>  Pique-nique g\u00e9ant, fanfare, bal et feu d\u2019artifice \u00e0 Gif-sur-Yvette <\/p>\n<p>La Ville de <strong>Gif-sur-Yvette<\/strong> s\u2019aligne sur ses voisines avec un <a href=\"https:\/\/mesinfos.fr\/92800-puteaux\/garden-parvis-un-14-juillet-aerien-des-8h-a-la-defense-225437.html\" rel=\"noopener\" target=\"_blank\">bal et un feu d\u2019artifice<\/a> le 13 juillet. La journ\u00e9e d\u00e9butera avec un pique-nique r\u00e9publicain \u00e0 partir de 19h30 dans le <strong>parc du Ch\u00e2teau de Belleville<\/strong>. Il est conseill\u00e9 de venir avec sa nappe, son pique-nique et sa vaisselle pour se rassembler, car seulement quelques nappes en tissu seront pr\u00eat\u00e9es par la Ville, sous r\u00e9serve du stock disponible : les premiers arriv\u00e9s seront les premiers servis.<\/p>\n<p>La commune accueillera aussi plusieurs <strong>food trucks<\/strong> avec diff\u00e9rentes sp\u00e9cialit\u00e9s : asiatiques, am\u00e9ricaines, churros, cr\u00eapes et glaces \u00e0 l\u2019italienne ou encore pizzas, frites, saucisses, boissons et glaces. <\/p>\n<p>La <strong>fanfare de l\u2019\u00c9cole normale sup\u00e9rieure<\/strong> \u201cl\u2019Ernestophone\u201d fera une repr\u00e9sentation \u00e0 20h30 avant de laisser place au bal avec le groupe rock Wanted Revival. \u00c0 23 h, le feu d\u2019artifice de la ville viendra cl\u00f4turer cette journ\u00e9e, sur le th\u00e8me de la pop Culture. <\/p>\n<p>Dimanche 13 juillet, parc du Ch\u00e2teau de Belleville, Rue de la Ferme de Belleville, 91190 Gif sur Yvette. Entr\u00e9e gratuite. <\/p>\n<p>\u00a0<\/p>\n<p> <img decoding=\"async\" alt=\"festivit\u00e9 Gif sur Yvette\" class=\"img-align-center img-size-limited\" data-zoomable=\"\" height=\"740\" loading=\"lazy\" src=\"https:\/\/www.europesays.com\/fr\/wp-content\/uploads\/2025\/07\/gif-sur-yvette-pique-nique-republicain.jpg\" width=\"740\"\/> \u00a9Ville de Gif-sur-Yvette. <\/p>\n<p>\u00a0 <\/p>\n<p>Bal des pompiers et feu d\u2019artifice \u00e0 Savigny-sur-Orge <\/p>\n<p>La commune de <strong>Savigny-sur-Orge <\/strong>donne rendez-vous au public le 13 juillet pour c\u00e9l\u00e9brer la f\u00eate nationale. Les festivit\u00e9s commenceront en musique par un <strong>bal des pompiers<\/strong> d\u00e8s 19h \u00e0 la caserne. Familles et amis pourront ensuite terminer la soir\u00e9e en beaut\u00e9 devant un grand <strong>spectacle pyrotechnique au Parc des Sports Jean-Moulin<\/strong> (en face de la tribune de rugby) d\u00e8s 23h15 (ouverture des portes d\u00e8s 22h45). A noter toutefois que l\u2019acc\u00e8s au stade, libre et gratuit, sera limit\u00e9 \u00e0 2 500 personnes maximum, pour des raisons de s\u00e9curit\u00e9\u00a0; il est pr\u00e9f\u00e9rable d\u2019arriver en avance pour \u00eatre s\u00fbr de pouvoir entrer dans le stade.<\/p>\n<p>Dimanche 13 juillet, Parc des Sports &#8211; Jean Moulin, 33 Avenue de l&rsquo;Arm\u00e9e Leclerc , 91600 Savigny sur Orge. Entr\u00e9e gratuite. <\/p>\n<p> Athis-Mons rend hommage aux Bronz\u00e9s font du ski <\/p>\n<p>Aussi insolite que cela puisse para\u00eetre, <strong>Athis-Mons <\/strong>f\u00eatera le 14 juillet en mode ski ! Cette ann\u00e9e, la Ville convie ses habitants le 13 juillet pour rendre hommage au film Les Bronz\u00e9s font du ski. La soir\u00e9e d\u00e9butera \u00e0 19h par un bal des pompiers au centre de secours Jean-Claude Lajoie. Un feu d\u2019artifice sur le th\u00e8me du film sera ensuite tir\u00e9 \u00e0 23h30 devant la mairie. Les habitants les plus motiv\u00e9s pourront retourner au bal des pompiers apr\u00e8s en avoir pris plein les yeux\u00a0! <\/p>\n<p>Dimanche 13 juillet, Centre de secours Jean-Claude Lajoie, 5 Avenue Henri Dunant, 91200 Athis Mons. Entr\u00e9e gratuite. <\/p>\n<p>\u00a0<\/p>\n<p>\u00a0<\/p>\n","protected":false},"excerpt":{"rendered":"Le 14 juillet fait partie des f\u00eates incontournables de l\u2019ann\u00e9e pour les Franciliens. C\u2019est l\u2019occasion pour eux d\u2019assister&hellip;\n","protected":false},"author":2,"featured_media":236855,"comment_status":"","ping_status":"","sticky":false,"template":"","format":"standard","meta":{"footnotes":""},"categories":[1592],"tags":[1111,11,1777,674,1011,27,28758,662,12,626,25],"class_list":{"0":"post-236854","1":"post","2":"type-post","3":"status-publish","4":"format-standard","5":"has-post-thumbnail","7":"category-ile-de-france","8":"tag-actu","9":"tag-actualites","10":"tag-eu","11":"tag-europe","12":"tag-fr","13":"tag-france","14":"tag-fu00eate-nationale","15":"tag-ile-de-france","16":"tag-news","17":"tag-paris","18":"tag-republique-francaise"},"share_on_mastodon":{"url":"https:\/\/pubeurope.com\/@fr\/114821667777521059","error":""},"_links":{"self":[{"href":"https:\/\/www.europesays.com\/fr\/wp-json\/wp\/v2\/posts\/236854","targetHints":{"allow":["GET"]}}],"collection":[{"href":"https:\/\/www.europesays.com\/fr\/wp-json\/wp\/v2\/posts"}],"about":[{"href":"https:\/\/www.europesays.com\/fr\/wp-json\/wp\/v2\/types\/post"}],"author":[{"embeddable":true,"href":"https:\/\/www.europesays.com\/fr\/wp-json\/wp\/v2\/users\/2"}],"replies":[{"embeddable":true,"href":"https:\/\/www.europesays.com\/fr\/wp-json\/wp\/v2\/comments?post=236854"}],"version-history":[{"count":0,"href":"https:\/\/www.europesays.com\/fr\/wp-json\/wp\/v2\/posts\/236854\/revisions"}],"wp:featuredmedia":[{"embeddable":true,"href":"https:\/\/www.europesays.com\/fr\/wp-json\/wp\/v2\/media\/236855"}],"wp:attachment":[{"href":"https:\/\/www.europesays.com\/fr\/wp-json\/wp\/v2\/media?parent=236854"}],"wp:term":[{"taxonomy":"category","embeddable":true,"href":"https:\/\/www.europesays.com\/fr\/wp-json\/wp\/v2\/categories?post=236854"},{"taxonomy":"post_tag","embeddable":true,"href":"https:\/\/www.europesays.com\/fr\/wp-json\/wp\/v2\/tags?post=236854"}],"curies":[{"name":"wp","href":"https:\/\/api.w.org\/{rel}","templated":true}]}}