{"id":236856,"date":"2025-07-09T05:39:13","date_gmt":"2025-07-09T05:39:13","guid":{"rendered":"https:\/\/www.europesays.com\/fr\/236856\/"},"modified":"2025-07-09T05:39:13","modified_gmt":"2025-07-09T05:39:13","slug":"il-faut-mettre-fin-a-la-pagaille","status":"publish","type":"post","link":"https:\/\/www.europesays.com\/fr\/236856\/","title":{"rendered":"Il faut mettre fin \u00e0 la pagaille"},"content":{"rendered":"<p>            Par<br \/>\n        <strong><br \/>\n            <a href=\"https:\/\/actu.fr\/auteur\/antoine-grotteria02\" title=\"Consulter tous les articles de Antoine Grotteria\" target=\"_blank\" rel=\"noopener\">Antoine Grotteria<\/a><br \/>\n        <\/strong><\/p>\n<p>        Publi\u00e9 le<\/p>\n<p>            9 juil. 2025 \u00e0 7h28        <\/p>\n<p>Lisse. Costume bleu fonc\u00e9, chemise blanche impeccablement repass\u00e9e, <a href=\"https:\/\/actu.fr\/ile-de-france\/paris_75056\/municipales-2026-un-cimetiere-a-favoris-pierre-yves-bournazel-veut-changer-le-mode-de-gouvernance-a-paris_61962280.html\" target=\"_blank\" rel=\"noopener\">Pierre-Yves Bournazel<\/a> arrive pile \u00e0 l\u2019heure du rendez-vous fix\u00e9 dans un caf\u00e9 sans pr\u00e9tention implant\u00e9 \u00e0 quelques m\u00e8tres de la <strong>place I\u00e9na<\/strong>, dans le 16e arrondissement. C\u2019est \u00e0 quelques m\u00e8tres de l\u00e0 que se trouve le si\u00e8ge de son parti <strong>Horizons<\/strong> dont il occupe la fonction de <strong>secr\u00e9taire g\u00e9n\u00e9ral<\/strong> <strong>d\u00e9l\u00e9gu\u00e9 \u00e0 la structuration du parti et aux \u00e9lections<\/strong>. Sorti d\u2019une r\u00e9union, le conseiller du 18e arrondissement d\u00e9ploie, entre deux rendez-vous, les principaux axes de sa campagne aux \u00e9lections municipales de Paris en 2026. De la <a href=\"https:\/\/actu.fr\/ile-de-france\/paris_75056\/explosion-de-la-dette-a-paris-qui-atteint-les-7-7-milliards-d-euros_45213760.html\" target=\"_blank\" rel=\"noopener\">dette <\/a>\u00e0 <a href=\"https:\/\/actu.fr\/tag\/ecologie\" target=\"_blank\" rel=\"noopener\">l\u2019\u00e9cologie<\/a>, en passant par les <a href=\"https:\/\/actu.fr\/tag\/transport\" target=\"_blank\" rel=\"noopener\">transports<\/a>, l\u2019ex-d\u00e9put\u00e9, \u00e2g\u00e9 de 48\u00a0ans, revendique une logique de \u00ab<strong>\u2009rassemblement<\/strong>\u2009\u00bb et \u00ab<strong>\u2009d\u2019apaisement<\/strong>\u2009\u00bb. Des termes qui s\u2019inscrivent en faux, selon lui, avec la candidature putative de <a href=\"https:\/\/actu.fr\/tag\/rachida-dati\" target=\"_blank\" rel=\"noopener\">Rachida Dat<\/a>i, \u00ab\u2009qui cherche le buzz\u2009\u00bb.<\/p>\n<p class=\" wall-content\"><strong>actu Paris\u2009: Malgr\u00e9 vos dix-sept ann\u00e9es en tant qu\u2019\u00e9lu parisien, vous souffrez d\u2019un d\u00e9ficit de notori\u00e9t\u00e9 aupr\u00e8s des habitants. Comment comptez-vous rattraper ce retard par rapport \u00e0 d\u2019autres candidats davantage identifi\u00e9s\u2009?<\/strong><\/p>\n<p class=\" wall-content\"><strong>Pierre-Yves Bournazel<\/strong>\u2009: \u00ab\u00a0La moiti\u00e9 des Parisiens me connaissent, l\u2019autre moins. Mais l\u2019objectif d\u2019une campagne dans une d\u00e9mocratie, c\u2019est de se faire conna\u00eetre. Le sillon que j\u2019ai trac\u00e9 me permet de d\u00e9montrer une constance. Ma constance, c\u2019est une coh\u00e9rence et une fid\u00e9lit\u00e9 aux Parisiens, un engagement dans le 18e arrondissement. Je suis un \u00e9lu d\u2019opposition municipale, mais un \u00e9lu <strong>constructif<\/strong>. J\u2019ai pu voter des mesures de <a href=\"https:\/\/actu.fr\/ile-de-france\/paris_75056\/municipales-a-paris-chez-les-socialistes-bertrand-delanoe-a-fait-son-choix-et-ca-ne-plaira-a-anne-hidalgo_62410547.html\" target=\"_blank\" rel=\"noopener\">Bertrand Delano\u00eb<\/a>. Je suis un homme libre d\u2019esprit et ind\u00e9pendant. Cela me permet de construire un projet pour <strong>l\u2019am\u00e9lioration de la vie quotidienne<\/strong> des Parisiennes et des Parisiens. \u00c0 la fin d\u2019une campagne, les notori\u00e9t\u00e9s s\u2019\u00e9galisent. La l\u00e9gitimit\u00e9, vous l\u2019avez ou ne l\u2019avez pas. Les valeurs, vous les avez ou vous ne les avez pas. La confiance, vous l\u2019avez ou vous ne l\u2019avez pas. Moi, je veux cr\u00e9er les conditions pour \u00eatre \u00e9lu maire de Paris.<\/p>\n<p class=\" wall-content\"><strong>actu Paris\u2009: Vous avez travaill\u00e9 avec Rachida Dati. Vous vous rejoignez sur plusieurs \u00e9l\u00e9ments programmatiques. Alors, qu\u2019est-ce qui vous distingue d\u2019elle\u2009?<\/strong><\/p>\n<p class=\" wall-content\">Demandez-lui ce qui la distingue de moi.<\/p>\n<p class=\" wall-content\"><strong>actu Paris\u2009: Vous avez exprim\u00e9 des opinions similaires sur certains sujets majeurs, comme celui de la <a href=\"https:\/\/actu.fr\/ile-de-france\/paris_75056\/passe-d-armes-dati-hidalgo-interruption-de-seance-les-depenses-de-la-ville-enflamment-le-conseil-de-paris_61884298.html\" target=\"_blank\" rel=\"noopener\">dette<\/a>.<\/strong><\/p>\n<p class=\" wall-content\">Pierre-Yves Bournazel\u2009: Je ne suis pas candidat contre. Je suis candidat pour les Parisiens. Je me donne les moyens de construire cette confiance. Depuis plusieurs mois, j\u2019ai constitu\u00e9 des <strong>groupes d\u2019experts<\/strong>. Il y a 365 femmes et hommes qui m\u2019accompagnent dans mon projet. Il faut \u00e9couter les citoyens. J\u2019ai re\u00e7u <strong>5\u2009000 propositions<\/strong> gr\u00e2ce \u00e0 notre travail de terrain. Je suis all\u00e9 voir dans les grandes m\u00e9tropoles europ\u00e9ennes, comme Copenhague, Stockholm, Madrid, pour s\u2019inspirer des bonnes pratiques. Concernant votre question, ce qui me distingue de madame Dati, ce sont les <strong>valeurs<\/strong>. Je suis un homme de progr\u00e8s. \u00c0 l\u2019\u00e9couter, elle veut revenir en arri\u00e8re. Nous avons des diff\u00e9rences de projet. J\u2019ai cru comprendre que madame Dati voulait rouvrir les voies sur berge. De mon c\u00f4t\u00e9, je souhaite les <strong>embellir<\/strong>. Il y a aussi des diff\u00e9rences de temp\u00e9rament. Je suis un homme de dialogue, qui aime travailler et apprendre avec les autres. <strong>Il ne faut pas \u00eatre dans le clivage permanent<\/strong>.<\/p>\n<blockquote class=\"ac-article-quote wall-content\">\n<p>Depuis cinq ans, Madame Dati est dans le buzz, le bruit m\u00e9diatique et les attaques personnelles<\/p>\n<p>    <strong>Pierre-Yves Bournazel<\/strong>\n            <\/p><\/blockquote>\n<p class=\" wall-content\">Je pense que cela n\u2019apporte pas grand-chose. Je ne suis pas dans une logique de <strong>d\u00e9molition<\/strong>. Je veux \u00eatre celui qui prend soin des Parisiens.<\/p>\n<p class=\" wall-content\"><strong>actu Paris<\/strong>\u2009: <strong>Au cours des diff\u00e9rentes assembl\u00e9es du Conseil de Paris, vous n\u2019avez eu de cesse de fustiger la gestion des comptes de la municipalit\u00e9. Comment comptez-vous r\u00e9tablir l\u2019\u00e9quilibre budg\u00e9taire\u2009?<\/strong><\/p>\n<p class=\" wall-content\">Pierre-Yves Bournazel\u2009: En 2014, j\u2019alerte l\u2019ex\u00e9cutif municipal et les Parisiens sur le niveau de la dette. La trajectoire n\u2019\u00e9tait pas la bonne. Rien n\u2019a \u00e9t\u00e9 fait pour la corriger. Aujourd\u2019hui, madame <a href=\"https:\/\/actu.fr\/ile-de-france\/paris_75056\/paris-anne-hidalgo-renonce-aux-municipales-2026-la-guerre-de-succession-lancee-les-premieres-reactions_61918240.html\" target=\"_blank\" rel=\"noopener\">Hidalgo<\/a> et son \u00e9quipe ont augment\u00e9 les imp\u00f4ts et commencent \u00e0 baisser les investissements. Maintenant, que faut-il faire\u2009? Il faut <strong>d\u00e9bureaucratiser l\u2019administration parisienne<\/strong>. Maire de Paris, je ne remplacerai pas les agents de la technostructure qui partiront \u00e0 la retraite. Je privil\u00e9gierai les agents de terrain de la petite enfance, de la propret\u00e9 et des \u00e9quipements sportifs.<\/p>\n<p>    <img   decoding=\"async\" loading=\"lazy\" src=\"https:\/\/www.europesays.com\/fr\/wp-content\/uploads\/2025\/07\/meeting-bournazel-municipales-paris-22-960x640.jpg\" alt=\"Le candidat Horizons \u00e0 la mairie de Paris, Pierre-Yves Bournazel, lors du lancement de sa campagne. \" width=\"960\" height=\"640\"\/><br \/>\n    Le candidat Horizons \u00e0 la mairie de Paris, Pierre-Yves Bournazel, lors du lancement de sa campagne. (\u00a9AG\/actu Paris)<\/p>\n<p class=\" wall-content\"><strong>actu Paris\u2009: Combien de postes, sur les 51\u2009000 agents, seront supprim\u00e9s\u2009?<\/strong><\/p>\n<blockquote class=\"ac-article-quote wall-content\">\n<p>Il y aura 2 400 fonctionnaires et hauts fonctionnaires de la technostructure en moins sur la mandature en six ans.\u00a0<\/p>\n<p>    <strong>Pierre-Yves Bournazel<\/strong>\n            <\/p><\/blockquote>\n<p class=\" wall-content\"><strong>actu Paris\u2009: Donc vous assumez des baisses d\u2019effectif\u2009?<\/strong><\/p>\n<p class=\" wall-content\">Pierre-Yves Bournazel\u2009: Oui, je veux d\u00e9bureaucratiser. Je veux aussi lutter contre <a href=\"https:\/\/actu.fr\/ile-de-france\/paris_75056\/polemique-autour-de-l-absenteisme-exponentiel-et-monumental-a-la-ville-de-paris-ce-que-disent-les-chiffres_61732679.html\" target=\"_blank\" rel=\"noopener\">l\u2019absent\u00e9isme<\/a>, qui est un <strong>fl\u00e9au<\/strong>. Je veux mettre la question du bien-\u00eatre au c\u0153ur des politiques publiques. Je veux mettre fin aux chauffeurs pour les hauts fonctionnaires. Et je souhaite mettre un terme au journal papier \u00ab\u2009A Paris\u2009\u00bb, que peu de gens lisent. Ce sont 40\u2009000 arbres sauvegard\u00e9s et des millions d\u2019\u00e9conomies. Mon plan repr\u00e9sente un <strong>milliard d\u2019euros d\u2019\u00e9conomies<\/strong> sur six ans. Cela permet de d\u00e9sendetter et de ma\u00eetriser la fiscalit\u00e9 pour retrouver des marges de man\u0153uvre.<\/p>\n<p class=\" wall-content\"><strong>actu Paris\u2009: Quelles sont vos priorit\u00e9s au cours de cette campagne\u2009?<\/strong><\/p>\n<p class=\" wall-content\">Pierre-Yves Bournazel\u2009: Il faut <strong>remettre de l\u2019ordre<\/strong> et <strong>mettre fin \u00e0 la pagaille<\/strong>. Beaucoup de gens que les travaux sont mal organis\u00e9s. J\u2019indiquerai des calendriers stricts aux entreprises et je mettrai des p\u00e9nalit\u00e9s financi\u00e8res si elles ne respectent pas l\u2019agenda. J\u2019exigerai des prestataires que les travaux enlaidissent Paris. On peut avoir un barri\u00e9rage esth\u00e9tique et ordonn\u00e9. Prendre soin de la ville, c\u2019est ce que faisaient <a href=\"https:\/\/actu.fr\/ile-de-france\/paris_75056\/mort-jacques-chirac-nous-parisiens-restera-jamais-maire-salue-anne-hidalgo_27562078.html\" target=\"_blank\" rel=\"noopener\">Jacques Chirac<\/a> et Bertrand Delano\u00eb. Or, ce n\u2019est plus le cas. Je veux aussi rendre la ville plus propre. Je mettrai en place un grand plan d\u2019\u00e9ducation \u00e0 la priorit\u00e9. Je veux aussi mettre en place des travaux d\u2019int\u00e9r\u00eat g\u00e9n\u00e9ral. C\u2019est la devise \u00ab\u2009Tu salis, tu casses, tu r\u00e9pares\u2009\u00bb que <a href=\"https:\/\/actu.fr\/politique\/gabriel-attal-une-vie-autour-de-saint-germain-des-pres-a-paris_60559199.html\" target=\"_blank\" rel=\"noopener\">Gabriel Attal<\/a> a reprise. C\u2019est bien d\u2019avoir un temps d\u2019avance. Je n\u2019h\u00e9siterai pas \u00e0 r\u00e9organiser les services de la ville. Je <strong>privatiserai la collecte des ordures m\u00e9nag\u00e8res<\/strong>. Je veux aussi mettre en place un plan de tranquillit\u00e9 publique, avec la cr\u00e9ation de brigades au sein de la <a href=\"https:\/\/actu.fr\/ile-de-france\/paris_75056\/paris-avec-leur-nouvel-outil-la-police-municipale-fait-pleuvoir-les-amendes-pour-exces-de-vitesse_62136957.html\" target=\"_blank\" rel=\"noopener\">police municipale<\/a>.<\/p>\n<p class=\" wall-content\"><strong>actu Paris\u2009: Les policiers municipaux seront-ils arm\u00e9s\u2009?<\/strong><\/p>\n<p class=\" wall-content\">Pierre-Yves Bournazel\u2009: Il faut les <strong>former<\/strong>. Car quand vous portez l\u2019uniforme, vous \u00eates une cible. Dans votre mission, vous pouvez \u00eatre confront\u00e9 \u00e0 des individus dangereux et arm\u00e9s. Je pense aux prox\u00e9n\u00e8tes et aux trafiquants de drogue. Il faut aussi <a href=\"https:\/\/actu.fr\/ile-de-france\/paris_75056\/armes-missions-recrutement-quatre-questions-sur-la-police-municipale-de-paris_45752149.html\" target=\"_blank\" rel=\"noopener\">les former<\/a> sur des sujets sp\u00e9cifiques pour la pr\u00e9vention et les incivilit\u00e9s li\u00e9es \u00e0 la petite d\u00e9linquance.<\/p>\n<blockquote class=\"ac-article-quote wall-content\">\n<p>Je souhaite qu&rsquo;il y ait 6 000 policiers municipaux \u00e0 la fin de la mandature.\u00a0<\/p>\n<p>    <strong>Pierre-Yves Bournazel<\/strong>\n            <\/p><\/blockquote>\n<p class=\" wall-content\"><strong>actu Paris\u2009: La <a href=\"https:\/\/actu.fr\/ile-de-france\/paris_75056\/habitat-indigne-meubles-de-tourisme-biens-vacants-la-crise-du-logement-a-paris-est-elle-insoluble_61833689.html\" target=\"_blank\" rel=\"noopener\">probl\u00e9matique de l\u2019habitat<\/a> est \u00e9galement centrale \u00e0 Paris, o\u00f9 plus de 250\u2009000 logements sont inoccup\u00e9s. Comment lutter contre ce ph\u00e9nom\u00e8ne\u2009?<\/strong><\/p>\n<p class=\" wall-content\">Pierre-Yves Bournazel\u2009: En mati\u00e8re d\u2019acc\u00e8s au logement social, je <strong>veux donner la priorit\u00e9 aux personnes qui travaillent \u00e0 Paris<\/strong>\u2009: aides-soignants, infirmi\u00e8res, instituteurs, commer\u00e7ants\u2026 Tous ceux qui ne peuvent pas <a href=\"https:\/\/actu.fr\/societe\/crise-du-logement-pourquoi-est-il-si-complique-d-acheter-vendre-et-louer_59687445.html\" target=\"_blank\" rel=\"noopener\">se loger<\/a> \u00e0 Paris faute d\u2019argent. J\u2019annoncerai un plan durant la campagne pour que les propri\u00e9taires remettent leur logement. Je relancerai l\u2019acc\u00e8s \u00e0 la propri\u00e9t\u00e9 pour les classes moyennes. La politique qui a montr\u00e9 du doigt les propri\u00e9taires est une impasse. Il faut les aider pour qu\u2019ils aient int\u00e9r\u00eat \u00e0 louer. On va aussi v\u00e9rifier les abus li\u00e9s \u00e0 la professionnalisation des locations \u00e0 court terme par le biais de contr\u00f4les. Je serai implacable.<\/p>\n<p class=\" wall-content\"><strong>actu Paris<\/strong>\u2009: <strong>Dans votre programme, la lutte contre le r\u00e9chauffement climatique vient en deuxi\u00e8me position. Quelles sont propositions \u00e0 ce sujet\u2009?<\/strong><\/p>\n<p class=\" wall-content\">Pierre-Yves Bournazel\u2009: C\u2019est <strong>le d\u00e9fi du si\u00e8cle<\/strong>. Ce combat n\u00e9cessite de se mettre au niveau.\u00a0On ne peut pas se dire \u00e9cologiste en b\u00e9tonnant la ville. En 20\u00a0ans, c\u2019est 3\u00a0millions de m\u00e8tres carr\u00e9s de b\u00e9ton en plus. Paris est la capitale la plus dense d\u2019Europe. Nous avons une densit\u00e9 comme Mumbai. C\u2019est trop.<\/p>\n<p class=\" wall-content\"><strong>actu Paris\u2009: Cela passe aussi par les transports\u2009?<\/strong><\/p>\n<p class=\" wall-content\">Pierre-Yves Bournazel\u2009: Bien s\u00fbr. On va les am\u00e9liorer, notamment le bus. Je me battrai avec la R\u00e9gion pour qu\u2019il y ait plus de <a href=\"https:\/\/actu.fr\/ile-de-france\/paris_75056\/ratp-retires-apres-plusieurs-incendies-les-bus-bollore-sont-de-retour-a-paris_60950164.html\" target=\"_blank\" rel=\"noopener\">bus<\/a>. Comme maire, je pourrais leur <strong>donner la priorit\u00e9 aux carrefours gr\u00e2ce \u00e0 l\u2019intelligence artificielle<\/strong>. Car c\u2019est un moyen de transports agr\u00e9able, et il doit \u00eatre plus efficace.\u00a0<\/p>\n<blockquote class=\"ac-article-quote wall-content\">\n<p>Il ne faut plus attendre 15 \u00e0 20 minutes le bus<\/p>\n<p>    <strong>Pierre-Yves Bournazel<\/strong>\n            <\/p><\/blockquote>\n<p class=\" wall-content\">Concernant les m\u00e9tros, nous devons am\u00e9liorer l\u2019accessibilit\u00e9 et le confort. Et ce, m\u00eame si je per\u00e7ois des <strong>am\u00e9liorations<\/strong>.<\/p>\n<p>    <img   decoding=\"async\" loading=\"lazy\" src=\"https:\/\/www.europesays.com\/fr\/wp-content\/uploads\/2025\/07\/bournazel-candidat-mairie-de-paris-2-960x640.jpg\" alt=\"Pierre-Yves Bournazel veut mettre une politique du logement \" width=\"960\" height=\"640\"\/><br \/>\n    Pierre-Yves Bournazel veut mettre une politique du logement \u00ab\u2009favorable aux personnes qui travaillent \u00e0 Paris\u2009\u00bb. (\u00a9AG\/ actu Paris)<\/p>\n<p class=\" wall-content\"><strong>actu Paris\u2009: La v\u00e9g\u00e9talisation fait \u00e9galement partie de vos axes de campagne. Voulez-vous poursuivre le travail de l\u2019ex\u00e9cutif actuel\u2009?<\/strong><\/p>\n<p class=\" wall-content\">Pierre-Yves Bournazel\u2009: \u00ab\u00a0Nous voulons <strong>1\u2009000 rues <a href=\"https:\/\/actu.fr\/ile-de-france\/paris_75056\/quais-de-seine-vegetalises-500-rues-pietonnisees-comment-paris-compte-booster-sa-biodiversite-d-ici-2030_62474694.html\" target=\"_blank\" rel=\"noopener\">v\u00e9g\u00e9talis\u00e9es<\/a><\/strong> \u00e0 la fin de la mandature. La <strong>Petite ceinture<\/strong> doit \u00eatre le poumon vert de la ville avec des activit\u00e9s ludiques, culturelles et sportives. Je souhaite \u00e9tudier sur les placettes des plantations de terre pour cr\u00e9er des \u00eelots de fra\u00eecheur. Je veux mettre en place des miroirs d\u2019eau, comme cela marche tr\u00e8s bien \u00e0 Bordeaux. Nous avons un devoir de transformer notre mod\u00e8le. Il faut aussi r\u00e9nover le parc social. Je propose <strong>7\u2009500 nouveaux logements par an<\/strong>, contre 5\u2009000 aujourd\u2019hui. Je souhaite aider les copropri\u00e9taires pour lutter contre la chaleur dans les immeubles. La Ville peut financer la transformation du b\u00e2ti. En r\u00e9sum\u00e9, la transformation \u00e9cologique de notre ville n\u2019est pas un d\u00e9bat.<\/p>\n<p class=\" wall-content\"><strong>actu Paris\u2009: La place du v\u00e9lo a grandi \u00e0 Paris. Avec, parfois, des tensions avec les autres usagers de la route. Sur quels leviers agir pour am\u00e9liorer leur cohabitation\u2009?<\/strong><\/p>\n<p class=\" wall-content\">Pierre-Yves Bournazel\u2009: La voirie doit \u00eatre apais\u00e9e. La ville ne l\u2019est pas. Il faut partir du plus vuln\u00e9rable, \u00e0 savoir le <strong>pi\u00e9ton<\/strong>. Il est un peu le grand impens\u00e9 de cette mandature. Puis le v\u00e9lo\u2009: on va continuer \u00e0 <strong>d\u00e9velopper les <a href=\"https:\/\/actu.fr\/ile-de-france\/paris_75056\/nouvelles-pistes-cyclables-place-de-la-voiture-reduite-un-axe-majeur-du-centre-de-paris-bientot-transforme_61353532.html\" target=\"_blank\" rel=\"noopener\">pistes cyclables<\/a><\/strong>. On pourra doubler le nombre sur des pistes \u00e0 une seule voie. C\u2019est ce que j\u2019ai propos\u00e9 \u00e0 S\u00e9bastopol. On va mettre en place un grand plan d\u2019\u00e9ducation au savoir rouler. Je veux g\u00e9n\u00e9raliser cela dans toutes les \u00e9coles. Je le ferai pour les plus grands, ceux qui ne respectent pas le code de la route. Je n\u2019h\u00e9siterai pas \u00e0 sanctionner les incivilit\u00e9s. Concernant les <a href=\"https:\/\/actu.fr\/ile-de-france\/paris_75056\/vitesse-cout-derives-comment-la-pratique-du-fatbike-a-explose-a-paris_61620209.html\" target=\"_blank\" rel=\"noopener\">fatbike<\/a>, j\u2019imposerai leur immatriculation.<\/p>\n<p class=\" wall-content\">Suivez toute l\u2019actualit\u00e9 de vos villes et m\u00e9dias favoris en vous inscrivant \u00e0 <a href=\"https:\/\/moncompte.actu.fr\" title=\"D\u00e9couvez Mon Actu\" rel=\"nofollow noopener\" data-trk=\"{&quot;cta&quot;:{&quot;action&quot;:&quot;https:\\\/\\\/moncompte.actu.fr&quot;,&quot;category&quot;:&quot;mon compte&quot;,&quot;from&quot;:&quot;article footer&quot;,&quot;name&quot;:&quot;Mon actu&quot;,&quot;type&quot;:&quot;cta&quot;}}\" target=\"_blank\">Mon Actu<\/a>.<\/p>\n","protected":false},"excerpt":{"rendered":"Par Antoine Grotteria Publi\u00e9 le 9 juil. 2025 \u00e0 7h28 Lisse. Costume bleu fonc\u00e9, chemise blanche impeccablement repass\u00e9e,&hellip;\n","protected":false},"author":2,"featured_media":236857,"comment_status":"","ping_status":"","sticky":false,"template":"","format":"standard","meta":{"footnotes":""},"categories":[1888],"tags":[1111,1928,11,1927,3080,4188,1777,674,1011,27,2381,3434,12,1926,626,1925,316,25],"class_list":{"0":"post-236856","1":"post","2":"type-post","3":"status-publish","4":"format-standard","5":"has-post-thumbnail","7":"category-paris","8":"tag-actu","9":"tag-actu-paris","10":"tag-actualites","11":"tag-actualites-paris","12":"tag-edouard-philippe","13":"tag-elections-municipales","14":"tag-eu","15":"tag-europe","16":"tag-fr","17":"tag-france","18":"tag-mairie-de-paris","19":"tag-municipales-2026","20":"tag-news","21":"tag-news-paris","22":"tag-paris","23":"tag-paris-news","24":"tag-politique","25":"tag-republique-francaise"},"share_on_mastodon":{"url":"https:\/\/pubeurope.com\/@fr\/114821671484166013","error":""},"_links":{"self":[{"href":"https:\/\/www.europesays.com\/fr\/wp-json\/wp\/v2\/posts\/236856","targetHints":{"allow":["GET"]}}],"collection":[{"href":"https:\/\/www.europesays.com\/fr\/wp-json\/wp\/v2\/posts"}],"about":[{"href":"https:\/\/www.europesays.com\/fr\/wp-json\/wp\/v2\/types\/post"}],"author":[{"embeddable":true,"href":"https:\/\/www.europesays.com\/fr\/wp-json\/wp\/v2\/users\/2"}],"replies":[{"embeddable":true,"href":"https:\/\/www.europesays.com\/fr\/wp-json\/wp\/v2\/comments?post=236856"}],"version-history":[{"count":0,"href":"https:\/\/www.europesays.com\/fr\/wp-json\/wp\/v2\/posts\/236856\/revisions"}],"wp:featuredmedia":[{"embeddable":true,"href":"https:\/\/www.europesays.com\/fr\/wp-json\/wp\/v2\/media\/236857"}],"wp:attachment":[{"href":"https:\/\/www.europesays.com\/fr\/wp-json\/wp\/v2\/media?parent=236856"}],"wp:term":[{"taxonomy":"category","embeddable":true,"href":"https:\/\/www.europesays.com\/fr\/wp-json\/wp\/v2\/categories?post=236856"},{"taxonomy":"post_tag","embeddable":true,"href":"https:\/\/www.europesays.com\/fr\/wp-json\/wp\/v2\/tags?post=236856"}],"curies":[{"name":"wp","href":"https:\/\/api.w.org\/{rel}","templated":true}]}}