{"id":236860,"date":"2025-07-09T05:41:18","date_gmt":"2025-07-09T05:41:18","guid":{"rendered":"https:\/\/www.europesays.com\/fr\/236860\/"},"modified":"2025-07-09T05:41:18","modified_gmt":"2025-07-09T05:41:18","slug":"la-vente-de-lhotel-particulier-de-bernard-tapie-a-neuilly-sur-seine-ne-rapporte-pas-les-millions-attendus","status":"publish","type":"post","link":"https:\/\/www.europesays.com\/fr\/236860\/","title":{"rendered":"La vente de l&rsquo;h\u00f4tel particulier de Bernard Tapie \u00e0 Neuilly-sur-Seine ne rapporte pas les millions attendus"},"content":{"rendered":"<p>            Par<br \/>\n        <strong><br \/>\n            <a href=\"https:\/\/actu.fr\/auteur\/redaction-hautsdeseine\" title=\"Consulter tous les articles de R\u00e9daction Hauts-de-Seine\" rel=\"nofollow noopener\" target=\"_blank\">R\u00e9daction Hauts-de-Seine<\/a><br \/>\n        <\/strong><\/p>\n<p>        Publi\u00e9 le<\/p>\n<p>            8 juil. 2025 \u00e0 19h06        <\/p>\n<p>\u00ab\u2009Cette vente est termin\u00e9e, aucune surench\u00e8re possible\u2009\u00bb, peut-on lire ce mardi 8\u00a0juillet 2025 sur <a href=\"https:\/\/www.vench.fr\/vente-159848-un-hotel-particulier-neuilly-sur-seine.html\" rel=\"nofollow noopener\" target=\"_blank\">Vench<\/a>, le site des ventes aux ench\u00e8res immobili\u00e8res en France. Saisi par la justice il y a deux ans, <a href=\"https:\/\/actu.fr\/ile-de-france\/neuilly-sur-seine_92051\/le-somptueux-hotel-particulier-de-bernard-tapie-a-neuilly-sur-seine-saisi-par-le-fisc-va-etre-vendu_62684545.html\" rel=\"nofollow noopener\" target=\"_blank\">l\u2019h\u00f4tel particulier de Bernard Tapie<\/a> \u00e0 <a href=\"https:\/\/actu.fr\/ile-de-france\/neuilly-sur-seine_92051\" rel=\"nofollow noopener\" target=\"_blank\">Neuilly-sur-Seine<\/a> (Hauts-de-Seine) a donc d\u00e9finitivement trouv\u00e9 preneur. Mais \u00e0 un prix bien moins important que celui escompt\u00e9.<\/p>\n<p>Dix jours pour surench\u00e9rir<\/p>\n<p class=\" wall-content\">Achet\u00e9e 15,2\u00a0millions d\u2019euros par feu le businessman et son \u00e9pouse via la soci\u00e9t\u00e9 Dolol en 2012 et estim\u00e9e \u00e0 18\u00a0millions d\u2019euros par le fisc, la propri\u00e9t\u00e9 a \u00e9t\u00e9 mise \u00e0 prix \u00e0 9\u00a0millions d\u2019euros, pour trouver acqu\u00e9reur \u00e0 10\u00a0millions d\u2019euros. En l\u2019occurrence un homme d\u2019une trentaine d\u2019ann\u00e9es, a rapport\u00e9 Le Parisien. Les autres personnes qui avaient particip\u00e9 \u00e0 cette vente organis\u00e9e le 26\u00a0juin au <a href=\"https:\/\/actu.fr\/tag\/tribunal-de-paris\" rel=\"nofollow noopener\" target=\"_blank\">tribunal judiciaire de Paris<\/a> avaient dix jours pour surench\u00e9rir. Elles ne l\u2019ont pas fait.<\/p>\n<p class=\" wall-content\">Le nouveau propri\u00e9taire a d\u00e9sormais \u00e0 sa disposition un h\u00f4tel particulier de 524\u00a0m2 situ\u00e9 21-23, rue du Bois de Boulogne. \u00c9lev\u00e9 sur trois niveaux, il se compose de neuf pi\u00e8ces principales. Au sous-sol am\u00e9nag\u00e9, on trouve une cave \u00e0 vin, un espace d\u00e9tente et un tr\u00e8s grand parking avec ascenseur \u00e0 voiture. En sus, une maison d\u2019invit\u00e9s avec salle de sport, espace principal, dressing et terrasse ext\u00e9rieure et une maison de gardien de deux pi\u00e8ces (avec sous-sol communiquant avec l\u2019h\u00f4tel particulier), mezzanine. Bouquet final\u2009: un parc arbor\u00e9.<\/p>\n<p class=\" wall-content\">La transaction marque la fin d\u2019une proc\u00e9dure judiciaire compliqu\u00e9e. En 2023, la Cour de Cassation a confirm\u00e9 que Dominique Tapie, la veuve de l\u2019homme d\u2019affaires<a href=\"https:\/\/actu.fr\/societe\/bernard-tapie-est-mort-a-l-age-de-78-ans-vaincu-par-le-cancer_29082241.html\" rel=\"nofollow noopener\" target=\"_blank\"> d\u00e9c\u00e9d\u00e9 deux ans plus t\u00f4t<\/a>, \u00e9tait la v\u00e9ritable propri\u00e9taire de l\u2019h\u00f4tel particulier. L\u2019administration fiscale allait donc pouvoir mettre la main sur le bien et le revendre afin de poursuivre le recouvrement des <a href=\"https:\/\/actu.fr\/societe\/la-justice-confirme-bernard-tapie-doit-plus-400-millions-deuros_31835076.html\" rel=\"nofollow noopener\" target=\"_blank\">dettes des \u00e9poux Tapie<\/a>, issues de l\u2019affaire du Cr\u00e9dit lyonnais.<\/p>\n<p class=\" wall-content\">Il y a peu, une autre vente immobili\u00e8re dans le luxe a occup\u00e9 le devant de la sc\u00e8ne\u2009: celle de <a href=\"https:\/\/actu.fr\/ile-de-france\/marnes-la-coquette_92047\/sept-ans-apres-sa-mise-en-vente-la-villa-de-johnny-hallyday-a-marnes-la-coquette-a-enfin-trouve-preneur_62803228.html\" rel=\"nofollow noopener\" target=\"_blank\">la villa de Johnny Hallyday<\/a>, toujours dans les Hauts-de-Seine (Marnes-la-Coquette). Savannah a \u00e9t\u00e9 acquise pour une somme non communiqu\u00e9e. Mais la demeure aurait elle aussi perdu de sa valeur\u2009: estim\u00e9 \u00e0 26\u00a0millions d\u2019euros, le montant de la vente aurait \u00e9t\u00e9 revu \u00e0 la baisse, \u00e0\u00a010,5\u00a0millions d\u2019euros. D\u2019apr\u00e8s Closer, sa vente devrait permettre \u00e0 Laeticia Hallyday, la veuve du chanteur, de souffler puisqu\u2019elle devrait encore \u00ab\u2009rembourser 7,7\u00a0millions d\u2019euros\u2009\u00bb au fisc.<\/p>\n<p>Vid\u00e9os : en ce moment sur Actu<\/p>\n<p class=\" wall-content\">Suivez toute l\u2019actualit\u00e9 de vos villes et m\u00e9dias favoris en vous inscrivant \u00e0 <a href=\"https:\/\/moncompte.actu.fr\" title=\"D\u00e9couvez Mon Actu\" rel=\"nofollow noopener\" data-trk=\"{&quot;cta&quot;:{&quot;action&quot;:&quot;https:\\\/\\\/moncompte.actu.fr&quot;,&quot;category&quot;:&quot;mon compte&quot;,&quot;from&quot;:&quot;article footer&quot;,&quot;name&quot;:&quot;Mon actu&quot;,&quot;type&quot;:&quot;cta&quot;}}\" target=\"_blank\">Mon Actu<\/a>.<\/p>\n","protected":false},"excerpt":{"rendered":"Par R\u00e9daction Hauts-de-Seine Publi\u00e9 le 8 juil. 2025 \u00e0 19h06 \u00ab\u2009Cette vente est termin\u00e9e, aucune surench\u00e8re possible\u2009\u00bb, peut-on&hellip;\n","protected":false},"author":2,"featured_media":236861,"comment_status":"","ping_status":"","sticky":false,"template":"","format":"standard","meta":{"footnotes":""},"categories":[1888],"tags":[11,1777,674,1011,27,1116,303,12,626,973,25,104],"class_list":{"0":"post-236860","1":"post","2":"type-post","3":"status-publish","4":"format-standard","5":"has-post-thumbnail","7":"category-paris","8":"tag-actualites","9":"tag-eu","10":"tag-europe","11":"tag-fr","12":"tag-france","13":"tag-immobilier","14":"tag-justice","15":"tag-news","16":"tag-paris","17":"tag-people","18":"tag-republique-francaise","19":"tag-societe"},"share_on_mastodon":{"url":"https:\/\/pubeurope.com\/@fr\/114821679545907403","error":""},"_links":{"self":[{"href":"https:\/\/www.europesays.com\/fr\/wp-json\/wp\/v2\/posts\/236860","targetHints":{"allow":["GET"]}}],"collection":[{"href":"https:\/\/www.europesays.com\/fr\/wp-json\/wp\/v2\/posts"}],"about":[{"href":"https:\/\/www.europesays.com\/fr\/wp-json\/wp\/v2\/types\/post"}],"author":[{"embeddable":true,"href":"https:\/\/www.europesays.com\/fr\/wp-json\/wp\/v2\/users\/2"}],"replies":[{"embeddable":true,"href":"https:\/\/www.europesays.com\/fr\/wp-json\/wp\/v2\/comments?post=236860"}],"version-history":[{"count":0,"href":"https:\/\/www.europesays.com\/fr\/wp-json\/wp\/v2\/posts\/236860\/revisions"}],"wp:featuredmedia":[{"embeddable":true,"href":"https:\/\/www.europesays.com\/fr\/wp-json\/wp\/v2\/media\/236861"}],"wp:attachment":[{"href":"https:\/\/www.europesays.com\/fr\/wp-json\/wp\/v2\/media?parent=236860"}],"wp:term":[{"taxonomy":"category","embeddable":true,"href":"https:\/\/www.europesays.com\/fr\/wp-json\/wp\/v2\/categories?post=236860"},{"taxonomy":"post_tag","embeddable":true,"href":"https:\/\/www.europesays.com\/fr\/wp-json\/wp\/v2\/tags?post=236860"}],"curies":[{"name":"wp","href":"https:\/\/api.w.org\/{rel}","templated":true}]}}