{"id":236870,"date":"2025-07-09T05:46:12","date_gmt":"2025-07-09T05:46:12","guid":{"rendered":"https:\/\/www.europesays.com\/fr\/236870\/"},"modified":"2025-07-09T05:46:12","modified_gmt":"2025-07-09T05:46:12","slug":"macron-et-charles-iii-vantent-la-nouvelle-entente-amicale-entre-la-france-et-le-royaume-uni","status":"publish","type":"post","link":"https:\/\/www.europesays.com\/fr\/236870\/","title":{"rendered":"Macron et Charles III vantent la nouvelle \u201cEntente amicale\u201d entre la France et le Royaume-Uni"},"content":{"rendered":"\n<p>Lors du d\u00eener royal au ch\u00e2teau de Windsor qui concluait le premier jour de la visite d\u2019\u00c9tat d\u2019Emmanuel Macron au Royaume-Uni, le roi Charles III a \u201crebaptis\u00e9\u00a0l\u2019Entente cordiale en Entente amicale\u201d, <a class=\"ithalc\" data-ithal=\"lien_externe\" data-ithalc=\"[nav_article]\" target=\"_blank\" href=\"https:\/\/www.thetimes.com\/uk\/royal-family\/article\/emmanuel-macron-king-charles-banquet-8wl79nntk\" rel=\"noopener\">raconte <strong>The Times<\/strong>.<\/a><\/p>\n<p>\u201cAlors que nous d\u00eenons ici, dans ce lieu ancien, impr\u00e9gn\u00e9 de notre histoire commune, permettez-moi de porter un toast \u00e0 la France et \u00e0 notre nouvelle Entente\u201d, a d\u00e9clar\u00e9 le souverain. \u201cUne Entente non seulement pass\u00e9e et pr\u00e9sente, mais aussi pour l\u2019avenir, et non plus seulement cordiale, mais d\u00e9sormais amicale\u201d.<\/p>\n<p>L\u2019expression \u00e9tait du go\u00fbt d\u2019Emmanuel Macron, qui l\u2019a utilis\u00e9e dans son propre discours devant les quelque 160\u00a0invit\u00e9s \u2013 parmi lesquels Mick Jagger et Elton John \u2013 rassembl\u00e9s \u201csous les vo\u00fbtes m\u00e9di\u00e9vales vertigineuses\u201d de la salle de banquet de Windsor, \u201cparoxysme\u201d de la \u201cmagnificence des traditions\u00a0et des rituels\u201d de la famille royale britannique, <a class=\"ithalc\" data-ithal=\"lien_externe\" data-ithalc=\"[nav_article]\" target=\"_blank\" href=\"https:\/\/www.corriere.it\/esteri\/25_luglio_09\/re-carlo-brinda-all-entente-amicable-e-strappa-la-scena-con-i-rever-rossi-della-giacca-windsor-che-piaceva-a-filippo-3786bd7f-48ae-4c6c-a265-51ddd0ab9xlk.shtml\" rel=\"noopener\">observe <strong>Il Corriere della Sera<\/strong>.<\/a><\/p>\n<p>Mais c\u2019est un autre discours d\u2019Emmanuel Macron qui a retenu l\u2019attention de la presse britannique, celui prononc\u00e9 plus t\u00f4t dans l\u2019apr\u00e8s-midi devant le Parlement au palais de Westminster \u2013 un rare honneur.<\/p>\n<p>               Discours \u201cpassionn\u00e9\u201d       <\/p>\n<p>Le pr\u00e9sident fran\u00e7ais \u00e9tait en effet \u201cle\u00a0premier dirigeant europ\u00e9en\u201d \u00e0 effectuer \u201cune visite d\u2019\u00c9tat en Grande-Bretagne et \u00e0 s\u2019adresser aux deux chambres du Parlement depuis la finalisation du Brexit en 2020\u201d, <a class=\"ithalc\" data-ithal=\"lien_externe\" data-ithalc=\"[nav_article]\" target=\"_blank\" href=\"https:\/\/www.the-independent.com\/news\/uk\/politics\/emmanuel-macron-state-visit-parliament-address-b2784811.html\" rel=\"noopener\">rel\u00e8ve <strong>The Independent<\/strong>.<\/a><\/p>\n<p>Dans un discours \u201cpassionn\u00e9\u201d, juge le quotidien, \u201cM.\u00a0Macron a clairement indiqu\u00e9 que les \u00e9v\u00e9nements qui ont vu le Royaume-Uni quitter l\u2019UE appartenaient au pass\u00e9, et il a rendu hommage [au Premier ministre britannique] Sir Keir Starmer \u2013 qu\u2019il a qualifi\u00e9 de \u2018cher Keir\u2019 \u2013 pour la reprise des relations\u201d.<\/p>\n<p>Et \u201cs\u2019il a cit\u00e9 l\u2019\u00e9conomie, le changement climatique et la crise de l\u2019immigration comme domaines de coop\u00e9ration, il a plac\u00e9 la n\u00e9cessit\u00e9 de d\u00e9fendre l\u2019Europe en t\u00eate de l\u2019ordre du jour\u201d, ajoute le titre de centre gauche.<\/p>\n<p>Le pr\u00e9sident fran\u00e7ais \u201ca profit\u00e9 de son discours pour brosser le tableau d\u2019une nouvelle Europe au-del\u00e0 des fronti\u00e8res du bloc de ses 27 membres, avec la France et la Grande-Bretagne en son c\u0153ur, ne faisant que bri\u00e8vement r\u00e9f\u00e9rence \u00e0 sa d\u00e9ception face \u00e0 la sortie de la Grande-Bretagne de l\u2019UE\u201d, <a class=\"ithalc\" data-ithal=\"lien_externe\" data-ithalc=\"[nav_article]\" target=\"_blank\" href=\"https:\/\/www.thetimes.com\/uk\/royal-family\/article\/emmanuel-macron-king-charles-banquet-8wl79nntk\" rel=\"noopener\">rench\u00e9rit <strong>The Guardian<\/strong>.<\/a><\/p>\n<p>\u201cNous devrons lib\u00e9rer nos deux pays de leur d\u00e9pendance excessive \u00e0 l\u2019\u00e9gard des \u00c9tats-Unis et de la Chine\u201d, afin de \u201cconstruire un avenir durable pour tous les enfants\u201d, a \u00e9galement d\u00e9clar\u00e9 le locataire de l\u2019\u00c9lys\u00e9e. Sans oublier l\u2019Ukraine, que Britanniques et Fran\u00e7ais \u201cn\u2019abandonneront jamais\u201d, ou l\u2019appel \u00e0 la reconnaissance d\u2019un \u00c9tat palestinien.<\/p>\n<p>               \u201cVagues promesses\u201d       <\/p>\n<p>En r\u00e9sum\u00e9, \u201cMacron a fait mouche sur tous les sujets centristes.\u00a0Imaginez Sir Keir Starmer avec un accent comique\u201d, <a class=\"ithalc\" data-ithal=\"lien_externe\" data-ithalc=\"[nav_article]\" target=\"_blank\" href=\"https:\/\/www.spectator.co.uk\/article\/emmanuel-macron-would-love-to-be-king\/\" rel=\"noopener\">ironise <strong>The Spectator<\/strong>.<\/a> Mais pour le magazine, \u201cc\u2019\u00e9tait un discours remarquablement d\u00e9nu\u00e9 de substance\u00a0: beaucoup de choses sur la qualit\u00e9 th\u00e9orique de la collaboration, mais bien peu sur ce qu\u2019elle repr\u00e9sente en pratique\u201d, notamment sur l\u2019immigration, \u00e9voqu\u00e9e en \u201cune minute et demie de vagues promesses\u201d.<\/p>\n<p>Pout le titre britannique, c\u2019est pourtant \u201cle grand sujet tabou, le seul sujet qui finira bient\u00f4t par fa\u00e7onner l\u2019avenir de la politique transmanche, que nos dirigeants centristes le veuillent ou non\u201d. Mais il est rest\u00e9 \u201csans r\u00e9ponse\u201d.<\/p>\n<p>Pas tout \u00e0 fait, <a class=\"ithalc\" data-ithal=\"lien_externe\" data-ithalc=\"[nav_article]\" target=\"_blank\" href=\"https:\/\/www.telegraph.co.uk\/news\/2025\/07\/08\/emmanuel-macron-blames-keir-starmer-migrant-crisis\/\" rel=\"noopener\">nuance <strong>The Daily Telegraph<\/strong>.<\/a> Dans son discours devant les parlementaires, \u201cM.\u00a0Macron a exprim\u00e9 publiquement ses inqui\u00e9tudes\u201d sur l\u2019immigration, d\u00e9clarant que \u201cle gouvernement britannique devrait s\u2019attaquer aux \u2018facteurs d\u2019attraction\u2019 pour r\u00e9duire le nombre de migrants\u201d, condition sine qua non pour trouver un accord bilat\u00e9ral.<\/p>\n<p>               Pr\u00eat de la tapisserie de Bayeux       <\/p>\n<p><a class=\"ithalc\" data-ithal=\"lien_externe\" data-ithalc=\"[nav_article]\" target=\"_blank\" href=\"https:\/\/www.nytimes.com\/2025\/07\/08\/world\/europe\/macron-starmer-france-uk-state-visit.html\" rel=\"noopener\">Le <strong>New York Times<\/strong> ne s\u2019attend pour sa part<\/a> \u00e0 aucune \u201cavanc\u00e9e majeure\u201d sur l\u2019Ukraine ou l\u2019immigration au cours de ces trois jours de visite d\u2019\u00c9tat. Mais toute annonce, m\u00eame \u201cmodeste\u201d, soulignerait \u201cla fa\u00e7on dont les deux puissances nucl\u00e9aires europ\u00e9ennes collaborent \u00e0 nouveau, apr\u00e8s des ann\u00e9es de frictions cons\u00e9cutives \u00e0 la sortie du Royaume-Uni de l\u2019Union europ\u00e9enne\u201d, estime-t-il.<\/p>\n<p><a class=\"ithalc\" data-ithal=\"lien_externe\" data-ithalc=\"[nav_article]\" target=\"_blank\" href=\"https:\/\/elpais.com\/internacional\/2025-07-08\/macron-ante-el-parlamento-britanico-francia-y-reino-unido-deben-defender-juntos-el-multilateralismo-y-el-orden-internacional.html?event_log=oklogin\" rel=\"noopener\">Pour <strong>El Pa\u00eds<\/strong><\/a>, l\u2019une de ces annonces pourrait d\u00e9j\u00e0 avoir eu lieu mardi, lorsque M. Macron a r\u00e9v\u00e9l\u00e9 que \u201cle gouvernement fran\u00e7ais [avait] finalement accept\u00e9 de pr\u00eater la Tapisserie de Bayeux au British Museum pour la premi\u00e8re fois de l\u2019Histoire\u201d.<\/p>\n<p>Cette \u0153uvre monumentale \u201crepr\u00e9sente la bataille d\u2019Hastings en 1066 et la conqu\u00eate de l\u2019Angleterre par le roi normand Guillaume le Conqu\u00e9rant\u201d, rappelle le quotidien madril\u00e8ne. \u201cPour de nombreux historiens, elle constitue une \u0153uvre fondamentale pour comprendre les origines du Royaume-Uni actuel\u201d.<\/p>\n","protected":false},"excerpt":{"rendered":"Lors du d\u00eener royal au ch\u00e2teau de Windsor qui concluait le premier jour de la visite d\u2019\u00c9tat d\u2019Emmanuel&hellip;\n","protected":false},"author":2,"featured_media":236871,"comment_status":"","ping_status":"","sticky":false,"template":"","format":"standard","meta":{"footnotes":""},"categories":[1588],"tags":[11,581,1073,1777,674,27,1892,12,316,473,1853,1851,2475,1850,1852],"class_list":{"0":"post-236870","1":"post","2":"type-post","3":"status-publish","4":"format-standard","5":"has-post-thumbnail","7":"category-royaume-uni","8":"tag-actualites","9":"tag-charles-iii","10":"tag-emmanuel-macron","11":"tag-eu","12":"tag-europe","13":"tag-france","14":"tag-gu00e9opolitique","15":"tag-news","16":"tag-politique","17":"tag-royaume-uni","18":"tag-royaume-uni-de-grande-bretagne-et-dirlande-du-nord","19":"tag-uk","20":"tag-union-europu00e9enne","21":"tag-united-kingdom","22":"tag-united-kingdom-of-great-britain-and-northern-ireland"},"share_on_mastodon":{"url":"https:\/\/pubeurope.com\/@fr\/114821699259994000","error":""},"_links":{"self":[{"href":"https:\/\/www.europesays.com\/fr\/wp-json\/wp\/v2\/posts\/236870","targetHints":{"allow":["GET"]}}],"collection":[{"href":"https:\/\/www.europesays.com\/fr\/wp-json\/wp\/v2\/posts"}],"about":[{"href":"https:\/\/www.europesays.com\/fr\/wp-json\/wp\/v2\/types\/post"}],"author":[{"embeddable":true,"href":"https:\/\/www.europesays.com\/fr\/wp-json\/wp\/v2\/users\/2"}],"replies":[{"embeddable":true,"href":"https:\/\/www.europesays.com\/fr\/wp-json\/wp\/v2\/comments?post=236870"}],"version-history":[{"count":0,"href":"https:\/\/www.europesays.com\/fr\/wp-json\/wp\/v2\/posts\/236870\/revisions"}],"wp:featuredmedia":[{"embeddable":true,"href":"https:\/\/www.europesays.com\/fr\/wp-json\/wp\/v2\/media\/236871"}],"wp:attachment":[{"href":"https:\/\/www.europesays.com\/fr\/wp-json\/wp\/v2\/media?parent=236870"}],"wp:term":[{"taxonomy":"category","embeddable":true,"href":"https:\/\/www.europesays.com\/fr\/wp-json\/wp\/v2\/categories?post=236870"},{"taxonomy":"post_tag","embeddable":true,"href":"https:\/\/www.europesays.com\/fr\/wp-json\/wp\/v2\/tags?post=236870"}],"curies":[{"name":"wp","href":"https:\/\/api.w.org\/{rel}","templated":true}]}}