{"id":236884,"date":"2025-07-09T05:53:12","date_gmt":"2025-07-09T05:53:12","guid":{"rendered":"https:\/\/www.europesays.com\/fr\/236884\/"},"modified":"2025-07-09T05:53:12","modified_gmt":"2025-07-09T05:53:12","slug":"victor-dubuisson-au-depart-dun-tournoi-pro-a-la-fin-du-mois","status":"publish","type":"post","link":"https:\/\/www.europesays.com\/fr\/236884\/","title":{"rendered":"Victor Dubuisson au d\u00e9part d\u2019un tournoi pro \u00e0 la fin du mois !"},"content":{"rendered":"<p>\t\t\t\t\t\t<img width=\"770\" height=\"558\" src=\"https:\/\/www.europesays.com\/fr\/wp-content\/uploads\/2025\/07\/dubush3-770x558.jpg\" class=\"img-responsive wp-post-image\" alt=\"\" decoding=\"async\" fetchpriority=\"high\"  \/>\t\t\t\t\t<\/p>\n<p>\t\t\t\t\t\t Partager cet article <\/p>\n<p class=\"screen-reader-text juiz_sps_maybe_hidden_text\">Partager la publication \u00ab\u00a0Victor Dubuisson au d\u00e9part d\u2019un tournoi pro \u00e0 la fin du mois !\u00a0\u00bb<\/p>\n<p><strong>Officiellement retrait\u00e9 depuis deux ans, Victor Dubuisson va ressortir les clubs pour disputer la Biarritz Cup by C&amp;S Partners, \u00e9preuve comptant pour l\u2019Alps Tour, \u00e0 la fin du mois de juillet.<\/strong><\/p>\n<p>\u00a0<\/p>\n<p><a href=\"https:\/\/www.golfplanete.com\/actualites\/vers-de-gros-changements-pour-un-tournoi-mythique-du-calendrier-francais\/\" rel=\"nofollow noopener\" target=\"_blank\">La <strong>Biarritz Cup<\/strong> change de braquet cette ann\u00e9e<\/a>. La plus ancienne comp\u00e9tition d\u2019Europe continentale proposera du 25 au 27 juillet prochains, pour sa premi\u00e8re s\u00e9rie, un tout nouveau format o\u00f9 60 amateurs et 60 pros de l\u2019<strong>Alps Tour<\/strong> s\u2019affronteront pour le c\u00e9l\u00e8bre troph\u00e9e. S\u2019il ne fait pas partie du circuit satellite, <strong>Victor Dubuisson<\/strong> sera de la partie.<\/p>\n<p>\u00a0<\/p>\n<blockquote class=\"instagram-media\" style=\"background: #FFF; border: 0; border-radius: 3px; box-shadow: 0 0 1px 0 rgba(0,0,0,0.5),0 1px 10px 0 rgba(0,0,0,0.15); margin: 1px; max-width: 540px; min-width: 326px; padding: 0; width: calc(100% - 2px);\" data-instgrm-captioned=\"\" data-instgrm-permalink=\"https:\/\/www.instagram.com\/p\/DLsKu0NtBTl\/?utm_source=ig_embed&amp;utm_campaign=loading\" data-instgrm-version=\"14\">\n<\/blockquote>\n<p>\u00a0<\/p>\n<p>Il a en effet accept\u00e9 une invitation du sponsor titre de l\u2019\u00e9preuve, <strong>G\u00e9rald Bouhourd<\/strong>, co-fondateur de <strong>C&amp;S Partners<\/strong> et cr\u00e9ateur de l\u2019\u00e9quipe \u00e9ponyme. Ce dernier, ami du golfeur, <a href=\"https:\/\/www.golfplanete.com\/actualites\/victor-dubuisson-en-visite-au-golf-de-biarritz\/\" rel=\"nofollow noopener\" target=\"_blank\">l\u2019avait d\u00e9j\u00e0 convi\u00e9 au Pro-AM de la comp\u00e9tition l\u2019an dernier<\/a>.<\/p>\n<p>\u00ab Je viens \u00e0 la demande de G\u00e9rald, une personne que j\u2019appr\u00e9cie \u00e9norm\u00e9ment, r\u00e9sume-t-il. Il m\u2019a parl\u00e9 du nouveau format avec l\u2019Alps Tour, et du fait que ma pr\u00e9sence pourrait donner un coup de pouce \u00e0 l\u2019\u00e9v\u00e9nement. J\u2019ai \u00e9videmment r\u00e9pondu favorablement. C\u2019est un endroit que j\u2019aime beaucoup, j\u2019avais d\u00e9j\u00e0 pris beaucoup de plaisir \u00e0 jouer le Pro-Am l\u2019an dernier sur ce parcours. L\u2019ambiance, le fait d\u2019\u00eatre avec G\u00e9rald et quelques pros que j\u2019ai vus \u00e0 Tenerife, tout \u00e7a rendra l\u2019\u00e9v\u00e9nement tr\u00e8s sympa. \u00bb<\/p>\n<p>\t\t\t\t\t<a id=\"176120\" href=\"https:\/\/www.ticad.de\/en\/ticad-ten\/E610000\" target=\"_blank\" rel=\"sponsorised nofollow noopener\"><img decoding=\"async\" src=\"data:image\/svg+xml,%3Csvg%20xmlns=\" http:=\"\" class=\"img-responsive\" alt=\"\" data-lazy-src=\"https:\/\/www.europesays.com\/fr\/wp-content\/uploads\/2025\/06\/ticad-e01-ticadten-1170x275-1.gif\"\/><\/a><\/p>\n<blockquote><p>\n\u00c0 partir du moment o\u00f9 je le joue, je serai \u00e0 fond, en mode professionnel, avec toutes mes routines du Tour\n<\/p><\/blockquote>\n<p><strong>Victor Dubuisson<\/strong> n\u2019a plus particip\u00e9 \u00e0 une \u00e9preuve officielle depuis le <strong>BMW PGA Championship<\/strong> en septembre 2023. Depuis, \u00ab Cactus Kid \u00bb organise des s\u00e9jours de coaching, chez lui \u00e0 Tenerife, mais \u00e9galement sur les parcours mythiques d\u2019\u00c9cosse et d\u2019Irlande. Celui qui est dor\u00e9navant \u00e2g\u00e9 de 35 ans coache essentiellement des amateurs, mais suit aussi quelques professionnels, dont plusieurs membres de la <strong>C&amp;S Golf Team<\/strong>.<\/p>\n<p>\u00ab Le coaching, c\u2019est vraiment devenu ma nouvelle carri\u00e8re depuis deux ans, explique le Cannois. Je viens aussi \u00e0 la Biarritz Cup en tant que coach, voire m\u00eame plus qu\u2019en tant que joueur. J\u2019ai quelques golfeurs que je suis et que je vais aller voir pendant le tournoi, et d\u2019autres amateurs qui ne jouent pas mais habitent dans la r\u00e9gion. Ce sera l\u2019occasion de leur faire un petit check-up. Mais je suis tr\u00e8s motiv\u00e9 par le tournoi. \u00c0 partir du moment o\u00f9 je le joue, je serai \u00e0 fond, en mode professionnel, avec toutes mes routines du Tour. \u00bb<\/p>\n<p>\u00a0<\/p>\n<p>\u00a0<\/p>\n<p>\u00a0<\/p>\n<p>\u00a9Warren Little\/Getty Images<\/p>\n<p>\t\t\t<script async src=\"\/\/www.instagram.com\/embed.js\"><\/script><\/p>\n","protected":false},"excerpt":{"rendered":"Partager cet article Partager la publication \u00ab\u00a0Victor Dubuisson au d\u00e9part d\u2019un tournoi pro \u00e0 la fin du mois&hellip;\n","protected":false},"author":2,"featured_media":236885,"comment_status":"","ping_status":"","sticky":false,"template":"","format":"standard","meta":{"footnotes":""},"categories":[1418],"tags":[1011,27,1472,60],"class_list":{"0":"post-236884","1":"post","2":"type-post","3":"status-publish","4":"format-standard","5":"has-post-thumbnail","7":"category-golf","8":"tag-fr","9":"tag-france","10":"tag-golf","11":"tag-sports"},"share_on_mastodon":{"url":"https:\/\/pubeurope.com\/@fr\/114821726766525847","error":""},"_links":{"self":[{"href":"https:\/\/www.europesays.com\/fr\/wp-json\/wp\/v2\/posts\/236884","targetHints":{"allow":["GET"]}}],"collection":[{"href":"https:\/\/www.europesays.com\/fr\/wp-json\/wp\/v2\/posts"}],"about":[{"href":"https:\/\/www.europesays.com\/fr\/wp-json\/wp\/v2\/types\/post"}],"author":[{"embeddable":true,"href":"https:\/\/www.europesays.com\/fr\/wp-json\/wp\/v2\/users\/2"}],"replies":[{"embeddable":true,"href":"https:\/\/www.europesays.com\/fr\/wp-json\/wp\/v2\/comments?post=236884"}],"version-history":[{"count":0,"href":"https:\/\/www.europesays.com\/fr\/wp-json\/wp\/v2\/posts\/236884\/revisions"}],"wp:featuredmedia":[{"embeddable":true,"href":"https:\/\/www.europesays.com\/fr\/wp-json\/wp\/v2\/media\/236885"}],"wp:attachment":[{"href":"https:\/\/www.europesays.com\/fr\/wp-json\/wp\/v2\/media?parent=236884"}],"wp:term":[{"taxonomy":"category","embeddable":true,"href":"https:\/\/www.europesays.com\/fr\/wp-json\/wp\/v2\/categories?post=236884"},{"taxonomy":"post_tag","embeddable":true,"href":"https:\/\/www.europesays.com\/fr\/wp-json\/wp\/v2\/tags?post=236884"}],"curies":[{"name":"wp","href":"https:\/\/api.w.org\/{rel}","templated":true}]}}