{"id":236888,"date":"2025-07-09T05:55:14","date_gmt":"2025-07-09T05:55:14","guid":{"rendered":"https:\/\/www.europesays.com\/fr\/236888\/"},"modified":"2025-07-09T05:55:14","modified_gmt":"2025-07-09T05:55:14","slug":"quel-xv-type-pour-le-rc-vannes-en-pro-d2-lors-de-la-saison-2024-2025","status":"publish","type":"post","link":"https:\/\/www.europesays.com\/fr\/236888\/","title":{"rendered":"Quel XV type pour le RC Vannes en Pro D2 lors de la saison 2024-2025\u00a0?"},"content":{"rendered":"<p>Pro D2. RC Vannes<\/p>\n<p>La p\u00e9riode de mutations des joueurs sous contrat est officiellement termin\u00e9e pour le <a href=\"https:\/\/www.letelegramme.fr\/sports\/rugby\/rc-vannes\/\" target=\"_blank\" rel=\"noopener\">RC Vannes<\/a> depuis mardi. Et m\u00eame s\u2019il existe encore quelques options pour se renforcer (joueurs suppl\u00e9mentaires, jokers m\u00e9dicaux, pr\u00eats\u2026), l\u2019effectif du club morbihannais ne conna\u00eetra pas de grand bouleversement avant le d\u00e9but de la prochaine saison de Pro D2, fin ao\u00fbt.<\/p>\n<p>Le RCV, qui a prolong\u00e9 la plupart de ses cadres, pourra s\u2019appuyer sur une ossature globalement similaire \u00e0 celle qui \u00e9voluait en Top 14. Parmi <a href=\"https:\/\/www.letelegramme.fr\/sports\/rugby\/rc-vannes\/le-xv-type-de-la-saison-2024-2025-du-rc-vannes-en-top-14-6833135.php\" target=\"_blank\" rel=\"noopener\">les titulaires habituels<\/a>, seul <a href=\"https:\/\/www.letelegramme.fr\/sports\/rugby\/rc-vannes\/salesi-rayasi-rejoint-officiellement-lunion-bordeaux-begles-6848357.php\" target=\"_blank\" rel=\"noopener\">Salesi Rayasi, parti \u00e0 Bordeaux B\u00e8gles<\/a>, manque \u00e0 l\u2019appel. L\u2019international fidjien a \u00e9t\u00e9 remplac\u00e9 num\u00e9riquement par <a href=\"https:\/\/www.letelegramme.fr\/sports\/rugby\/rc-vannes\/le-rc-vannes-pro-d2-recrute-un-ailier-anglais-en-provenance-de-newcastle-6851660.php\" target=\"_blank\" rel=\"noopener\">l\u2019ailier anglais Ben Stevenson<\/a>, dont la signature a \u00e9t\u00e9 officialis\u00e9e mardi. Il sera en concurrence avec Filipo Nakosi, Romaric Camou ou encore Enzo Benmegal.<\/p>\n<p>Un effectif homog\u00e8ne<\/p>\n<p>Le talonneur international \u00e9cossais Dave Cherry arrive avec un beau CV pour int\u00e9grer la rotation avec Th\u00e9o B\u00e9ziat et Cyril Blanchard. Tout comme l\u2019international fran\u00e7ais Anthony Bouthier, de retour six ans apr\u00e8s son d\u00e9part, qui poss\u00e8de un profil diff\u00e9rent de Paul Surano pour tourner sur le poste d\u2019arri\u00e8re. L\u2019ancien joueur de Montpellier pourra \u00e9galement suppl\u00e9er Maxime Lafage \u00e0 l\u2019ouverture.<\/p>\n<p>L\u2019homog\u00e9n\u00e9it\u00e9 de l\u2019effectif devrait permettre au staff vannetais de faire r\u00e9guli\u00e8rement tourner afin de g\u00e9rer les joueurs pour arriver pr\u00eat en phase finale. Car m\u00eame si les exemples de Brive et Oyonnax les saisons pass\u00e9es prouvent que l\u2019ann\u00e9e de la descente peut \u00eatre compliqu\u00e9e, l\u2019objectif du RC Vannes est de go\u00fbter \u00e0 nouveau au Top 14, si possible d\u00e8s la saison suivante.<\/p>\n<p>Le deuxi\u00e8me ligne international italien Edoardo Iachizzi, de retour apr\u00e8s deux ans \u00e0 Tr\u00e9vise, et l\u2019international allemand Eric Marks devraient principalement porter le num\u00e9ro 4. Thomas Geffr\u00e9, qui arrive de Nationale, tentera de se faire une place.<\/p>\n<p>Une troisi\u00e8me ligne encore impressionnante<\/p>\n<p>En troisi\u00e8me ligne, les Vannetais sont arm\u00e9s entre le capitaine Francisco Gorrissen, le v\u00e9t\u00e9ran Sione Kalamafoni, le revenant Juan Bautista Pedemonte, le polyvalent Joe Edwards mais aussi Simon Augry, L\u00e9on Boulier et Kitione Kamikamica.<\/p>\n<p>Au centre \u00e9galement entre la p\u00e9pite Robin Taccola, le All Black Francis Saili, le guerrier Alex Arrate et les polyvalents Pierre Boudehent, Eliott Roudil et I\u00f1aki Ayarza.<\/p>\n<p>Au poste de pilier droit, le RCV a perdu Phil Kit\u00e9 et doit faire avec la grosse blessure de Simon Bourgeois. Le recrutement du Sud-Africain Nick Schonert est int\u00e9ressant, \u00e0 condition qu\u2019il soit physiquement en capacit\u00e9 de tenir sa place apr\u00e8s une saison blanche. Le jeune <a href=\"https:\/\/www.letelegramme.fr\/sports\/rugby\/rc-vannes\/un-champion-du-monde-u20-devrait-etre-prete-au-rc-vannes-6846328.php\" target=\"_blank\" rel=\"noopener\">Thomas Duch\u00eane devrait \u00eatre pr\u00eat\u00e9<\/a> par Clermont.<\/p>\n<p>Le poste de pilier gauche s\u2019est affaibli avec le d\u00e9part de Thomas Moukoro \u00e0 Lyon. Derri\u00e8re Mako Vunipola, Hugo Djehi et Charles-Henri Berguet devraient se partager le temps de jeu. \u00c0 moins que le RCV trouve finalement son bonheur. L\u2019ancien de Castres et Lyon, Wayan de Benedittis, est notamment dans le viseur mais aucun accord n\u2019a encore \u00e9t\u00e9 trouv\u00e9.<\/p>\n","protected":false},"excerpt":{"rendered":"Pro D2. RC Vannes La p\u00e9riode de mutations des joueurs sous contrat est officiellement termin\u00e9e pour le RC&hellip;\n","protected":false},"author":2,"featured_media":236889,"comment_status":"","ping_status":"","sticky":false,"template":"","format":"standard","meta":{"footnotes":""},"categories":[1416],"tags":[1011,27,2308,3164,3167,479,1468,60,3165],"class_list":{"0":"post-236888","1":"post","2":"type-post","3":"status-publish","4":"format-standard","5":"has-post-thumbnail","7":"category-rugby","8":"tag-fr","9":"tag-france","10":"tag-pro-d2","11":"tag-rc-vannes","12":"tag-rcv","13":"tag-rugby","14":"tag-rugby-football","15":"tag-sports","16":"tag-vannes"},"share_on_mastodon":{"url":"https:\/\/pubeurope.com\/@fr\/114821734455836151","error":""},"_links":{"self":[{"href":"https:\/\/www.europesays.com\/fr\/wp-json\/wp\/v2\/posts\/236888","targetHints":{"allow":["GET"]}}],"collection":[{"href":"https:\/\/www.europesays.com\/fr\/wp-json\/wp\/v2\/posts"}],"about":[{"href":"https:\/\/www.europesays.com\/fr\/wp-json\/wp\/v2\/types\/post"}],"author":[{"embeddable":true,"href":"https:\/\/www.europesays.com\/fr\/wp-json\/wp\/v2\/users\/2"}],"replies":[{"embeddable":true,"href":"https:\/\/www.europesays.com\/fr\/wp-json\/wp\/v2\/comments?post=236888"}],"version-history":[{"count":0,"href":"https:\/\/www.europesays.com\/fr\/wp-json\/wp\/v2\/posts\/236888\/revisions"}],"wp:featuredmedia":[{"embeddable":true,"href":"https:\/\/www.europesays.com\/fr\/wp-json\/wp\/v2\/media\/236889"}],"wp:attachment":[{"href":"https:\/\/www.europesays.com\/fr\/wp-json\/wp\/v2\/media?parent=236888"}],"wp:term":[{"taxonomy":"category","embeddable":true,"href":"https:\/\/www.europesays.com\/fr\/wp-json\/wp\/v2\/categories?post=236888"},{"taxonomy":"post_tag","embeddable":true,"href":"https:\/\/www.europesays.com\/fr\/wp-json\/wp\/v2\/tags?post=236888"}],"curies":[{"name":"wp","href":"https:\/\/api.w.org\/{rel}","templated":true}]}}