{"id":236890,"date":"2025-07-09T05:56:11","date_gmt":"2025-07-09T05:56:11","guid":{"rendered":"https:\/\/www.europesays.com\/fr\/236890\/"},"modified":"2025-07-09T05:56:11","modified_gmt":"2025-07-09T05:56:11","slug":"swiatek-pour-une-premiere-sinner-et-djokovic-veulent-se-donner-rendez-vous-le-programme-du-mercredi-9-juillet","status":"publish","type":"post","link":"https:\/\/www.europesays.com\/fr\/236890\/","title":{"rendered":"Swiatek pour une premi\u00e8re, Sinner et Djokovic veulent se donner rendez-vous&#8230; Le programme du mercredi 9 juillet"},"content":{"rendered":"<p>C\u2019est la fin des quarts de finale \u00e0 Londres, ce mercredi, et Sinner et Djokovic affrontent respectivement Shelton et Cobolli, avant de se retrouver, peut-\u00eatre, en demi-finales vendredi.<\/p>\n<p class=\"fig-paragraph\">Cela sonnait comme une \u00e9vidence. Ca l\u2019\u00e9tait moins ces derni\u00e8res heures. Jannik Sinner,\u00a0<a href=\"http:\/\/www.lefigaro.fr\/sports\/tennis\/wimbledon\/wimbledon-touche-a-l-epaule-sinner-annule-la-seance-d-entrainement-de-ce-mardi-20250708\" data-fig-type=\"NewsFlash\" data-gtm-custom-categorie=\"navigation\" data-gtm-custom-action=\"crossclick\" data-gtm-custom-label=\"Contextuel\" data-gtm-event=\"customEventSPE\" data-fig-domain=\"LEFIGARO\" target=\"_blank\" rel=\"noopener\">au coude peut-\u00eatre douloureux<\/a>, et le septuple laur\u00e9at Novak Djokovic, qui a altern\u00e9\u00a0<a href=\"http:\/\/www.lefigaro.fr\/sports\/tennis\/wimbledon\/wimbledon-j-ai-une-chance-de-gagner-le-tournoi-assure-djokovic-20250707\" data-fig-type=\"NewsFlash\" data-gtm-custom-categorie=\"navigation\" data-gtm-custom-action=\"crossclick\" data-gtm-custom-label=\"Contextuel\" data-gtm-event=\"customEventSPE\" data-fig-domain=\"LEFIGARO\" target=\"_blank\" rel=\"noopener\">le bon et le moins bon\u00a0<\/a>en 8es contre Alex De Minaur, vont-ils se retrouver vendredi pour la demie-finale choc que tout Londres attend\u00a0? Le Serbe de 38 ans affronte pour la deuxi\u00e8me fois &#8211; il a gagn\u00e9 le premier face-\u00e0-face au Masters 1000 de Shanghai en 2024 &#8211; l\u2019Italien Flavio Cobolli, 24e\u00a0<a href=\"https:\/\/www.lefigaro.fr\/sports\/tennis\/atp\/classement\" target=\"_blank\" rel=\"noopener\" data-gtm-custom-categorie=\"navigation\" data-gtm-custom-action=\"crossclick\" data-gtm-custom-label=\"Contextuel\" data-gtm-event=\"customEventSPE\">au classement ATP<\/a>\u00a0et novice \u00e0 ce stade de la comp\u00e9tition.<\/p>\n<p class=\"fig-paragraph\">Avantage \u00e9videmment au \u00abGOAT\u00bb, en qu\u00eate d\u2019une septi\u00e8me finale d\u2019affil\u00e9e \u00e0 Wimbledon (quatre gagn\u00e9es puis deux perdues), lui qui vise un 25e titre record en Grand Chelem. En plaisantant, Le \u00abDjoker\u00bb a assur\u00e9 qu\u2019il comptait bien profiter des conseils de Stefan, son fils de dix ans, lequel a tap\u00e9 quelques balles avec l\u2019Italien la semaine derni\u00e8re\u00a0: \u00abBien s\u00fbr, je vais discuter avec mon fils et voir ce qu\u2019il a remarqu\u00e9 dans son jeu l\u2019autre jour\u00bb.<\/p>\n<p>                                    <a class=\"fig-a11y-skip a11y-hidden\" href=\"#fig-a11y-skip-main-inarticle\"><br \/>\n        Passer la publicit\u00e9<br \/>\n    <\/a><\/p>\n<p class=\"fig-paragraph\">Le 10e mondial Ben Shelton, qui dispute \u00e0 22 ans \u00e0 Church Road son premier quart et qui a d\u00e9j\u00e0 particip\u00e9 \u00e0 deux demi-finales en Grand Chelem, \u00e0 l\u2019US Open en 2023 et \u00e0 l\u2019Open d\u2019Australie en 2025, compte bien poser des probl\u00e8mes \u00e0 Jannik Sinner, touch\u00e9 au coude droit en glissant au tout d\u00e9but d\u2019un match\u00a0<a href=\"http:\/\/www.lefigaro.fr\/sports\/tennis\/wimbledon\/wimbledon-mene-deux-sets-a-zero-sinner-profite-de-l-abandon-de-dimitrov-pour-rejoindre-les-quarts-20250707\" data-fig-type=\"NewsFlash\" data-gtm-custom-categorie=\"navigation\" data-gtm-custom-action=\"crossclick\" data-gtm-custom-label=\"Contextuel\" data-gtm-event=\"customEventSPE\" data-fig-domain=\"LEFIGARO\" target=\"_blank\" rel=\"noopener\">lors de son 8e de finale gagn\u00e9 un miraculeusement contre Grigor Dimitrov<\/a>, contraint \u00e0 l\u2019abandon apr\u00e8s avoir remport\u00e9 les deux premi\u00e8res manches (6-3, 7-5). S\u2019il retrouve 100% de ses moyens, le num\u00e9ro 1 mondial s\u2019impose comme le favori contre le premier membre du top 10 \u00e0 se pr\u00e9senter sur sa route et contre il reste sur cinq victoires cons\u00e9cutives, sans perdre un set, dont un succ\u00e8s au 3e tour l\u2019an dernier \u00e0 Wimbledon.<\/p>\n<p>Swiatek en lev\u00e9e de rideau<\/p>\n<p class=\"fig-paragraph\">La Polonaise\u00a0<a href=\"http:\/\/www.lefigaro.fr\/sports\/tennis\/wimbledon\/wimbledon-expeditive-swiatek-retrouve-les-quarts-deux-ans-apres-20250707\" data-fig-type=\"NewsFlash\" data-gtm-custom-categorie=\"navigation\" data-gtm-custom-action=\"crossclick\" data-gtm-custom-label=\"Contextuel\" data-gtm-event=\"customEventSPE\" data-fig-domain=\"LEFIGARO\" target=\"_blank\" rel=\"noopener\">Iga Swiatek<\/a>, cinq titres en Grand Chelem, sera la premi\u00e8re \u00e0 entrer sur le court mercredi sur le court. Deux ans apr\u00e8s sa premi\u00e8re apparition en quarts de finale sur le gazon anglais, la 8e mondiale d\u00e9fiera \u00e0 partir de 14h la 19e\u00a0<a href=\"https:\/\/www.lefigaro.fr\/sports\/tennis\/wta\/classement\" target=\"_blank\" rel=\"noopener\" data-gtm-custom-categorie=\"navigation\" data-gtm-custom-action=\"crossclick\" data-gtm-custom-label=\"Contextuel\" data-gtm-event=\"customEventSPE\">au classement WTA<\/a> Liudmila Samsonova pour tenter de se hisser dans le dernier carr\u00e9 au All England Lawn tennis club pour la premi\u00e8re fois. Alors que la Russe de 26 ans dispute son premier quart dans un Grand Chelem, l\u2019ex-num\u00e9ro 1 mondiale, quintuple laur\u00e9ate en Grand Chelem, d\u00e9tr\u00f4n\u00e9e en octobre par sa grande rivale Aryna Sabalenka, n\u2019a plus soulev\u00e9 de troph\u00e9e depuis sa quatri\u00e8me victoire \u00e0 Roland-Garros en juin 2024. Une \u00e9ternit\u00e9. La Polonaise a la faveur des pronostics, elle qui m\u00e8ne 4-0 dans ses confrontations avec la Russe, avec un seul set de conc\u00e9d\u00e9 seulement.<\/p>\n<p class=\"fig-paragraph\">Une demi-heure plus tard sur le Central,\u00a0<a href=\"https:\/\/www.lefigaro.fr\/sports\/tennis\/tennis-ou-s-arretera-mirra-andreeva-prodige-de-16-ans-20230709\" data-fig-type=\"Article\" data-gtm-custom-categorie=\"navigation\" data-gtm-custom-action=\"crossclick\" data-gtm-custom-label=\"Contextuel\" data-gtm-event=\"customEventSPE\" data-fig-domain=\"LEFIGARO\" target=\"_blank\" rel=\"noopener\">Mirra Andreeva\u00a0<\/a>(7e mondiale) et Belinda Bencic (35e) tenteront \u00e0 leur tour de se hisser pour la premi\u00e8re fois de leur carri\u00e8re en demi-finales sur le gazon londonien. Mirra Andreeva, \u00e9l\u00e8ve de Conchita Martinez, est \u00e0 18 ans et 75 jours, la plus jeune quart-de-finaliste de Wimbledon depuis la Tch\u00e8que Nicole Vaidisova, en 2007. La prodige n\u2019avait encore jamais atteint ce stade de la comp\u00e9tition dans un autre Grand Chelem que Roland-Garros (demi-finaliste en 2024 et quart-de-finaliste cette ann\u00e9e). Belinda Bencic, 28 ans, va tenter de faire parler son exp\u00e9rience. Quatorze mois apr\u00e8s avoir donn\u00e9 naissance \u00e0 une fille, la Suissesse atteint son premier quart \u00e0 Londres. Revenue sur le circuit en octobre dernier, elle avait \u00e9chou\u00e9 par le pass\u00e9 \u00e0 trois reprises en quarts \u00e0 l\u2019US Open (2014, 2019 et 2021).<\/p>\n<p class=\"fig-paragraph\">Court central<br \/>(\u00e0 partir de 14h30)\u00a0: Mirra Andreeva (Rus\/t\u00eate de s\u00e9rie 7) &#8211; Belinda Bencic (Sui)<br \/>suivi de Flavio Cobolli (Ita\/22) &#8211; Novak Djokovic (Srb\/6)<\/p>\n<p class=\"fig-paragraph\">Court 1<br \/>(\u00e0 partir de 14h00) Iga Swiatek (Pol\/8) &#8211; Liudmila Samsonova (Rus\/19)<br \/>suivi de Jannik Sinner (Ita\/1) &#8211; Ben Shelton (E-U\/10)<\/p>\n","protected":false},"excerpt":{"rendered":"C\u2019est la fin des quarts de finale \u00e0 Londres, ce mercredi, et Sinner et Djokovic affrontent respectivement Shelton&hellip;\n","protected":false},"author":2,"featured_media":236891,"comment_status":"","ping_status":"","sticky":false,"template":"","format":"standard","meta":{"footnotes":""},"categories":[1415],"tags":[1011,27,20859,6433,60,1467],"class_list":{"0":"post-236890","1":"post","2":"type-post","3":"status-publish","4":"format-standard","5":"has-post-thumbnail","7":"category-tennis","8":"tag-fr","9":"tag-france","10":"tag-jannik-sinner","11":"tag-novak-djokovic","12":"tag-sports","13":"tag-tennis"},"share_on_mastodon":{"url":"https:\/\/pubeurope.com\/@fr\/114821738506103410","error":""},"_links":{"self":[{"href":"https:\/\/www.europesays.com\/fr\/wp-json\/wp\/v2\/posts\/236890","targetHints":{"allow":["GET"]}}],"collection":[{"href":"https:\/\/www.europesays.com\/fr\/wp-json\/wp\/v2\/posts"}],"about":[{"href":"https:\/\/www.europesays.com\/fr\/wp-json\/wp\/v2\/types\/post"}],"author":[{"embeddable":true,"href":"https:\/\/www.europesays.com\/fr\/wp-json\/wp\/v2\/users\/2"}],"replies":[{"embeddable":true,"href":"https:\/\/www.europesays.com\/fr\/wp-json\/wp\/v2\/comments?post=236890"}],"version-history":[{"count":0,"href":"https:\/\/www.europesays.com\/fr\/wp-json\/wp\/v2\/posts\/236890\/revisions"}],"wp:featuredmedia":[{"embeddable":true,"href":"https:\/\/www.europesays.com\/fr\/wp-json\/wp\/v2\/media\/236891"}],"wp:attachment":[{"href":"https:\/\/www.europesays.com\/fr\/wp-json\/wp\/v2\/media?parent=236890"}],"wp:term":[{"taxonomy":"category","embeddable":true,"href":"https:\/\/www.europesays.com\/fr\/wp-json\/wp\/v2\/categories?post=236890"},{"taxonomy":"post_tag","embeddable":true,"href":"https:\/\/www.europesays.com\/fr\/wp-json\/wp\/v2\/tags?post=236890"}],"curies":[{"name":"wp","href":"https:\/\/api.w.org\/{rel}","templated":true}]}}