{"id":236892,"date":"2025-07-09T05:58:10","date_gmt":"2025-07-09T05:58:10","guid":{"rendered":"https:\/\/www.europesays.com\/fr\/236892\/"},"modified":"2025-07-09T05:58:10","modified_gmt":"2025-07-09T05:58:10","slug":"motogp-enorme-nouvelle-dani-pedrosa-sera-bien-a-magny-cours-sur-red-bull-motormania","status":"publish","type":"post","link":"https:\/\/www.europesays.com\/fr\/236892\/","title":{"rendered":"MotoGP Enorme nouvelle, Dani Pedrosa sera bien \u00e0 Magny-Cours, sur Red Bull Motormania !"},"content":{"rendered":"<p>La liste des pilotes de renom pr\u00e9sents sur l\u2019\u00e9v\u00e9nement de la rentr\u00e9e prochaine ne cesse de s\u2019allonger. D\u00e9sormais, c\u2019est la l\u00e9gende de la MotoGP, pilote d\u2019essais de KTM, Dani Pedrosa, qui est officialis\u00e9 sur le Red Bull Motormania de Magny-Cours. Ainsi, le pilote espagnol pilotera la KTM RC16, \u00e0 l\u2019occasion de drag races, tours lanc\u00e9s et d\u00e9fis divers et vari\u00e9s, \u00e0 d\u00e9tailler ult\u00e9rieurement.<\/p>\n<p>MotoGP avec F1, WEC et cie, dans la Ni\u00e8vre<\/p>\n<p>Riche d\u2019un palmar\u00e8s garni par trois titres mondiaux dans les cat\u00e9gories 125cc et 250cc, mais aussi, de 31 victoires et 112 podiums en MotoGP. l\u2019int\u00e9ress\u00e9 a pris sa retraite en 2019. N\u00e9anmoins, il ex\u00e9cute toujours des piges, via les wild-card, dans la cat\u00e9gorie reine, avec l\u2019\u00e9curie officielle KTM. Aussi, avec cette annonce, Dani Pedrosa vient grossir les rangs du show qui aura lieu en France et compos\u00e9 notamment d\u2019Isack Hadjar, de S\u00e9bastien Loeb ou encore, de S\u00e9bastien Buemi.<\/p>\n<p>F1, MotoGP, <a href=\"https:\/\/lemagsportauto.ouest-france.fr\/tag\/wrc-2\/\" target=\"_blank\" rel=\"noopener\">WRC<\/a>, Rallye-Raid, WEC et Formule E, toutes les cat\u00e9gories majeures promettent donc d\u2019\u00eatre repr\u00e9sent\u00e9es, dans la Ni\u00e8vre, en septembre prochain.<\/p>\n<blockquote class=\"twitter-tweet\">\n<p dir=\"ltr\" lang=\"en\">Throwback to last time out at Assen. Step by step we get closer and closer. <a href=\"https:\/\/twitter.com\/37_pedroacosta?ref_src=twsrc%5Etfw\" target=\"_blank\" rel=\"noopener\">@37_pedroacosta<\/a> rode his wheels off to bring his KTM RC16 home in P4. \ud83d\udd25\ud83d\udc4a<\/p>\n<p>Solid effort for a not so easy weekend! \ud83e\udee1<a href=\"https:\/\/twitter.com\/hashtag\/KTM?src=hash&amp;ref_src=twsrc%5Etfw\" target=\"_blank\" rel=\"noopener\">#KTM<\/a> <a href=\"https:\/\/twitter.com\/hashtag\/ReadyToRace?src=hash&amp;ref_src=twsrc%5Etfw\" target=\"_blank\" rel=\"noopener\">#ReadyToRace<\/a> <a href=\"https:\/\/t.co\/AhWuZE9q19\" target=\"_blank\">pic.twitter.com\/AhWuZE9q19<\/a><\/p>\n<p>\u2014 RED BULL KTM FACTORY RACING (@KTM_Racing) <a href=\"https:\/\/twitter.com\/KTM_Racing\/status\/1940705272680595638?ref_src=twsrc%5Etfw\" target=\"_blank\" rel=\"noopener\">July 3, 2025<\/a><\/p>\n<\/blockquote>\n<p>Article publi\u00e9 le 09\/07\/2025 \u00e0 6h44<\/p>\n<p>                                                            <script async src=\"https:\/\/platform.twitter.com\/widgets.js\" charset=\"utf-8\"><\/script><\/p>\n","protected":false},"excerpt":{"rendered":"La liste des pilotes de renom pr\u00e9sents sur l\u2019\u00e9v\u00e9nement de la rentr\u00e9e prochaine ne cesse de s\u2019allonger. D\u00e9sormais,&hellip;\n","protected":false},"author":2,"featured_media":236893,"comment_status":"","ping_status":"","sticky":false,"template":"","format":"standard","meta":{"footnotes":""},"categories":[1413],"tags":[5128,1011,27,1457,1456,1458,2255,60],"class_list":{"0":"post-236892","1":"post","2":"type-post","3":"status-publish","4":"format-standard","5":"has-post-thumbnail","7":"category-moto","8":"tag-dani-pedrosa","9":"tag-fr","10":"tag-france","11":"tag-moto","12":"tag-motocycle","13":"tag-motogp","14":"tag-red-bull","15":"tag-sports"},"share_on_mastodon":{"url":"https:\/\/pubeurope.com\/@fr\/114821746181927639","error":""},"_links":{"self":[{"href":"https:\/\/www.europesays.com\/fr\/wp-json\/wp\/v2\/posts\/236892","targetHints":{"allow":["GET"]}}],"collection":[{"href":"https:\/\/www.europesays.com\/fr\/wp-json\/wp\/v2\/posts"}],"about":[{"href":"https:\/\/www.europesays.com\/fr\/wp-json\/wp\/v2\/types\/post"}],"author":[{"embeddable":true,"href":"https:\/\/www.europesays.com\/fr\/wp-json\/wp\/v2\/users\/2"}],"replies":[{"embeddable":true,"href":"https:\/\/www.europesays.com\/fr\/wp-json\/wp\/v2\/comments?post=236892"}],"version-history":[{"count":0,"href":"https:\/\/www.europesays.com\/fr\/wp-json\/wp\/v2\/posts\/236892\/revisions"}],"wp:featuredmedia":[{"embeddable":true,"href":"https:\/\/www.europesays.com\/fr\/wp-json\/wp\/v2\/media\/236893"}],"wp:attachment":[{"href":"https:\/\/www.europesays.com\/fr\/wp-json\/wp\/v2\/media?parent=236892"}],"wp:term":[{"taxonomy":"category","embeddable":true,"href":"https:\/\/www.europesays.com\/fr\/wp-json\/wp\/v2\/categories?post=236892"},{"taxonomy":"post_tag","embeddable":true,"href":"https:\/\/www.europesays.com\/fr\/wp-json\/wp\/v2\/tags?post=236892"}],"curies":[{"name":"wp","href":"https:\/\/api.w.org\/{rel}","templated":true}]}}