{"id":236900,"date":"2025-07-09T06:07:11","date_gmt":"2025-07-09T06:07:11","guid":{"rendered":"https:\/\/www.europesays.com\/fr\/236900\/"},"modified":"2025-07-09T06:07:11","modified_gmt":"2025-07-09T06:07:11","slug":"raphael-quenard-est-vraiment-le-pire-de-lui-meme-dans-i-love-peru-son-nouveau-film-sur-lui","status":"publish","type":"post","link":"https:\/\/www.europesays.com\/fr\/236900\/","title":{"rendered":"Rapha\u00ebl Quenard est vraiment le pire de lui-m\u00eame dans \u00ab\u00a0I Love Peru\u00a0\u00bb, son nouveau film (sur lui)"},"content":{"rendered":"<p>        <img decoding=\"async\" loading=\"lazy\" src=\"https:\/\/www.europesays.com\/fr\/wp-content\/uploads\/2025\/07\/3c0ccfd_upload-1-esqrjouagqnm-i-love-peru.jpg\"  width=\"728\" height=\"410\" alt=\"Rapha\u00ebl Quenard, ici dans son film cor\u00e9alis\u00e9 avec Hugo David \u00ab\u00a0I Love Peru\u00a0\u00bb.\"\/>  <\/p>\n<p>Le Pacte<\/p>\n<p>Rapha\u00ebl Quenard, ici dans son film cor\u00e9alis\u00e9 avec Hugo David \u00ab\u00a0I Love Peru\u00a0\u00bb.<\/p>\n<p class=\"asset asset-text\">CIN\u00c9MA &#8211; Rapha\u00ebl Quenard vous agace\u00a0? <a href=\"https:\/\/www.huffingtonpost.fr\/people\/article\/adele-exarchopoulos-officialise-sa-relation-avec-francois-civil-dans-paris-match_241292.html\" rel=\"nofollow noopener\" target=\"_blank\">Fran\u00e7ois Civil<\/a> et <a href=\"https:\/\/www.huffingtonpost.fr\/culture\/video\/dans-le-grand-deplacement-jean-pascal-zadi-fary-et-leurs-amis-se-confinent-dans-l-espace-et-c-est-savoureux_251680.html\" rel=\"nofollow noopener\" target=\"_blank\">Jean-Pascal Zadi<\/a>, aussi. Du moins, dans I Love Peru. Pr\u00e9sent\u00e9 au dernier Festival de Cannes en pr\u00e9sence d\u2019un d\u00e9sar\u00e7onnant condor sur le tapis rouge, le premier long-m\u00e9trage de <a href=\"https:\/\/www.huffingtonpost.fr\/culture\/article\/jean-pascal-zadi-et-raphael-quenard-incarnent-des-figures-du-basket-francais-dans-leur-prochain-film_250053.html\" rel=\"nofollow noopener\" target=\"_blank\">l\u2019acteur fran\u00e7ais<\/a>, cor\u00e9alis\u00e9 avec son comp\u00e8re Hugo David, va peut-\u00eatre vous le rendre plus sympathique.<\/p>\n<p class=\"asset asset-text\">Son histoire, qui arrive en salles ce mercredi 9\u00a0juillet, c\u2019est celle d\u2019un homme\u00a0: Rapha\u00ebl Quenard, lui-m\u00eame donc. Hugo David &#8211; qu\u2019il a rencontr\u00e9 sur le tournage du film Chien de la casse pour lequel il avait \u00e9t\u00e9 enr\u00f4l\u00e9 afin d\u2019en r\u00e9aliser le making of &#8211; est presque instantan\u00e9ment tomb\u00e9 sous son charme.<\/p>\n<p class=\"asset asset-text\">Un coup de foudre amical r\u00e9ciproque, qui pousse le plus jeune des deux \u00e0 prendre sa cam\u00e9ra au poing, et ne plus jamais quitter son sujet des yeux. En plein tournage de L\u2019Amour ouf, \u00e0 la terrasse d\u2019un kebab, dans une chambre d\u2019h\u00f4tel ou sur le tr\u00f4ne\u2026 Hugo David n\u2019a rien loup\u00e9 de l\u2019ascension fulgurante de son h\u00e9ros, y compris son melon.<\/p>\n<p class=\"asset asset-text\"><strong>D\u00e9couvrez ci-dessous la bande-annonce\u00a0:<\/strong><\/p>\n<p> La lecture de ce contenu est susceptible d\u2019entra\u00eener un d\u00e9p\u00f4t de cookies de la part de l\u2019op\u00e9rateur tiers qui l\u2019h\u00e9berge. Compte-tenu des choix que vous avez exprim\u00e9s en mati\u00e8re de d\u00e9p\u00f4t de cookies, nous avons bloqu\u00e9 l\u2019affichage de ce contenu. Si vous souhaitez y acc\u00e9der, vous devez accepter la cat\u00e9gorie de cookies \u201cContenus tiers\u201d en cliquant sur le bouton ci-dessous. <\/p>\n<p> Lire la Vid\u00e9o              <\/p>\n<p class=\"asset asset-text\">Celui dont on se moquait pour son phras\u00e9 si particulier ou ses observations \u00e0 c\u00f4t\u00e9 de la plaque a bien chang\u00e9 depuis ses d\u00e9buts. La gloire lui est mont\u00e9e au cerveau, peut-\u00eatre un peu trop. Par ambition et carri\u00e9risme, Rapha\u00ebl Quenard finit par abandonner son meilleur pote, et m\u00eame sa nouvelle petite amie, l\u2019irr\u00e9sistible Ana\u00efde Rozam.<\/p>\n<p>                     Vulgaire, g\u00eanant et imbu de lui-m\u00eame    <\/p>\n<p class=\"asset asset-text\">Vous l\u2019avez compris. Rien de tout \u00e7a n\u2019est vrai. I Love Peru brouille les fronti\u00e8res entre fiction et r\u00e9alit\u00e9. Comme l\u2019avait d\u00e9j\u00e0 fait en 2024 L\u2019acteur, g\u00e9nial documenteur (un genre de documentaire qui entretient le doute jusqu\u2019\u00e0 la fin) r\u00e9alis\u00e9 par les deux amis d\u00e9peignant le com\u00e9dien sous les traits d\u2019un homme narcissique, incompris et impr\u00e9visible.<\/p>\n<p class=\"asset asset-text\">Ici, c\u2019est pire. Rapha\u00ebl Quenard rote et p\u00e8te, il est vulgaire. Plus pingre que pingre, c\u2019est aussi un philosophe \u00e0 deux balles dot\u00e9 d\u2019un gros boulard, un \u00e9norme boulard, en plus d\u2019\u00eatre extr\u00eamement g\u00eanant. On pense \u00e0 sa blague rat\u00e9e de montrer sa \u00ab\u00a0bite\u00a0\u00bb \u00e0 des jeunes \u00e9tudiants, ou les r\u00e9f\u00e9rences \u00e0 son \u00ab\u00a0trou de balles\u00a0\u00bb quand il ne le montre pas \u00e0 l\u2019\u00e9cran.<\/p>\n<p class=\"asset asset-text\">Dans le milieu, on le d\u00e9teste. Fran\u00e7ois Civil n\u2019a pas de place pour lui dans son agenda. Jean-Pascal Zadi en vient aux mains. Et tandis que Marina Fo\u00efs a bien du mal \u00e0 lui faire comprendre qu\u2019il n\u2019est pas question qu\u2019elle incarne son r\u00f4le dans un biopic sur lui (malgr\u00e9 leurs coiffures similaires), \u00c9ric Judor peine \u00e0 d\u00e9cliner son offre de former un nouveau duo baptis\u00e9 \u00c9ric et Raphy.<\/p>\n<p class=\"asset asset-text\">\u00ab\u00a0\u00c0 force de jouer des personnages, il en est devenu un\u00a0\u00bb, souffle Hugo David en voix off. Lui aussi s\u2019interroge sur l\u2019homme, et leur amiti\u00e9 toxique. \u00ab\u00a0Un com\u00e9dien sans spectateur, il parle tout seul, ajoute-t-il un peu plus loin, lors d\u2019un absurde, mais non moins spirituel voyage au P\u00e9rou \u00e0 la recherche d\u2019un condor. J\u2019\u00e9tais devenu son spectateur.\u00a0\u00bb<\/p>\n<p>    Rapha\u00ebl Quenard r\u00e9pond aux rumeurs    <\/p>\n<p class=\"asset asset-text\">Faut-il voir dans cette autod\u00e9rision une mani\u00e8re de r\u00e9pondre \u00e0 des rumeurs sur son propre ego\u00a0? \u00ab\u00a0Il y a tout un tas de fantasmes, d\u00e9crit Rapha\u00ebl Quenard au micro de France Inter, au mois de juin. Je ne condamne pas \u00e7a, car c\u2019est un truc que je fais avec mes amis. Quand on parle de Beyonc\u00e9 dans une voiture \u00e0 2\u00a0heures du matin, on la suspecte de boire du sang d\u2019agneau et d\u2019avoir des pupilles en formes de losanges.\u00a0\u00bb<\/p>\n<p class=\"asset asset-text\">Il poursuit\u00a0: \u00ab\u00a0Ce sont des fantasmes qui peuvent exister dans des cadres plus restreints, c\u2019est-\u00e0-dire dans l\u2019hexagone. Et tu peux en \u00eatre victime. Du coup, oui effectivement. On r\u00e9pond \u00e0 ce truc.\u00a0\u00bb Dans le film, il en invente une autre\u00a0: il serait m\u00eame p\u00e9dophile. \u00ab\u00a0C\u2019est la technique de la propagation qui est folle\u00a0\u00bb, ironise l\u2019acteur, alimentant le monstre malgr\u00e9 lui.<\/p>\n<p class=\"asset asset-text\">Derri\u00e8re la parodie, la part de vraie n\u2019est toutefois jamais loin. Hugo David n\u2019a pas appris qu\u2019il partait au P\u00e9rou au beau milieu de la nuit, mais un billet pour lui s\u2019est bel et bien lib\u00e9r\u00e9 en raison des al\u00e9as sentimentaux de son ami, lui-m\u00eame un peu \u00ab\u00a0down\u00a0\u00bb au moment de prendre l\u2019avion, comme dans leur film.<\/p>\n<p class=\"asset asset-text\">L\u2019\u00e9pisode d\u00e9tonne, ici, pour son caract\u00e8re \u00e9mouvant. Derri\u00e8re le touriste en voyage en Am\u00e9rique latine se cachent non seulement une profonde solitude, mais aussi un \u00eatre vuln\u00e9rable. Les yeux rouges au bord des larmes, Rapha\u00ebl Quenard rappelle par ses monologues d\u2019homme fragile au c\u0153ur bris\u00e9 qu\u2019il est un excellent acteur. Chasseur de rapace, un peu moins.<\/p>\n","protected":false},"excerpt":{"rendered":"Le Pacte Rapha\u00ebl Quenard, ici dans son film cor\u00e9alis\u00e9 avec Hugo David \u00ab\u00a0I Love Peru\u00a0\u00bb. CIN\u00c9MA &#8211; Rapha\u00ebl&hellip;\n","protected":false},"author":2,"featured_media":236901,"comment_status":"","ping_status":"","sticky":false,"template":"","format":"standard","meta":{"footnotes":""},"categories":[1359],"tags":[650,251,58,59,1011,27,973,22261],"class_list":{"0":"post-236900","1":"post","2":"type-post","3":"status-publish","4":"format-standard","5":"has-post-thumbnail","7":"category-people","8":"tag-cinema","9":"tag-culture","10":"tag-divertissement","11":"tag-entertainment","12":"tag-fr","13":"tag-france","14":"tag-people","15":"tag-raphael-quenard"},"share_on_mastodon":{"url":"https:\/\/pubeurope.com\/@fr\/114821781672936971","error":""},"_links":{"self":[{"href":"https:\/\/www.europesays.com\/fr\/wp-json\/wp\/v2\/posts\/236900","targetHints":{"allow":["GET"]}}],"collection":[{"href":"https:\/\/www.europesays.com\/fr\/wp-json\/wp\/v2\/posts"}],"about":[{"href":"https:\/\/www.europesays.com\/fr\/wp-json\/wp\/v2\/types\/post"}],"author":[{"embeddable":true,"href":"https:\/\/www.europesays.com\/fr\/wp-json\/wp\/v2\/users\/2"}],"replies":[{"embeddable":true,"href":"https:\/\/www.europesays.com\/fr\/wp-json\/wp\/v2\/comments?post=236900"}],"version-history":[{"count":0,"href":"https:\/\/www.europesays.com\/fr\/wp-json\/wp\/v2\/posts\/236900\/revisions"}],"wp:featuredmedia":[{"embeddable":true,"href":"https:\/\/www.europesays.com\/fr\/wp-json\/wp\/v2\/media\/236901"}],"wp:attachment":[{"href":"https:\/\/www.europesays.com\/fr\/wp-json\/wp\/v2\/media?parent=236900"}],"wp:term":[{"taxonomy":"category","embeddable":true,"href":"https:\/\/www.europesays.com\/fr\/wp-json\/wp\/v2\/categories?post=236900"},{"taxonomy":"post_tag","embeddable":true,"href":"https:\/\/www.europesays.com\/fr\/wp-json\/wp\/v2\/tags?post=236900"}],"curies":[{"name":"wp","href":"https:\/\/api.w.org\/{rel}","templated":true}]}}