{"id":236902,"date":"2025-07-09T06:08:09","date_gmt":"2025-07-09T06:08:09","guid":{"rendered":"https:\/\/www.europesays.com\/fr\/236902\/"},"modified":"2025-07-09T06:08:09","modified_gmt":"2025-07-09T06:08:09","slug":"la-tour-triangle-une-pyramide-futuriste-de-91-000-m%c2%b2-dans-le-ciel-parisien","status":"publish","type":"post","link":"https:\/\/www.europesays.com\/fr\/236902\/","title":{"rendered":"La tour Triangle, une pyramide futuriste de 91 000 m\u00b2 dans le ciel parisien"},"content":{"rendered":"<p>La nuit, les angles lumineux de la tour viendront r\u00e9pondre \u00e0 l&rsquo;\u00e9clat de la tour Eiffel comme un \u00e9cho au ciel \u00e9toil\u00e9.<\/p>\n<p>Triangle La Ville Cr\u00e9ative<\/p>\n<p>\u00ab Nouvelle silhouette dans la skyline parisienne, nouvelle mixit\u00e9 effervescente, nouvelle mani\u00e8re de travailler\u2026 \u00bb<\/p>\n<p>Triangle La Ville Cr\u00e9ative.<\/p>\n<p>Une \u00e9volution du projet vers la consommation d&rsquo;\u00e9nergie<\/p>\n<p>Si le projet a toujours \u00e9t\u00e9 ambitieux et cela depuis sa conception en 2008, il reste sujet \u00e0 des critiques et a m\u00eame \u00e9t\u00e9 interrompu en 2024 pendant les <a href=\"https:\/\/www.admagazine.fr\/article\/paris-2024-torche-jeux-olympiques\" target=\"_blank\" rel=\"noopener\">Jeux olympiques<\/a>. Ces contretemps, loin de l\u2019arr\u00eater d\u00e9finitivement, l\u2019ont pouss\u00e9 \u00e0 \u00e9voluer pour r\u00e9pondre aux besoins de son \u00e9poque. Le projet original contenait notamment un concept d\u2019ascenseurs inclin\u00e9s, et si Triangle La Ville Cr\u00e9ative n\u2019en fait plus mention, le nombre d\u2019ascenseurs pr\u00e9vu s\u2019\u00e9l\u00e8ve actuellement \u00e0 38, avec un accent port\u00e9 sur les avantages \u00e9nerg\u00e9tiques du syst\u00e8me de r\u00e9g\u00e9n\u00e9ration de courant dont ils b\u00e9n\u00e9ficieront. Selon le site de la tour, celui-ci constitue \u00ab un m\u00e9canisme ing\u00e9nieux r\u00e9cup\u00e9rant l\u2019\u00e9nergie lors des freinages, notamment pendant les mont\u00e9es \u00e0 vide, pour la r\u00e9injecter dans le r\u00e9seau \u00e9lectrique, \u00e9conomisant jusqu\u2019\u00e0 28 % de la consommation d\u2019\u00e9nergie \u00bb.<\/p>\n<p>Pour adoucir sa structure m\u00e9tallique, la tour sera garnie de verdure et d&rsquo;espace d&rsquo;agriculture urbaine qui donneront \u00e0 sa fa\u00e7ade un aspect presque solarpunk.<\/p>\n<p>Triangle La Ville Cr\u00e9ative<\/p>\n<p>Une r\u00e9ponse aux enjeux climatiques et une exp\u00e9rience immersive<\/p>\n<p>\u00ab Chaque d\u00e9tail a \u00e9t\u00e9 pens\u00e9 pour offrir une exp\u00e9rience unique et responsable \u00e0 ses occupants, en \u00e9tant une r\u00e9ponse aux enjeux climatiques \u00bb, d\u00e9crit ainsi Triangle La Ville Cr\u00e9ative. Avec sa prise au sol inf\u00e9rieure \u00e0 celle des b\u00e2timents de la m\u00eame taille, Triangle a pour projet de consommer 3,3 fois moins d\u2019\u00e9nergie que la moyenne des b\u00e2timents du m\u00eame type, tout en proposant une vari\u00e9t\u00e9 d\u2019espaces propices \u00e0 toutes sortes d\u2019activit\u00e9s. Le tout, construit \u00e0 partir de 90 % d&rsquo;aciers et 62 % d\u2019aluminium recycl\u00e9, a \u00e9t\u00e9 pens\u00e9 pour attirer entreprises et particuliers dans un lieu futuriste en dissonance avec l\u2019architecture ancienne de Paris. La tour contiendra ainsi un h\u00f4tel de 128 chambres, une cr\u00e8che de 60 berceaux, un centre de sant\u00e9 publique, mais aussi des centres commerciaux accessibles par ascenseurs et escaliers m\u00e9caniques, terrasses verdoyantes, centres culturels, et espaces bien-\u00eatre.<\/p>\n","protected":false},"excerpt":{"rendered":"La nuit, les angles lumineux de la tour viendront r\u00e9pondre \u00e0 l&rsquo;\u00e9clat de la tour Eiffel comme un&hellip;\n","protected":false},"author":2,"featured_media":236903,"comment_status":"","ping_status":"","sticky":false,"template":"","format":"standard","meta":{"footnotes":""},"categories":[1358],"tags":[19036,19035,1348,1384,1385,1386,58,59,1011,27,10057],"class_list":{"0":"post-236902","1":"post","2":"type-post","3":"status-publish","4":"format-standard","5":"has-post-thumbnail","7":"category-arts-et-design","8":"tag-architecture-futuriste","9":"tag-architecture-spectaculaire","10":"tag-arts","11":"tag-arts-and-design","12":"tag-arts-et-design","13":"tag-design","14":"tag-divertissement","15":"tag-entertainment","16":"tag-fr","17":"tag-france","18":"tag-lieux-spectaculaires"},"share_on_mastodon":{"url":"https:\/\/pubeurope.com\/@fr\/114821786127552186","error":""},"_links":{"self":[{"href":"https:\/\/www.europesays.com\/fr\/wp-json\/wp\/v2\/posts\/236902","targetHints":{"allow":["GET"]}}],"collection":[{"href":"https:\/\/www.europesays.com\/fr\/wp-json\/wp\/v2\/posts"}],"about":[{"href":"https:\/\/www.europesays.com\/fr\/wp-json\/wp\/v2\/types\/post"}],"author":[{"embeddable":true,"href":"https:\/\/www.europesays.com\/fr\/wp-json\/wp\/v2\/users\/2"}],"replies":[{"embeddable":true,"href":"https:\/\/www.europesays.com\/fr\/wp-json\/wp\/v2\/comments?post=236902"}],"version-history":[{"count":0,"href":"https:\/\/www.europesays.com\/fr\/wp-json\/wp\/v2\/posts\/236902\/revisions"}],"wp:featuredmedia":[{"embeddable":true,"href":"https:\/\/www.europesays.com\/fr\/wp-json\/wp\/v2\/media\/236903"}],"wp:attachment":[{"href":"https:\/\/www.europesays.com\/fr\/wp-json\/wp\/v2\/media?parent=236902"}],"wp:term":[{"taxonomy":"category","embeddable":true,"href":"https:\/\/www.europesays.com\/fr\/wp-json\/wp\/v2\/categories?post=236902"},{"taxonomy":"post_tag","embeddable":true,"href":"https:\/\/www.europesays.com\/fr\/wp-json\/wp\/v2\/tags?post=236902"}],"curies":[{"name":"wp","href":"https:\/\/api.w.org\/{rel}","templated":true}]}}