{"id":236915,"date":"2025-07-09T06:16:11","date_gmt":"2025-07-09T06:16:11","guid":{"rendered":"https:\/\/www.europesays.com\/fr\/236915\/"},"modified":"2025-07-09T06:16:11","modified_gmt":"2025-07-09T06:16:11","slug":"le-temps-na-plus-de-limite-une-theorie-choc-devoile-trois-dimensions-temporelles-une-revelation-vertigineuse-bientot-mise-a-lepreuve-par-les-scientifiques","status":"publish","type":"post","link":"https:\/\/www.europesays.com\/fr\/236915\/","title":{"rendered":"\u00ab Le temps n\u2019a plus de limite \u00bb : une th\u00e9orie choc d\u00e9voile trois dimensions temporelles, une r\u00e9v\u00e9lation vertigineuse bient\u00f4t mise \u00e0 l\u2019\u00e9preuve par les scientifiques"},"content":{"rendered":"<tr>\n<td><strong>EN BREF<\/strong><\/td>\n<\/tr>\n<tr>\n<td>\n<ul>\n<li>\ud83c\udf0c La th\u00e9orie de Gunther Kletetschka propose que le <strong>temps<\/strong> poss\u00e8de trois dimensions, r\u00e9volutionnant notre perception traditionnelle.<\/li>\n<li>\ud83d\udd2c Cette hypoth\u00e8se s\u2019appuie sur des bases <strong>math\u00e9matiques<\/strong> solides et pourrait \u00eatre test\u00e9e exp\u00e9rimentalement.<\/li>\n<li>\u2696\ufe0f En int\u00e9grant des dimensions temporelles suppl\u00e9mentaires, elle pourrait offrir un cadre unifiant la <strong>relativit\u00e9<\/strong> et la <strong>m\u00e9canique quantique<\/strong>.<\/li>\n<li>\ud83d\udcca Contrairement \u00e0 d\u2019autres th\u00e9ories, celle-ci produit des r\u00e9sultats <strong>mesurables<\/strong> et pourrait transformer notre compr\u00e9hension de la r\u00e9alit\u00e9.<\/li>\n<\/ul>\n<\/td>\n<\/tr>\n<p>La notion de dimensions dans l\u2019univers est un concept fondamental qui a fa\u00e7onn\u00e9 notre compr\u00e9hension de la r\u00e9alit\u00e9. Depuis plus d\u2019un si\u00e8cle, la th\u00e9orie de la relativit\u00e9 d\u2019Einstein domine le paysage scientifique, \u00e9tablissant l\u2019id\u00e9e que notre univers est constitu\u00e9 de trois dimensions spatiales et d\u2019une dimension temporelle. Cependant, cette perspective pourrait \u00eatre remise en question par une th\u00e9orie radicale propos\u00e9e par Gunther Kletetschka. Ce chercheur de l\u2019Universit\u00e9 d\u2019Alaska Fairbanks avance que le temps pourrait \u00e9galement poss\u00e9der trois dimensions, bouleversant ainsi notre perception lin\u00e9aire traditionnelle du temps. Cette hypoth\u00e8se, bien que surprenante, s\u2019appuie sur des bases math\u00e9matiques solides et a le potentiel de transformer notre compr\u00e9hension de l\u2019univers.<\/p>\n<p>Le temps en trois dimensions : une id\u00e9e audacieuse<\/p>\n<p>Traditionnellement, le temps est per\u00e7u comme un axe lin\u00e9aire, un fil tendu entre le pass\u00e9 et l\u2019avenir. Nos vies sont construites autour de cette progression in\u00e9luctable du temps. Cependant, selon Gunther Kletetschka, cette perception est trop simpliste. Il propose que le temps ne soit pas un simple axe, mais une structure tridimensionnelle, semblable \u00e0 l\u2019espace. Cela signifie que chaque instant de notre vie pourrait \u00eatre un volume temporel, offrant une multitude de chemins possibles, plut\u00f4t qu\u2019un simple point sur une ligne.<\/p>\n<p>Dans cette conception innovante, l\u2019espace serait en r\u00e9alit\u00e9 une projection d\u2019une matrice temporelle plus vaste. <strong>Cette id\u00e9e bouscule notre perception conventionnelle du temps et pourrait potentiellement expliquer des ph\u00e9nom\u00e8nes physiques que la science actuelle ne parvient pas \u00e0 clarifier.<\/strong> L\u2019id\u00e9e que l\u2019espace existe avec ses trois dimensions mais n\u2019est qu\u2019une projection d\u2019une r\u00e9alit\u00e9 temporelle plus vaste est un concept fascinant qui m\u00e9rite une exploration approfondie.<\/p>\n<blockquote class=\"wp-embedded-content\" data-secret=\"3yaJzpx5EV\">\n<p><a href=\"https:\/\/www.innovant.fr\/2025\/03\/26\/nous-allons-exploiter-la-rotation-de-la-terre-ce-dispositif-revolutionnaire-promet-de-generer-de-lelectricite-a-partir-du-mouvement-terrestre-lui-meme\/\" rel=\"nofollow noopener\" target=\"_blank\">\u00ab Nous allons exploiter la rotation de la Terre \u00bb : ce dispositif r\u00e9volutionnaire promet de g\u00e9n\u00e9rer de l\u2019\u00e9lectricit\u00e9 \u00e0 partir du mouvement terrestre lui-m\u00eame<\/a><\/p>\n<\/blockquote>\n<p>Comprendre un temps \u00e0 trois dimensions<\/p>\n<p>Imaginer un temps \u00e0 trois dimensions change fondamentalement notre fa\u00e7on de concevoir l\u2019univers. Si nous consid\u00e9rons le temps comme un chemin sur lequel nous marchons, la th\u00e9orie de Kletetschka ajoute deux autres chemins perpendiculaires qui permettent de rester au m\u00eame moment, mais d\u2019explorer d\u2019autres univers ou versions possibles de cet instant. Cette deuxi\u00e8me dimension temporelle ouvre la porte \u00e0 la possibilit\u00e9 de \u00ab\u00a0voyager\u00a0\u00bb \u00e0 travers diff\u00e9rents sc\u00e9narios temporels.<\/p>\n<p>La troisi\u00e8me dimension temporelle, quant \u00e0 elle, pourrait expliquer la transition d\u2019un sc\u00e9nario \u00e0 un autre. Au lieu de vivre un seul chemin temporel, nous pourrions avoir acc\u00e8s \u00e0 un ensemble de possibilit\u00e9s temporelles \u00e0 explorer. <strong>Ce concept r\u00e9volutionnaire remet en question notre conception unidimensionnelle du temps et offre de nouvelles perspectives pour comprendre des ph\u00e9nom\u00e8nes physiques inexpliqu\u00e9s.<\/strong> Cela pourrait m\u00eame r\u00e9concilier certaines lois physiques qui semblent actuellement incompatibles.<\/p>\n<blockquote class=\"wp-embedded-content\" data-secret=\"dDrNBlVQxw\">\n<p><a href=\"https:\/\/www.innovant.fr\/2025\/05\/31\/cest-a-cause-du-soleil-letrange-origine-du-sens-des-aiguilles-dune-montre-enfin-expliquee\/\" rel=\"nofollow noopener\" target=\"_blank\">\u00ab C\u2019est \u00e0 cause du Soleil \u00bb : l\u2019\u00e9trange origine du sens des aiguilles d\u2019une montre enfin expliqu\u00e9e<\/a><\/p>\n<\/blockquote>\n<p>Vers l\u2019unification des lois de la physique<\/p>\n<p>Depuis longtemps, les physiciens cherchent \u00e0 unifier deux grandes th\u00e9ories : la relativit\u00e9 g\u00e9n\u00e9rale et la m\u00e9canique quantique. La relativit\u00e9 g\u00e9n\u00e9rale explique la gravit\u00e9 \u00e0 grande \u00e9chelle, tandis que la m\u00e9canique quantique r\u00e9git le comportement de la mati\u00e8re \u00e0 l\u2019\u00e9chelle microscopique. Ces deux th\u00e9ories sont actuellement incompatibles, ce qui rend la qu\u00eate d\u2019une \u00ab\u00a0th\u00e9orie du tout\u00a0\u00bb particuli\u00e8rement ardue.<\/p>\n<p><img decoding=\"async\" src=\"https:\/\/www.europesays.com\/fr\/wp-content\/uploads\/2025\/07\/un-mystere-scientifique-bouleversant-le-temps-aurait-trois-dimensions-et-cette-decouverte-pourrait-b.jpeg\" alt=\"&lt;p&gt;climat&lt;\/p&gt;\"\/><\/p>\n<p>Kletetschka propose que l\u2019ajout de deux dimensions temporelles suppl\u00e9mentaires pourrait offrir un cadre math\u00e9matique capable de r\u00e9unir ces deux th\u00e9ories conflictuelles. <strong>En int\u00e9grant ces dimensions temporelles suppl\u00e9mentaires, sa th\u00e9orie pourrait servir de pont entre la relativit\u00e9 et la physique quantique, ouvrant la voie \u00e0 une compr\u00e9hension plus compl\u00e8te des lois de l\u2019univers.<\/strong> Cela pourrait \u00eatre le Graal que les scientifiques recherchent depuis des d\u00e9cennies.<\/p>\n<blockquote class=\"wp-embedded-content\" data-secret=\"wwqlz8DWRZ\">\n<p><a href=\"https:\/\/www.innovant.fr\/2025\/04\/10\/oui-jai-achete-50-avis-google-et-mon-chiffre-daffaires-a-double-la-methode-hallucinante-dacheter-des-fans-com-pour-la-reputation-en-ligne-sur-google\/\" rel=\"nofollow noopener\" target=\"_blank\">\u00ab Oui, j\u2019ai achet\u00e9 50 avis Google et mon chiffre d\u2019affaires a doubl\u00e9 \u00bb : la m\u00e9thode hallucinante d\u2019Acheter-des-Fans.com pour la r\u00e9putation en ligne sur Google<\/a><\/p>\n<\/blockquote>\n<p>Une hypoth\u00e8se testable<\/p>\n<p>Ce qui distingue la th\u00e9orie de Kletetschka des autres id\u00e9es exotiques sur le temps est son caract\u00e8re testable. Contrairement \u00e0 d\u2019autres hypoth\u00e8ses qui restent purement th\u00e9oriques, cette th\u00e9orie produit des r\u00e9sultats mesurables. Par exemple, elle permet de reproduire la masse de particules \u00e9l\u00e9mentaires connues, comme les \u00e9lectrons ou les quarks.<\/p>\n<p>Cela signifie que la th\u00e9orie peut \u00eatre confront\u00e9e \u00e0 des donn\u00e9es exp\u00e9rimentales, une condition essentielle pour toute avanc\u00e9e scientifique cr\u00e9dible. <strong>Elle ne se contente pas de rester dans le domaine des math\u00e9matiques abstraites, mais propose une nouvelle mani\u00e8re d\u2019interpr\u00e9ter le r\u00e9el.<\/strong> Cette approche ouvre de nouvelles perspectives et pourrait transformer radicalement notre compr\u00e9hension de la r\u00e9alit\u00e9.<\/p>\n<p>La th\u00e9orie de Gunther Kletetschka sur un temps \u00e0 trois dimensions propose une vision novatrice et stimulante du temps et de l\u2019univers. Elle soul\u00e8ve des questions fascinantes sur la nature du temps et pourrait offrir des solutions aux probl\u00e8mes actuels de la physique. Alors que cette hypoth\u00e8se reste \u00e0 explorer et \u00e0 tester, elle pose une question essentielle : sommes-nous pr\u00eats \u00e0 red\u00e9finir notre compr\u00e9hension du temps et \u00e0 embrasser une r\u00e9alit\u00e9 plus complexe ?<\/p>\n<p>L\u2019auteur s\u2019est appuy\u00e9 sur l\u2019intelligence artificielle pour enrichir cet article.<\/p>\n<p id=\"rating\">\u00c7a vous a plu ?\u00a04.7\/5 (27)<\/p>\n","protected":false},"excerpt":{"rendered":"EN BREF \ud83c\udf0c La th\u00e9orie de Gunther Kletetschka propose que le temps poss\u00e8de trois dimensions, r\u00e9volutionnant notre perception&hellip;\n","protected":false},"author":2,"featured_media":236916,"comment_status":"","ping_status":"","sticky":false,"template":"","format":"standard","meta":{"footnotes":""},"categories":[7],"tags":[1011,27,43,40,41,39,42,44],"class_list":{"0":"post-236915","1":"post","2":"type-post","3":"status-publish","4":"format-standard","5":"has-post-thumbnail","7":"category-sciences-et-technologies","8":"tag-fr","9":"tag-france","10":"tag-science","11":"tag-science-and-technology","12":"tag-sciences","13":"tag-sciences-et-technologies","14":"tag-technologies","15":"tag-technology"},"share_on_mastodon":{"url":"https:\/\/pubeurope.com\/@fr\/114821816995049867","error":""},"_links":{"self":[{"href":"https:\/\/www.europesays.com\/fr\/wp-json\/wp\/v2\/posts\/236915","targetHints":{"allow":["GET"]}}],"collection":[{"href":"https:\/\/www.europesays.com\/fr\/wp-json\/wp\/v2\/posts"}],"about":[{"href":"https:\/\/www.europesays.com\/fr\/wp-json\/wp\/v2\/types\/post"}],"author":[{"embeddable":true,"href":"https:\/\/www.europesays.com\/fr\/wp-json\/wp\/v2\/users\/2"}],"replies":[{"embeddable":true,"href":"https:\/\/www.europesays.com\/fr\/wp-json\/wp\/v2\/comments?post=236915"}],"version-history":[{"count":0,"href":"https:\/\/www.europesays.com\/fr\/wp-json\/wp\/v2\/posts\/236915\/revisions"}],"wp:featuredmedia":[{"embeddable":true,"href":"https:\/\/www.europesays.com\/fr\/wp-json\/wp\/v2\/media\/236916"}],"wp:attachment":[{"href":"https:\/\/www.europesays.com\/fr\/wp-json\/wp\/v2\/media?parent=236915"}],"wp:term":[{"taxonomy":"category","embeddable":true,"href":"https:\/\/www.europesays.com\/fr\/wp-json\/wp\/v2\/categories?post=236915"},{"taxonomy":"post_tag","embeddable":true,"href":"https:\/\/www.europesays.com\/fr\/wp-json\/wp\/v2\/tags?post=236915"}],"curies":[{"name":"wp","href":"https:\/\/api.w.org\/{rel}","templated":true}]}}