{"id":236925,"date":"2025-07-09T06:21:10","date_gmt":"2025-07-09T06:21:10","guid":{"rendered":"https:\/\/www.europesays.com\/fr\/236925\/"},"modified":"2025-07-09T06:21:10","modified_gmt":"2025-07-09T06:21:10","slug":"les-nuisances-dentreprises-excedent-les-riverains-du-pontin","status":"publish","type":"post","link":"https:\/\/www.europesays.com\/fr\/236925\/","title":{"rendered":"les nuisances d&rsquo;entreprises exc\u00e8dent les riverains du Pontin"},"content":{"rendered":"<p>\u00c0 l\u2019entr\u00e9e de la ville, face au quartier de Beaulieu, se trouvent la cit\u00e9 du Pontin et ses anciennes maisons des mines. Un secteur qui para\u00eet jouir d\u2019une certaine tranquillit\u00e9.<\/p>\n<p>\u00ab\u00a0On est bien, c\u2019est un quartier paisible, \u00e0 l\u2019\u00e9cart de la route. L\u2019ambiance est familiale, et il y a beaucoup de personnes qui vivent ici depuis tr\u00e8s longtemps, certains m\u00eame depuis 50 ans. \u00bb<\/p>\n<p>Mais, le calme des lieux est souvent perturb\u00e9, relativisent les habitants qui se sont unis avec ceux de Beaulieu pour cr\u00e9er une association de d\u00e9fense de leur environnement.<\/p>\n<p>Un voisinage qui pose probl\u00e8me<\/p>\n<p>Tout au bout de la rue du Pontin, se trouve un parking. Et, juste derri\u00e8re, au-del\u00e0 des herbes folles et de quelques arbres, se d\u00e9ploie\u00a0<a href=\"https:\/\/www.leprogres.fr\/economie\/2020\/12\/06\/creee-en-2001-la-zone-industrielle-de-chana-est-aujourd-hui-complete\" target=\"_blank\" rel=\"noopener\">la zone \u00e9conomique et artisanale Charles-Chana<\/a> et ses entreprises.<\/p>\n<p>Un voisinage direct, \u00ab\u00a0trop&#8230;<\/p>\n","protected":false},"excerpt":{"rendered":"\u00c0 l\u2019entr\u00e9e de la ville, face au quartier de Beaulieu, se trouvent la cit\u00e9 du Pontin et ses&hellip;\n","protected":false},"author":2,"featured_media":236926,"comment_status":"","ping_status":"","sticky":false,"template":"","format":"standard","meta":{"footnotes":""},"categories":[9653],"tags":[1111,11,2430,1984,7539,1777,674,1011,27,12,316,25,12490,12491,4001,104],"class_list":{"0":"post-236925","1":"post","2":"type-post","3":"status-publish","4":"format-standard","5":"has-post-thumbnail","7":"category-saint-etienne","8":"tag-actu","9":"tag-actualites","10":"tag-auvergne-rhone-alpes","11":"tag-conseil-municipal","12":"tag-edition-loire-sud","13":"tag-eu","14":"tag-europe","15":"tag-fr","16":"tag-france","17":"tag-news","18":"tag-politique","19":"tag-republique-francaise","20":"tag-roche-la-moliere","21":"tag-roche-la-moliere-bassin","22":"tag-saint-etienne","23":"tag-societe"},"share_on_mastodon":{"url":"https:\/\/pubeurope.com\/@fr\/114821836589306394","error":""},"_links":{"self":[{"href":"https:\/\/www.europesays.com\/fr\/wp-json\/wp\/v2\/posts\/236925","targetHints":{"allow":["GET"]}}],"collection":[{"href":"https:\/\/www.europesays.com\/fr\/wp-json\/wp\/v2\/posts"}],"about":[{"href":"https:\/\/www.europesays.com\/fr\/wp-json\/wp\/v2\/types\/post"}],"author":[{"embeddable":true,"href":"https:\/\/www.europesays.com\/fr\/wp-json\/wp\/v2\/users\/2"}],"replies":[{"embeddable":true,"href":"https:\/\/www.europesays.com\/fr\/wp-json\/wp\/v2\/comments?post=236925"}],"version-history":[{"count":0,"href":"https:\/\/www.europesays.com\/fr\/wp-json\/wp\/v2\/posts\/236925\/revisions"}],"wp:featuredmedia":[{"embeddable":true,"href":"https:\/\/www.europesays.com\/fr\/wp-json\/wp\/v2\/media\/236926"}],"wp:attachment":[{"href":"https:\/\/www.europesays.com\/fr\/wp-json\/wp\/v2\/media?parent=236925"}],"wp:term":[{"taxonomy":"category","embeddable":true,"href":"https:\/\/www.europesays.com\/fr\/wp-json\/wp\/v2\/categories?post=236925"},{"taxonomy":"post_tag","embeddable":true,"href":"https:\/\/www.europesays.com\/fr\/wp-json\/wp\/v2\/tags?post=236925"}],"curies":[{"name":"wp","href":"https:\/\/api.w.org\/{rel}","templated":true}]}}