{"id":236927,"date":"2025-07-09T06:22:12","date_gmt":"2025-07-09T06:22:12","guid":{"rendered":"https:\/\/www.europesays.com\/fr\/236927\/"},"modified":"2025-07-09T06:22:12","modified_gmt":"2025-07-09T06:22:12","slug":"saint-etienne-reglement-de-compte-rue-martyrs-de-vingre","status":"publish","type":"post","link":"https:\/\/www.europesays.com\/fr\/236927\/","title":{"rendered":"SAINT-\u00c9TIENNE : R\u00c8GLEMENT DE COMPTE RUE MARTYRS-DE-VINGR\u00c9"},"content":{"rendered":"<p>                <a href=\"https:\/\/cadenceradio.fr\" target=\"_blank\" aria-label=\"Banni\u00e8re Cadence 2025\" rel=\"nofollow noopener\"><img loading=\"lazy\" decoding=\"async\" src=\"https:\/\/www.europesays.com\/fr\/wp-content\/uploads\/2025\/07\/Banniere-Cadence-2025-scaled.jpg\" alt=\"\"   width=\"2560\" height=\"738\"\/><\/a><\/p>\n<p>Entre violences sur la voie publique et incidents dans un bar, cette double proc\u00e9dure illustre un profil de d\u00e9linquant r\u00e9cidiviste aux prises avec la justice. Le pr\u00e9venu tra\u00eene derri\u00e8re lui un pass\u00e9 p\u00e9nal cons\u00e9quent avec vingt mentions au casier judiciaire, dont cinq condamnations sp\u00e9cifiquement li\u00e9es \u00e0 des faits de violences ou de menaces. Ce palmar\u00e8s peu reluisant t\u00e9moigne d\u2019un individu habitu\u00e9 des pr\u00e9toires et des d\u00e9m\u00eal\u00e9s avec les forces de l\u2019ordre.<\/p>\n<p>Son comportement lors de l\u2019audience refl\u00e8te cette d\u00e9sinvolture face \u00e0 l\u2019institution judiciaire : agitation dans le box, sourcils lev\u00e9s \u00e0 l\u2019\u00e9nonc\u00e9 des faits, attitude de d\u00e9fi.<\/p>\n<p>Premi\u00e8re affaire : un contr\u00f4le qui d\u00e9g\u00e9n\u00e8re en f\u00e9vrier<\/p>\n<p>L\u2019histoire d\u00e9bute en f\u00e9vrier par un signalement concernant de pr\u00e9tendues violences sur son chien dans la rue. \u00ab\u00a0C\u2019est un jeune berger malinois, c\u2019est un peu la prunelle de ses yeux\u00a0\u00bb, d\u00e9fend Ma\u00eetre Daniel Dupuy, son avocat, pour relativiser ces accusations.<\/p>\n<p>Sur les lieux, les policiers ne constatent aucune maltraitance animale mais verbalisent le propri\u00e9taire pour d\u00e9faut de tenue en laisse de son animal. Cette intervention de routine va rapidement d\u00e9raper et se transformer en incident majeur.<\/p>\n<p>La situation se complique lorsque le quadrag\u00e9naire refuse la verbalisation. R\u00e9bellion, outrages, crachats : l\u2019interpellation devient muscl\u00e9e selon les termes du proc\u00e8s-verbal. Le pr\u00e9venu conteste cette version et d\u00e9nonce les m\u00e9thodes polici\u00e8res employ\u00e9es.<\/p>\n<p>\u00ab\u00a0Ils n\u2019ont pas \u00e9t\u00e9 gentils ; pour un simple contr\u00f4le, ils m\u2019ont tra\u00een\u00e9 au sol, ils me mettaient des coups dans les c\u00f4tes\u00a0\u00bb, proteste-t-il. Il reconna\u00eet cependant avoir \u00e9t\u00e9 sous l\u2019emprise de l\u2019alcool : \u00ab\u00a0Vu mon \u00e9tat alcoolique, j\u2019\u00e9tais chaud.\u00a0\u00bb<\/p>\n<p>Seconde affaire : incidents dans un bar en juillet<\/p>\n<p>D\u00e9but juillet, le m\u00eame individu se retrouve de nouveau dans le viseur des forces de l\u2019ordre suite \u00e0 un signalement d\u2019un patron de bar. Les faits reproch\u00e9s sont cette fois plus graves : destruction de verres, bousculades d\u2019un employ\u00e9 et menaces de mort prof\u00e9r\u00e9es rue des Martyrs-de-Vingr\u00e9.<\/p>\n<p>Face \u00e0 ces accusations, le pr\u00e9venu oppose une d\u00e9n\u00e9gation totale : \u00ab\u00a0C\u2019est de l\u2019imaginaire, eux l\u2019ont v\u00e9cu, pas moi, je ne suis jamais rentr\u00e9 dans ce bar.\u00a0\u00bb Cette version contraste fortement avec les t\u00e9moignages recueillis sur place.<\/p>\n<p>Ma\u00eetre Karim Mrabent, avocat du patron de bar plaignant, dresse un tableau particuli\u00e8rement sombre de l\u2019affaire. Selon lui, le pr\u00e9venu serait revenu sur les lieux apr\u00e8s les faits, et pendant sa garde \u00e0 vue, \u00ab\u00a0ses sbires, le fr\u00e8re du pr\u00e9venu et deux responsables de bar\u00a0\u00bb auraient tent\u00e9 de faire pression pour obtenir le retrait de la plainte.<\/p>\n<p>La d\u00e9fense pointe un r\u00e8glement de comptes<\/p>\n<p>Ma\u00eetre Daniel Dupuy, d\u00e9fenseur du pr\u00e9venu, r\u00e9cuse totalement cette interpr\u00e9tation. Il souligne que les incidents dans le bar n\u2019ont pas \u00e9t\u00e9 film\u00e9s, remettant en question la mat\u00e9rialit\u00e9 des faits reproch\u00e9s \u00e0 son client.<\/p>\n<p>Plus int\u00e9ressant encore, il r\u00e9v\u00e8le l\u2019existence d\u2019un \u00ab\u00a0gros contentieux\u00a0\u00bb entre le plaignant et le fr\u00e8re du pr\u00e9venu, \u00e9galement g\u00e9rant d\u2019un \u00e9tablissement. \u00ab\u00a0Il r\u00e8gle ses comptes de mani\u00e8re sordide\u00a0\u00bb, argumente la d\u00e9fense, sugg\u00e9rant que cette plainte pourrait \u00eatre motiv\u00e9e par des consid\u00e9rations commerciales plut\u00f4t que par de v\u00e9ritables violences.<\/p>\n<p>Une rivalit\u00e9 commerciale en toile de fond ?<\/p>\n<p>Cette r\u00e9v\u00e9lation jette un \u00e9clairage diff\u00e9rent sur l\u2019affaire du bar. Si deux fr\u00e8res tiennent des \u00e9tablissements concurrents dans le m\u00eame secteur, les motivations du plaignant pourraient effectivement \u00eatre questionn\u00e9es. Cette hypoth\u00e8se transformerait l\u2019incident d\u2019un simple cas de violence en \u00e9pisode d\u2019une guerre commerciale souterraine.<\/p>\n<p>Cependant, cette explication n\u2019excuse en rien les comportements violents \u00e9ventuellement commis, quelle qu\u2019en soit la motivation initiale.<\/p>\n<p>Un verdict sans appel du tribunal<\/p>\n<p>Le tribunal a tranch\u00e9 en faveur de l\u2019accusation, reconnaissant le pr\u00e9venu coupable des faits qui lui \u00e9taient reproch\u00e9s dans les deux affaires. La sanction prononc\u00e9e refl\u00e8te la gravit\u00e9 des actes et la r\u00e9cidive : huit mois de prison ferme assortis de huit mois avec sursis.<\/p>\n<p>Au-del\u00e0 de la peine d\u2019emprisonnement, le condamn\u00e9 devra verser des dommages et int\u00e9r\u00eats substantiels aux victimes. Les policiers de la premi\u00e8re affaire recevront 2 550 euros, tandis que 1 700 euros seront r\u00e9partis entre le g\u00e9rant du bar, sa m\u00e8re pr\u00e9sente lors des faits, et l\u2019employ\u00e9 bouscul\u00e9.<\/p>\n<p>Ces indemnisations, qui totalisent plus de 4 000 euros, repr\u00e9sentent une charge financi\u00e8re importante qui s\u2019ajoute aux cons\u00e9quences p\u00e9nales de ses actes.<\/p>\n","protected":false},"excerpt":{"rendered":"Entre violences sur la voie publique et incidents dans un bar, cette double proc\u00e9dure illustre un profil de&hellip;\n","protected":false},"author":2,"featured_media":236928,"comment_status":"","ping_status":"","sticky":false,"template":"","format":"standard","meta":{"footnotes":""},"categories":[9653],"tags":[1111,11,2430,1777,674,118,1011,27,3367,12,25,4001],"class_list":{"0":"post-236927","1":"post","2":"type-post","3":"status-publish","4":"format-standard","5":"has-post-thumbnail","7":"category-saint-etienne","8":"tag-actu","9":"tag-actualites","10":"tag-auvergne-rhone-alpes","11":"tag-eu","12":"tag-europe","13":"tag-faits-divers","14":"tag-fr","15":"tag-france","16":"tag-loire","17":"tag-news","18":"tag-republique-francaise","19":"tag-saint-etienne"},"share_on_mastodon":{"url":"https:\/\/pubeurope.com\/@fr\/114821840618114692","error":""},"_links":{"self":[{"href":"https:\/\/www.europesays.com\/fr\/wp-json\/wp\/v2\/posts\/236927","targetHints":{"allow":["GET"]}}],"collection":[{"href":"https:\/\/www.europesays.com\/fr\/wp-json\/wp\/v2\/posts"}],"about":[{"href":"https:\/\/www.europesays.com\/fr\/wp-json\/wp\/v2\/types\/post"}],"author":[{"embeddable":true,"href":"https:\/\/www.europesays.com\/fr\/wp-json\/wp\/v2\/users\/2"}],"replies":[{"embeddable":true,"href":"https:\/\/www.europesays.com\/fr\/wp-json\/wp\/v2\/comments?post=236927"}],"version-history":[{"count":0,"href":"https:\/\/www.europesays.com\/fr\/wp-json\/wp\/v2\/posts\/236927\/revisions"}],"wp:featuredmedia":[{"embeddable":true,"href":"https:\/\/www.europesays.com\/fr\/wp-json\/wp\/v2\/media\/236928"}],"wp:attachment":[{"href":"https:\/\/www.europesays.com\/fr\/wp-json\/wp\/v2\/media?parent=236927"}],"wp:term":[{"taxonomy":"category","embeddable":true,"href":"https:\/\/www.europesays.com\/fr\/wp-json\/wp\/v2\/categories?post=236927"},{"taxonomy":"post_tag","embeddable":true,"href":"https:\/\/www.europesays.com\/fr\/wp-json\/wp\/v2\/tags?post=236927"}],"curies":[{"name":"wp","href":"https:\/\/api.w.org\/{rel}","templated":true}]}}