{"id":236929,"date":"2025-07-09T06:23:41","date_gmt":"2025-07-09T06:23:41","guid":{"rendered":"https:\/\/www.europesays.com\/fr\/236929\/"},"modified":"2025-07-09T06:23:41","modified_gmt":"2025-07-09T06:23:41","slug":"lecture-au-jardin-avec-lassociation-lecturique","status":"publish","type":"post","link":"https:\/\/www.europesays.com\/fr\/236929\/","title":{"rendered":"Lecture au jardin avec l\u2019association Lecturique"},"content":{"rendered":"<p>L\u2019association Lecturique propose aux amateurs de livres de se retrouver dans un cadre bucolique, \u00e0 la fra\u00eecheur des arbres des parcs et des jardins, pour un moment de d\u00e9tente. Des b\u00e9n\u00e9voles liront \u00e0 voix haute des po\u00e8mes, extraits de romans, documentaires.<\/p>\n<p>Le th\u00e8me choisi, sur le th\u00e8me de l\u2019inattendu.<\/p>\n<p class=\"note\">Mardi 8\u00a0juillet, \u00e0 17\u00a0h, au parc Sainte-Marie, 1 avenue Boffrand, \u00e0 Nancy. Entr\u00e9e libre.<\/p>\n","protected":false},"excerpt":{"rendered":"L\u2019association Lecturique propose aux amateurs de livres de se retrouver dans un cadre bucolique, \u00e0 la fra\u00eecheur des&hellip;\n","protected":false},"author":2,"featured_media":236930,"comment_status":"","ping_status":"","sticky":false,"template":"","format":"standard","meta":{"footnotes":""},"categories":[9635],"tags":[1111,11,1687,1704,1777,674,1011,27,775,2410,1702,1703,12,25],"class_list":{"0":"post-236929","1":"post","2":"type-post","3":"status-publish","4":"format-standard","5":"has-post-thumbnail","7":"category-nancy","8":"tag-actu","9":"tag-actualites","10":"tag-culture-loisirs","11":"tag-edition-nancy-et-agglomeration","12":"tag-eu","13":"tag-europe","14":"tag-fr","15":"tag-france","16":"tag-grand-est","17":"tag-livres-bd","18":"tag-nancy","19":"tag-nancy-ville-54b","20":"tag-news","21":"tag-republique-francaise"},"share_on_mastodon":{"url":"https:\/\/pubeurope.com\/@fr\/114821844488661043","error":""},"_links":{"self":[{"href":"https:\/\/www.europesays.com\/fr\/wp-json\/wp\/v2\/posts\/236929","targetHints":{"allow":["GET"]}}],"collection":[{"href":"https:\/\/www.europesays.com\/fr\/wp-json\/wp\/v2\/posts"}],"about":[{"href":"https:\/\/www.europesays.com\/fr\/wp-json\/wp\/v2\/types\/post"}],"author":[{"embeddable":true,"href":"https:\/\/www.europesays.com\/fr\/wp-json\/wp\/v2\/users\/2"}],"replies":[{"embeddable":true,"href":"https:\/\/www.europesays.com\/fr\/wp-json\/wp\/v2\/comments?post=236929"}],"version-history":[{"count":0,"href":"https:\/\/www.europesays.com\/fr\/wp-json\/wp\/v2\/posts\/236929\/revisions"}],"wp:featuredmedia":[{"embeddable":true,"href":"https:\/\/www.europesays.com\/fr\/wp-json\/wp\/v2\/media\/236930"}],"wp:attachment":[{"href":"https:\/\/www.europesays.com\/fr\/wp-json\/wp\/v2\/media?parent=236929"}],"wp:term":[{"taxonomy":"category","embeddable":true,"href":"https:\/\/www.europesays.com\/fr\/wp-json\/wp\/v2\/categories?post=236929"},{"taxonomy":"post_tag","embeddable":true,"href":"https:\/\/www.europesays.com\/fr\/wp-json\/wp\/v2\/tags?post=236929"}],"curies":[{"name":"wp","href":"https:\/\/api.w.org\/{rel}","templated":true}]}}