{"id":236935,"date":"2025-07-09T06:26:11","date_gmt":"2025-07-09T06:26:11","guid":{"rendered":"https:\/\/www.europesays.com\/fr\/236935\/"},"modified":"2025-07-09T06:26:11","modified_gmt":"2025-07-09T06:26:11","slug":"top-14-rct-toulon-renforce-son-effectif-pour-la-prochaine-saison-avec-de-nouvelles-recrues-et-des-prolongations","status":"publish","type":"post","link":"https:\/\/www.europesays.com\/fr\/236935\/","title":{"rendered":"Top 14-RCT: Toulon Renforce Son Effectif pour la Prochaine Saison avec de Nouvelles Recrues et des prolongations"},"content":{"rendered":"<p>Le Rugby Club Toulonnais a r\u00e9cemment annonc\u00e9 une s\u00e9rie de changements significatifs dans son effectif en vue de la saison prochaine. Avec l\u2019arriv\u00e9e de sept nouveaux joueurs et trois prolongations de contrats, le club varois se pr\u00e9pare \u00e0 relever de nouveaux d\u00e9fis sur le terrain.<\/p>\n<p>Sept Nouvelles Recrues<\/p>\n<p>Dans un communiqu\u00e9 officiel, le Rugby Club Toulonnais a confirm\u00e9 l\u2019arriv\u00e9e de plusieurs joueurs cl\u00e9s. Parmi les nouvelles recrues, on retrouve :<\/p>\n<ul>\n<li><strong>Mat\u00e9o Garcia<\/strong>, ouvreur en provenance de Bordeaux<\/li>\n<li><strong>Ignacio Brex<\/strong>, centre italien de Tr\u00e9vise<\/li>\n<li><strong>Zach Mercer<\/strong>, troisi\u00e8me-ligne de Gloucester<\/li>\n<li><strong>Nikoloz Narmania<\/strong>, pilier du Biarritz Olympique<\/li>\n<li><strong>Patrick Tuifua<\/strong>, troisi\u00e8me-ligne de Hawke\u2019s Bay<\/li>\n<li><strong>Clovis Le Bail<\/strong>, demi de m\u00eal\u00e9e du Racing 92<\/li>\n<li><strong>Mathis Fert\u00e9<\/strong>, arri\u00e8re de Brive<\/li>\n<\/ul>\n<p>Ces arriv\u00e9es ont pour but de renforcer l\u2019\u00e9quipe et de r\u00e9pondre aux ambitions du club pour la saison \u00e0 venir.<\/p>\n<p>Prolongations de Contrats Cl\u00e9sNouveau ! Recevez la newsletter Rugby Transfert 1 fois par mois !<\/p>\n<p>Le club a \u00e9galement annonc\u00e9 la prolongation des contrats de trois joueurs exp\u00e9riment\u00e9s, ce qui t\u00e9moigne de sa volont\u00e9 de maintenir un noyau solide. Les joueurs concern\u00e9s sont :<\/p>\n<ul>\n<li><strong>Ma\u2019a Nonu<\/strong>, double champion du monde avec les All Blacks, qui prolonge \u00e0 43 ans<\/li>\n<li><strong>J\u00e9r\u00e9my Sinzelle<\/strong>, centre de 35 ans<\/li>\n<li><strong>Micka\u00ebl Ivaldi<\/strong>, talonneur \u00e9galement \u00e2g\u00e9 de 35 ans<\/li>\n<\/ul>\n<p>Ces prolongations sont essentielles pour apporter de l\u2019exp\u00e9rience et de la stabilit\u00e9 \u00e0 l\u2019effectif.<\/p>\n<p>Une Vision pour l\u2019Avenir<\/p>\n<p>Laurent Emmanuelli, le directeur sportif du club, a d\u00e9clar\u00e9 : \u00ab Nous nous effor\u00e7ons de construire une \u00e9quipe \u00e9quilibr\u00e9e pour tenter de r\u00e9pondre aux ambitions du club. \u00bb Il a \u00e9galement pr\u00e9cis\u00e9 que ces recrutements et prolongations s\u2019inscrivent dans une politique de club r\u00e9fl\u00e9chie, visant \u00e0 assurer une continuit\u00e9 et \u00e0 pr\u00e9parer la succession sportive.<\/p>\n<p>Bien que la p\u00e9riode officielle de mutation soit d\u00e9sormais termin\u00e9e, Emmanuelli a indiqu\u00e9 que le club pourrait encore envisager le recrutement d\u2019un ou deux joueurs suppl\u00e9mentaires, en fonction des opportunit\u00e9s qui se pr\u00e9senteraient.<\/p>\n<p>Conclusion<\/p>\n<p>Avec ces nouvelles recrues et prolongations, le Rugby Club Toulonnais montre sa d\u00e9termination \u00e0 construire une \u00e9quipe comp\u00e9titive pour la saison prochaine. Les supporters peuvent s\u2019attendre \u00e0 des performances prometteuses et \u00e0 un engagement renouvel\u00e9 sur le terrain.<\/p>\n<p><img loading=\"lazy\" decoding=\"async\" data-class=\"LazyLoad\" src=\"https:\/\/www.europesays.com\/fr\/wp-content\/uploads\/2025\/04\/image-1.jpg\" width=\"100\" height=\"100\" alt=\"image 1\" itemprop=\"image\" title=\"Top 14-RCT: Toulon Renforce Son Effectif pour la Prochaine Saison avec de Nouvelles Recrues et des prolongations\"\/><\/p>\n<p>Bruno Lancelle, n\u00e9 en 1986 \u00e0 La Seyne-sur-Mer (Var), aujourd\u2019hui Kin\u00e9sith\u00e9rapeute, est un ancien joueur\u00a0 de rugby \u00e0 XV qui \u00e9voluait au poste de demi d\u2019ouverture, pass\u00e9 par Toulon, Lyon, Provence Rugby, La Seyne-sur-Mer, US bressane, Lille et Hy\u00e8res.<\/p>\n","protected":false},"excerpt":{"rendered":"Le Rugby Club Toulonnais a r\u00e9cemment annonc\u00e9 une s\u00e9rie de changements significatifs dans son effectif en vue de&hellip;\n","protected":false},"author":2,"featured_media":33951,"comment_status":"","ping_status":"","sticky":false,"template":"","format":"standard","meta":{"footnotes":""},"categories":[9619],"tags":[1111,11,1777,674,1011,27,12,882,25,2310],"class_list":{"0":"post-236935","1":"post","2":"type-post","3":"status-publish","4":"format-standard","5":"has-post-thumbnail","7":"category-toulon","8":"tag-actu","9":"tag-actualites","10":"tag-eu","11":"tag-europe","12":"tag-fr","13":"tag-france","14":"tag-news","15":"tag-provence-alpes-cote-dazur","16":"tag-republique-francaise","17":"tag-toulon"},"share_on_mastodon":{"url":"https:\/\/pubeurope.com\/@fr\/114821856645777886","error":""},"_links":{"self":[{"href":"https:\/\/www.europesays.com\/fr\/wp-json\/wp\/v2\/posts\/236935","targetHints":{"allow":["GET"]}}],"collection":[{"href":"https:\/\/www.europesays.com\/fr\/wp-json\/wp\/v2\/posts"}],"about":[{"href":"https:\/\/www.europesays.com\/fr\/wp-json\/wp\/v2\/types\/post"}],"author":[{"embeddable":true,"href":"https:\/\/www.europesays.com\/fr\/wp-json\/wp\/v2\/users\/2"}],"replies":[{"embeddable":true,"href":"https:\/\/www.europesays.com\/fr\/wp-json\/wp\/v2\/comments?post=236935"}],"version-history":[{"count":0,"href":"https:\/\/www.europesays.com\/fr\/wp-json\/wp\/v2\/posts\/236935\/revisions"}],"wp:featuredmedia":[{"embeddable":true,"href":"https:\/\/www.europesays.com\/fr\/wp-json\/wp\/v2\/media\/33951"}],"wp:attachment":[{"href":"https:\/\/www.europesays.com\/fr\/wp-json\/wp\/v2\/media?parent=236935"}],"wp:term":[{"taxonomy":"category","embeddable":true,"href":"https:\/\/www.europesays.com\/fr\/wp-json\/wp\/v2\/categories?post=236935"},{"taxonomy":"post_tag","embeddable":true,"href":"https:\/\/www.europesays.com\/fr\/wp-json\/wp\/v2\/tags?post=236935"}],"curies":[{"name":"wp","href":"https:\/\/api.w.org\/{rel}","templated":true}]}}