{"id":236941,"date":"2025-07-09T06:30:27","date_gmt":"2025-07-09T06:30:27","guid":{"rendered":"https:\/\/www.europesays.com\/fr\/236941\/"},"modified":"2025-07-09T06:30:27","modified_gmt":"2025-07-09T06:30:27","slug":"en-plein-tour-de-france-a-rouen-un-homme-attaque-un-crs-avant-detre-arrete-liberation","status":"publish","type":"post","link":"https:\/\/www.europesays.com\/fr\/236941\/","title":{"rendered":"en plein Tour de France \u00e0 Rouen, un homme attaque un CRS avant d\u2019\u00eatre arr\u00eat\u00e9 \u2013 Lib\u00e9ration"},"content":{"rendered":"<p class=\"sc-ksZaOG ehjQrN text-element\">Grosse frayeur sur <a href=\"https:\/\/www.liberation.fr\/sports\/cyclisme\/tour-de-france-2025-le-vent-venu-de-la-mer-et-la-tempete-de-coureurs-20250707_SML7VLAF4ND2FOK2MDI76NFSCM\/\" target=\"_blank\" rel=\"noreferrer nofollow noopener\" title=\"https:\/\/www.liberation.fr\/sports\/cyclisme\/tour-de-france-2025-le-vent-venu-de-la-mer-et-la-tempete-de-coureurs-20250707_SML7VLAF4ND2FOK2MDI76NFSCM\/\">la route du Tour de France.<\/a> Un homme a attaqu\u00e9 un CRS au couteau sans le blesser, ce mardi 8 juillet \u00e0 Rouen (Seine-Maritime), tout proche de l\u2019arriv\u00e9e de la quatri\u00e8me \u00e9tape. Le suspect a ensuite \u00e9t\u00e9 atteint par <a href=\"https:\/\/www.liberation.fr\/dossier\/refus-dobtemperer-une-inflation-mortelle-de-tirs-policiers\/\" target=\"_blank\" rel=\"noreferrer nofollow noopener\" title=\"https:\/\/www.liberation.fr\/dossier\/refus-dobtemperer-une-inflation-mortelle-de-tirs-policiers\/\">un tir policier<\/a> &#8211; son pronostic vital n\u2019est pas engag\u00e9 &#8211; et arr\u00eat\u00e9 apr\u00e8s une fuite \u00e0 pied de plusieurs centaines de m\u00e8tres. Le tout au milieu de spectateurs qui, pour la plupart, ne se sont rendu compte de rien.<\/p>\n<p class=\"sc-ksZaOG ehjQrN text-element\">Tout a d\u00e9but\u00e9 peu avant 15 h 30, deux heures avant le passage des coureurs, aux abords d\u2019un barrage policier tout pr\u00e8s du parcours \u00e0 Rouen. Non loin de l\u00e0 o\u00f9 Jhonatan Narvaez appuiera plus tard sur les p\u00e9dales pour mettre Tadej Pogacar sur orbite. Mais \u00e0 ce moment-l\u00e0, les coureurs \u00e9taient encore loin, la caravane n\u2019\u00e9tait m\u00eame pas pass\u00e9e. \u00abOn a entendu une fille crier et vu des CRS courir pour remonter la pente, raconte un groupe de jeunes post\u00e9s non lo<\/p>\n","protected":false},"excerpt":{"rendered":"Grosse frayeur sur la route du Tour de France. Un homme a attaqu\u00e9 un CRS au couteau sans&hellip;\n","protected":false},"author":2,"featured_media":236942,"comment_status":"","ping_status":"","sticky":false,"template":"","format":"standard","meta":{"footnotes":""},"categories":[9587],"tags":[1111,11,1777,674,118,1011,27,12,5161,25,9590,210],"class_list":{"0":"post-236941","1":"post","2":"type-post","3":"status-publish","4":"format-standard","5":"has-post-thumbnail","7":"category-rouen","8":"tag-actu","9":"tag-actualites","10":"tag-eu","11":"tag-europe","12":"tag-faits-divers","13":"tag-fr","14":"tag-france","15":"tag-news","16":"tag-normandie","17":"tag-republique-francaise","18":"tag-rouen","19":"tag-tour-de-france"},"share_on_mastodon":{"url":"https:\/\/pubeurope.com\/@fr\/114821872219421692","error":""},"_links":{"self":[{"href":"https:\/\/www.europesays.com\/fr\/wp-json\/wp\/v2\/posts\/236941","targetHints":{"allow":["GET"]}}],"collection":[{"href":"https:\/\/www.europesays.com\/fr\/wp-json\/wp\/v2\/posts"}],"about":[{"href":"https:\/\/www.europesays.com\/fr\/wp-json\/wp\/v2\/types\/post"}],"author":[{"embeddable":true,"href":"https:\/\/www.europesays.com\/fr\/wp-json\/wp\/v2\/users\/2"}],"replies":[{"embeddable":true,"href":"https:\/\/www.europesays.com\/fr\/wp-json\/wp\/v2\/comments?post=236941"}],"version-history":[{"count":0,"href":"https:\/\/www.europesays.com\/fr\/wp-json\/wp\/v2\/posts\/236941\/revisions"}],"wp:featuredmedia":[{"embeddable":true,"href":"https:\/\/www.europesays.com\/fr\/wp-json\/wp\/v2\/media\/236942"}],"wp:attachment":[{"href":"https:\/\/www.europesays.com\/fr\/wp-json\/wp\/v2\/media?parent=236941"}],"wp:term":[{"taxonomy":"category","embeddable":true,"href":"https:\/\/www.europesays.com\/fr\/wp-json\/wp\/v2\/categories?post=236941"},{"taxonomy":"post_tag","embeddable":true,"href":"https:\/\/www.europesays.com\/fr\/wp-json\/wp\/v2\/tags?post=236941"}],"curies":[{"name":"wp","href":"https:\/\/api.w.org\/{rel}","templated":true}]}}