{"id":236949,"date":"2025-07-09T06:35:29","date_gmt":"2025-07-09T06:35:29","guid":{"rendered":"https:\/\/www.europesays.com\/fr\/236949\/"},"modified":"2025-07-09T06:35:29","modified_gmt":"2025-07-09T06:35:29","slug":"strasbourg-les-etudiants-etrangers-face-aux-frais-dinscriptions-exorbitants","status":"publish","type":"post","link":"https:\/\/www.europesays.com\/fr\/236949\/","title":{"rendered":"Strasbourg. Les \u00e9tudiants \u00e9trangers face aux frais d&rsquo;inscriptions exorbitants"},"content":{"rendered":"<p class=\"wp-block-post-excerpt__excerpt\">Depuis la rentr\u00e9e 2024, les \u00e9tudiants en master de pays hors de l\u2019Union europ\u00e9enne ont d\u00fb payer des frais de scolarit\u00e9 plus \u00e9lev\u00e9s \u00e0 l\u2019Universit\u00e9 de Strasbourg. Entre factures \u00e0 plusieurs milliers d\u2019euros, exon\u00e9ration partielle ou totale de certaines dettes, les t\u00e2tonnements de l\u2019administration alimentent le sentiment d\u2019injustice et d\u2019incompr\u00e9hension. <\/p>\n","protected":false},"excerpt":{"rendered":"Depuis la rentr\u00e9e 2024, les \u00e9tudiants en master de pays hors de l\u2019Union europ\u00e9enne ont d\u00fb payer des&hellip;\n","protected":false},"author":2,"featured_media":236950,"comment_status":"","ping_status":"","sticky":false,"template":"","format":"standard","meta":{"footnotes":""},"categories":[2820],"tags":[1111,11,6898,1777,674,1011,27,775,12,25,640,30161],"class_list":{"0":"post-236949","1":"post","2":"type-post","3":"status-publish","4":"format-standard","5":"has-post-thumbnail","7":"category-strasbourg","8":"tag-actu","9":"tag-actualites","10":"tag-etudiants-etrangers","11":"tag-eu","12":"tag-europe","13":"tag-fr","14":"tag-france","15":"tag-grand-est","16":"tag-news","17":"tag-republique-francaise","18":"tag-strasbourg","19":"tag-universite-de-strasbourg"},"share_on_mastodon":{"url":"https:\/\/pubeurope.com\/@fr\/114821892158223749","error":""},"_links":{"self":[{"href":"https:\/\/www.europesays.com\/fr\/wp-json\/wp\/v2\/posts\/236949","targetHints":{"allow":["GET"]}}],"collection":[{"href":"https:\/\/www.europesays.com\/fr\/wp-json\/wp\/v2\/posts"}],"about":[{"href":"https:\/\/www.europesays.com\/fr\/wp-json\/wp\/v2\/types\/post"}],"author":[{"embeddable":true,"href":"https:\/\/www.europesays.com\/fr\/wp-json\/wp\/v2\/users\/2"}],"replies":[{"embeddable":true,"href":"https:\/\/www.europesays.com\/fr\/wp-json\/wp\/v2\/comments?post=236949"}],"version-history":[{"count":0,"href":"https:\/\/www.europesays.com\/fr\/wp-json\/wp\/v2\/posts\/236949\/revisions"}],"wp:featuredmedia":[{"embeddable":true,"href":"https:\/\/www.europesays.com\/fr\/wp-json\/wp\/v2\/media\/236950"}],"wp:attachment":[{"href":"https:\/\/www.europesays.com\/fr\/wp-json\/wp\/v2\/media?parent=236949"}],"wp:term":[{"taxonomy":"category","embeddable":true,"href":"https:\/\/www.europesays.com\/fr\/wp-json\/wp\/v2\/categories?post=236949"},{"taxonomy":"post_tag","embeddable":true,"href":"https:\/\/www.europesays.com\/fr\/wp-json\/wp\/v2\/tags?post=236949"}],"curies":[{"name":"wp","href":"https:\/\/api.w.org\/{rel}","templated":true}]}}