{"id":236951,"date":"2025-07-09T06:36:12","date_gmt":"2025-07-09T06:36:12","guid":{"rendered":"https:\/\/www.europesays.com\/fr\/236951\/"},"modified":"2025-07-09T06:36:12","modified_gmt":"2025-07-09T06:36:12","slug":"une-solution-se-profile-apres-un-echange-entre-le-proprietaire-et-les-elus","status":"publish","type":"post","link":"https:\/\/www.europesays.com\/fr\/236951\/","title":{"rendered":"une solution se profile apr\u00e8s un \u00e9change entre le propri\u00e9taire et les \u00e9lus"},"content":{"rendered":"<p>Abord\u00e9 lors du dernier <a href=\"https:\/\/www.dna.fr\/politique\/2025\/06\/23\/conseil-municipal-du-23-juin\" target=\"_blank\" rel=\"nofollow noopener\">conseil municipal de Strasbourg<\/a> par le conseiller d\u2019opposition Nicolas Matt (DNA du 2 juillet), le d\u00e9licat dossier du <a href=\"https:\/\/www.dna.fr\/economie\/2025\/07\/02\/au-conseil-municipal-l-avenir-du-garage-des-quinze-en-question\" target=\"_blank\" rel=\"nofollow noopener\">Garage des XV<\/a>, particuli\u00e8rement impact\u00e9 par la suppression des places de stationnement li\u00e9e \u00e0 la pi\u00e9tonnisation de la place Albert-1er dans le cadre du projet Espex (Espaces ext\u00e9rieurs) Rotterdam, semble \u00e9voluer dans le bon sens. \u00c0 la suite du conseil, et apr\u00e8s plusieurs \u00e9changes de courriels, une nouvelle rencontre a \u00e9t\u00e9 organis\u00e9e le lundi 30 juin entre Philippe Sculli, le garagiste\u200a; Hubert Rallet, l\u2019ancien garagiste toujours propri\u00e9taire des murs\u200a; Marina Lafay, \u00e9lue r\u00e9f\u00e9rente du quartier\u200a; et Pierre Ozenne, adjoint en charge des espaces publics partag\u00e9s.<\/p>\n<p>Un rendez-vous \u00ab\u200apositif\u200a\u00bb, \u00e0 en croire les int\u00e9ress\u00e9s, qui saluent plusieurs avanc\u00e9es. \u00ab\u200aUn plan nous a \u00e9t\u00e9 remis, indiquant une partie des modifications demand\u00e9es. \u00c0 savoir, la cr\u00e9ation d\u2019un espace de \u00ab\u200agiration\u200a\u00bb devant nos entr\u00e9es d\u2019ateliers, permettant \u00e9galement de \u00ab\u200astocker\u200a\u00bb provisoirement un ou deux v\u00e9hicules\u200a; le d\u00e9placement d\u2019une aire de livraison, comme souhait\u00e9\u200a; le d\u00e9placement d\u2019une place PMR et du bac de d\u00e9chets\u200a\u00bb, liste Hubert Rallet. \u00c9galement act\u00e9e, semble-t-il, \u00ab\u200ala mise en place d\u2019une zone bleue de 3\u200ah sur une partie de la rue de l\u2019Yser et la validation d\u2019une r\u00e9servation de trois places de stationnement d\u00e9di\u00e9es au garage, avec un \u00ab\u200acontrat de location\u200a\u00bb de l\u2019espace public\u200a\u00bb, pr\u00e9cise-t-il. Bref, si tout n\u2019est pas encore r\u00e9gl\u00e9, on semble avancer vers un compromis.<\/p>\n","protected":false},"excerpt":{"rendered":"Abord\u00e9 lors du dernier conseil municipal de Strasbourg par le conseiller d\u2019opposition Nicolas Matt (DNA du 2 juillet),&hellip;\n","protected":false},"author":2,"featured_media":236952,"comment_status":"","ping_status":"","sticky":false,"template":"","format":"standard","meta":{"footnotes":""},"categories":[2820],"tags":[1111,11,1984,33,2880,1777,674,107,1011,27,775,12,316,25,104,640,216],"class_list":{"0":"post-236951","1":"post","2":"type-post","3":"status-publish","4":"format-standard","5":"has-post-thumbnail","7":"category-strasbourg","8":"tag-actu","9":"tag-actualites","10":"tag-conseil-municipal","11":"tag-economie","12":"tag-edition-strasbourg","13":"tag-eu","14":"tag-europe","15":"tag-fil-info","16":"tag-fr","17":"tag-france","18":"tag-grand-est","19":"tag-news","20":"tag-politique","21":"tag-republique-francaise","22":"tag-societe","23":"tag-strasbourg","24":"tag-vie-des-entreprises"},"share_on_mastodon":{"url":"https:\/\/pubeurope.com\/@fr\/114821895653754456","error":""},"_links":{"self":[{"href":"https:\/\/www.europesays.com\/fr\/wp-json\/wp\/v2\/posts\/236951","targetHints":{"allow":["GET"]}}],"collection":[{"href":"https:\/\/www.europesays.com\/fr\/wp-json\/wp\/v2\/posts"}],"about":[{"href":"https:\/\/www.europesays.com\/fr\/wp-json\/wp\/v2\/types\/post"}],"author":[{"embeddable":true,"href":"https:\/\/www.europesays.com\/fr\/wp-json\/wp\/v2\/users\/2"}],"replies":[{"embeddable":true,"href":"https:\/\/www.europesays.com\/fr\/wp-json\/wp\/v2\/comments?post=236951"}],"version-history":[{"count":0,"href":"https:\/\/www.europesays.com\/fr\/wp-json\/wp\/v2\/posts\/236951\/revisions"}],"wp:featuredmedia":[{"embeddable":true,"href":"https:\/\/www.europesays.com\/fr\/wp-json\/wp\/v2\/media\/236952"}],"wp:attachment":[{"href":"https:\/\/www.europesays.com\/fr\/wp-json\/wp\/v2\/media?parent=236951"}],"wp:term":[{"taxonomy":"category","embeddable":true,"href":"https:\/\/www.europesays.com\/fr\/wp-json\/wp\/v2\/categories?post=236951"},{"taxonomy":"post_tag","embeddable":true,"href":"https:\/\/www.europesays.com\/fr\/wp-json\/wp\/v2\/tags?post=236951"}],"curies":[{"name":"wp","href":"https:\/\/api.w.org\/{rel}","templated":true}]}}