{"id":236953,"date":"2025-07-09T06:37:10","date_gmt":"2025-07-09T06:37:10","guid":{"rendered":"https:\/\/www.europesays.com\/fr\/236953\/"},"modified":"2025-07-09T06:37:10","modified_gmt":"2025-07-09T06:37:10","slug":"trois-oeuvres-xxl-du-street-artiste-cesar-malfi-sinvitent-sur-les-murs-du-centre-lacassagne-a-nice","status":"publish","type":"post","link":"https:\/\/www.europesays.com\/fr\/236953\/","title":{"rendered":"Trois \u0153uvres XXL du street artiste C\u00e9sar Malfi s&rsquo;invitent sur les murs du centre Lacassagne \u00e0 Nice"},"content":{"rendered":"<p>Trois fa\u00e7ades, trois valeurs, trois \u0153uvres. <strong>C\u00e9sar Malfi,<\/strong> donne vie aux fa\u00e7ades du centre m\u00e9dical Antoine Lacassagne \u00e0 Nice. Une ville, v\u00e9ritable terrain de jeu pour ce street-artiste qui a d\u00e9j\u00e0 laiss\u00e9 son empreinte \u00e0 <strong>Saint-Jean d\u2019Ang\u00e9ly<\/strong> ou au niveau du boulevard Gorbella \u00e0 Nice-Nord \u00e0 quelques pas de la tour du centre AnimaNice.<\/p>\n<p>Une structure hospitali\u00e8re, c\u2019est une premi\u00e8re pour celui qui estime que \u00ab\u00a0l\u2019art urbain ne s\u2019impose pas, il raconte les lieux, les sublime: c\u2019est son pouvoir\u00a0\u00bb. Dans ce lieu qui accueille 6.500 patients par an, C\u00e9sar Malfi mise sur \u00ab\u00a0un message d\u2019espoir. Ce n\u2019est plus un lieu de souffrance, mais de gu\u00e9rison: 90% des cancers sont aujourd\u2019hui gu\u00e9rissables, contre 10% il y a quarante ans.\u00a0\u00bb<\/p>\n<p>Les patients, les visiteurs et le personnel peuvent d\u00e9sormais d\u00e9couvrir <strong>deux \u0153uvres XXL<\/strong> comme ce dieu grec au buste rehauss\u00e9 de bleu et de jaune \u00e9clatant. La troisi\u00e8me est annonc\u00e9e pour la rentr\u00e9e. Ce m\u00e9lange classique et contemporain, C\u00e9sar Malfi en fait sa marque de fabrique. Il se rappelle, \u00ab\u00a0l\u2019extase \u00e0 8 ans, devant L\u2019\u00e9cole d\u2019Ath\u00e8nes de Rafaele\u00a0\u00bb, puis la passion pour le graff d\u00e8s son plus jeune \u00e2ge.<\/p>\n<p>\u00ab\u00a0J\u2019essaie de m\u00e9langer les influences pour d\u00e9ployer un message universel.\u00a0\u00bb Il s\u2019inspire du mythe gr\u00e9co-romain des Trois Gr\u00e2ces, all\u00e9gories f\u00e9minines de la bienveillance, l\u2019empathie et la convivialit\u00e9, \u00e9tait \u00ab\u00a0une \u00e9vidence: Lacassagne vit de cela\u00a0\u00bb<\/p>\n<p>\u00ab\u00a0Ma reconnaissance, ma th\u00e9rapie\u00a0\u00bb<\/p>\n<p>Pour lui, \u00ab\u00a0ce projet est un r\u00eave d\u2019enfant, ma madeleine de Proust\u00a0\u00bb. C\u00e9sar Malfi fixait ces murs depuis longtemps. \u00ab\u00a0J\u2019ai grandi \u00e0 quelques centaines de m\u00e8tres de l\u00e0: je passais devant tous les jours\u00a0\u00bb.<\/p>\n<p>Apr\u00e8s une \u00e9lectrocution sur la voie ferr\u00e9e, \u00ab\u00a0tout a chang\u00e9: ma perception du monde, des autres, de moi-m\u00eame. J\u2019ai command\u00e9 un carnet de croquis dans ma chambre d\u2019h\u00f4pital et je n\u2019ai jamais arr\u00eat\u00e9.\u00a0\u00bb Sa convalescence? Il l\u2019a faite \u00e0 Pasteur, face aux murs de Lacassagne: \u00ab\u00a0Les rev\u00eatir aujourd\u2019hui, c\u2019est ma renaissance, ma th\u00e9rapie\u00a0\u00bb.<\/p>\n<p>            Une \u0153uvre aussi \u00e0 Cagnes-sur-Mer<\/p>\n<p>Apr\u00e8s le succ\u00e8s de sa premi\u00e8re fresque H\u00e9ra et Herm\u00e8s en 2024, C\u00e9sar Malfi est de nouveau au centre commercial Shopping Promenade (ex-Polygone Riviera) \u00e0 Cagnes-sur-Mer, ce mercredi d\u00e8s 14h30.<\/p>\n<p>Jusqu\u2019\u00e0 ce vendredi, place des Saveurs, l\u2019artiste cr\u00e9era en direct, une nouvelle \u0153uvre inspir\u00e9e du mythe de Galat\u00e9e. Cette r\u00e9interpr\u00e9tation de la nymphe en protectrice de la Riviera repr\u00e9sente, \u00ab\u00a0la gestion de l\u2019instantan\u00e9it\u00e9 : nous voulons tout dans l\u2019imm\u00e9diat. Tomber amoureux ou consommer, c\u2019est pareil\u00a0\u00bb.<\/p>\n","protected":false},"excerpt":{"rendered":"Trois fa\u00e7ades, trois valeurs, trois \u0153uvres. C\u00e9sar Malfi, donne vie aux fa\u00e7ades du centre m\u00e9dical Antoine Lacassagne \u00e0&hellip;\n","protected":false},"author":2,"featured_media":236954,"comment_status":"","ping_status":"","sticky":false,"template":"","format":"standard","meta":{"footnotes":""},"categories":[2819],"tags":[1111,11,1777,674,1011,27,12,2401,882,25,3366],"class_list":{"0":"post-236953","1":"post","2":"type-post","3":"status-publish","4":"format-standard","5":"has-post-thumbnail","7":"category-nice","8":"tag-actu","9":"tag-actualites","10":"tag-eu","11":"tag-europe","12":"tag-fr","13":"tag-france","14":"tag-news","15":"tag-nice","16":"tag-provence-alpes-cote-dazur","17":"tag-republique-francaise","18":"tag-vie-locale"},"share_on_mastodon":{"url":"","error":""},"_links":{"self":[{"href":"https:\/\/www.europesays.com\/fr\/wp-json\/wp\/v2\/posts\/236953","targetHints":{"allow":["GET"]}}],"collection":[{"href":"https:\/\/www.europesays.com\/fr\/wp-json\/wp\/v2\/posts"}],"about":[{"href":"https:\/\/www.europesays.com\/fr\/wp-json\/wp\/v2\/types\/post"}],"author":[{"embeddable":true,"href":"https:\/\/www.europesays.com\/fr\/wp-json\/wp\/v2\/users\/2"}],"replies":[{"embeddable":true,"href":"https:\/\/www.europesays.com\/fr\/wp-json\/wp\/v2\/comments?post=236953"}],"version-history":[{"count":0,"href":"https:\/\/www.europesays.com\/fr\/wp-json\/wp\/v2\/posts\/236953\/revisions"}],"wp:featuredmedia":[{"embeddable":true,"href":"https:\/\/www.europesays.com\/fr\/wp-json\/wp\/v2\/media\/236954"}],"wp:attachment":[{"href":"https:\/\/www.europesays.com\/fr\/wp-json\/wp\/v2\/media?parent=236953"}],"wp:term":[{"taxonomy":"category","embeddable":true,"href":"https:\/\/www.europesays.com\/fr\/wp-json\/wp\/v2\/categories?post=236953"},{"taxonomy":"post_tag","embeddable":true,"href":"https:\/\/www.europesays.com\/fr\/wp-json\/wp\/v2\/tags?post=236953"}],"curies":[{"name":"wp","href":"https:\/\/api.w.org\/{rel}","templated":true}]}}