{"id":236957,"date":"2025-07-09T06:39:17","date_gmt":"2025-07-09T06:39:17","guid":{"rendered":"https:\/\/www.europesays.com\/fr\/236957\/"},"modified":"2025-07-09T06:39:17","modified_gmt":"2025-07-09T06:39:17","slug":"la-detention-provisoire-dun-ado-y-ayant-participe-jugee-illegale","status":"publish","type":"post","link":"https:\/\/www.europesays.com\/fr\/236957\/","title":{"rendered":"la d\u00e9tention provisoire d&rsquo;un ado y ayant particip\u00e9 jug\u00e9e ill\u00e9gale"},"content":{"rendered":"<p>            Par<br \/>\n        <strong><br \/>\n            <a href=\"https:\/\/actu.fr\/auteur\/redaction-nantes\" title=\"Consulter tous les articles de R\u00e9daction Nantes\" rel=\"nofollow noopener\" target=\"_blank\">R\u00e9daction Nantes<\/a><br \/>\n        <\/strong><\/p>\n<p>        Publi\u00e9 le<\/p>\n<p>            9 juil. 2025 \u00e0 7h38        <\/p>\n<p>Le <strong>Conseil constitutionnel<\/strong> a jug\u00e9 ill\u00e9gale, ce vendredi 27\u00a0juin 2025, une disposition du code de justice p\u00e9nale des mineurs (CJPM) qui avait permis de maintenir en d\u00e9tention \u00ab\u2009provisoire\u2009\u00bb un adolescent nantais durant cinq ans.<\/p>\n<p class=\" wall-content\">Hasard du calendrier, ce m\u00eame jeune avait \u00e9cop\u00e9 trois jours plus t\u00f4t, le 24\u00a0juin 2025, de sept ans de prison devant la cour d\u2019assises des mineurs de Loire-Atlantique <a href=\"https:\/\/actu.fr\/bretagne\/rennes_35238\/fusillades-et-tentatives-de-meurtre-jusqu-a-20-ans-de-prison-prononces-lors-du-proces-gomorra-a-rennes_62167467.html\" rel=\"nofollow noopener\" target=\"_blank\">dans le proc\u00e8s dit \u00ab\u2009Gomorra\u2009\u00bb<\/a>\u2009: en\u00a0avril\u00a02019, la ville de Nantes avait \u00e9t\u00e9 le th\u00e9\u00e2tre de<strong>\u00a0r\u00e8glements de comptes<\/strong> sanglants, sur fond de trafic de stup\u00e9fiants,<strong> auxquels il avait pris part.<\/strong><\/p>\n<p class=\" wall-content\">Dans cette affaire, plusieurs hommes avaient \u00e9t\u00e9 bless\u00e9s lors d\u2019\u00e9pisodes de tirs \u00e0 l\u2019arme de guerre dans le <strong>quartier Bellevue<\/strong>, un quartier sensible de <strong>Nantes<\/strong>, sans qu\u2019il n\u2019y ait de mort pour autant.<\/p>\n<p>Une peine d\u00e9j\u00e0 purg\u00e9e<\/p>\n<p class=\" wall-content\">Dans un premier temps, pendant dix jours,<strong> sept majeurs<\/strong> avaient comparu devant la<strong> cour d\u2019assises d\u2019Ille-et-Vilaine<\/strong> pour ces faits\u2009: deux avaient \u00e9t\u00e9 enti\u00e8rement acquitt\u00e9s, et trois avaient \u00e9cop\u00e9 de peines allant de quinze \u00e0 vingt ans de r\u00e9clusion criminelle.\u00a0<a href=\"https:\/\/actu.fr\/bretagne\/rennes_35238\/hypercentre-de-rennes-boucle-kalachnikovs-drogues-homicide-un-proces-exceptionnel-va-debuter_62105976.html\" rel=\"nofollow noopener\" target=\"_blank\">Les deux derniers \u00e9taient eux ressortis libres. L\u2019un des accus\u00e9s de 32 ans, condamn\u00e9 \u00e0 quinze ans de prison, a d\u2019ailleurs fait appel de sa condamnation et sera prochainement rejug\u00e9.<\/a><\/p>\n<p class=\" wall-content\">Le volet \u00ab\u2009mineurs\u2009\u00bb s\u2019\u00e9tait lui tenu \u00e0 huis clos, <strong>du 17 au 24\u00a0juin 2025<\/strong>, \u00e0 Nantes.<strong> Deux adolescents de 17\u00a0ans<\/strong> au moment des faits avaient alors \u00e9t\u00e9 condamn\u00e9s \u00e0 sept et dix ans d\u2019emprisonnement.<\/p>\n<p class=\" wall-content\">Mais celui condamn\u00e9 \u00e0 la peine la plus basse avait alors d\u00e9j\u00e0 pratiquement purg\u00e9 sa peine dans le cadre de sa d\u00e9tention provisoire. Avant m\u00eame d\u2019\u00eatre jug\u00e9, donc.<\/p>\n<p>Des dispositions contraires \u00e0 \u00ab\u2009int\u00e9r\u00eat sup\u00e9rieur de l\u2019enfant\u2009\u00bb<\/p>\n<p class=\" wall-content\">En parall\u00e8le de ce proc\u00e8s criminel, son avocat avait donc saisi le Conseil constitutionnel d\u2019une<strong> Question prioritaire de constitutionnalit\u00e9<\/strong> (QPC)\u2009: <strong>Me\u00a0Sobieslaw Bemmoussat<\/strong>\u00a0leur avait demand\u00e9 leur avis sur le fait que la loi permettait jusqu\u2019alors \u00ab\u2009le maintien en d\u00e9tention provisoire de l\u2019accus\u00e9\u00a0mineur [d\u2019au moins 16\u00a0ans, N.D.L.R.], dans l\u2019attente de sa comparution devant la cour d\u2019assises des\u00a0mineurs, pendant la m\u00eame dur\u00e9e qu\u2019un majeur, sans pr\u00e9voir de proc\u00e9dure\u00a0sp\u00e9cifique\u2009\u00bb.<\/p>\n<p class=\" wall-content\">Concr\u00e8tement, pour\u00a0l\u2019avocat, cette disposition \u00e9tait contraire au \u00ab\u2009principe\u00a0fondamental de l\u2019int\u00e9r\u00eat sup\u00e9rieur de l\u2019enfant\u2009\u00bb. De ce principe constitutionnel, d\u00e9coule notamment \u00ab\u2009la n\u00e9cessit\u00e9 de\u00a0rechercher le rel\u00e8vement \u00e9ducatif et moral des enfants d\u00e9linquants\u2009\u00bb en prenant \u00ab\u2009des\u00a0mesures adapt\u00e9es \u00e0 leur \u00e2ge et \u00e0 leur personnalit\u00e9\u2009\u00bb.<\/p>\n<p class=\" wall-content\">\u00ab\u2009La<strong> dur\u00e9e maximale de la d\u00e9tention provisoire<\/strong> du\u00a0mineur dans l\u2019attente de sa comparution devant la cour d\u2019assises des mineurs, qui peut atteindre deux ans, ne fait l\u2019objet d\u2019aucune adaptation par rapport \u00e0\u00a0celle applicable aux majeurs mis en accusation devant une juridiction\u00a0criminelle\u2009\u00bb, lui donne donc raison le<strong>\u00a0Conseil constitutionnel<\/strong> dans un arr\u00eat en date du 27\u00a0juin 2025 qui vient d\u2019\u00eatre rendu public.<\/p>\n<p class=\" wall-content\">\u00ab\u2009En permettant pour une telle dur\u00e9e le maintien en\u00a0d\u00e9tention provisoire du mineur sans pr\u00e9voir de proc\u00e9dure appropri\u00e9e, les\u00a0dispositions contest\u00e9es m\u00e9connaissent les exigences du principe\u00a0fondamental reconnu par les lois de la R\u00e9publique en mati\u00e8re de justice des\u00a0mineurs\u2009\u00bb, en d\u00e9duisent les Sages, reconnaissant ainsi \u00ab\u2009l\u2019inconstitutionnalit\u00e9\u2009\u00bb de ce texte.<\/p>\n<p>Une abrogation diff\u00e9r\u00e9e dans le temps<\/p>\n<p class=\" wall-content\">En revanche, les magistrats parisiens ont consid\u00e9r\u00e9 qu\u2019une \u00ab\u2009abrogation\u00a0imm\u00e9diate\u2009\u00bb de ces dispositions \u00ab\u2009conduirait \u00e0\u00a0exclure toute possibilit\u00e9 de maintien en d\u00e9tention provisoire d\u2019un accus\u00e9\u00a0mineur dans l\u2019attente de sa comparution devant la cour d\u2019assises des mineurs\u2009\u00bb.<\/p>\n<p class=\" wall-content\">Au vu\u00a0des \u00ab\u2009cons\u00e9quences manifestement excessives\u2009\u00bb de leur d\u00e9cision, les Sages ont donc <strong>report\u00e9 au 1er\u00a0juillet 2026<\/strong> l\u2019entr\u00e9e en vigueur de\u00a0cette\u00a0abrogation.<\/p>\n<p class=\" wall-content\">Et pour faire \u00ab\u2009cesser\u00a0l\u2019inconstitutionnalit\u00e9\u00a0constat\u00e9e\u2009\u00bb, le Conseil constitutionnel a consid\u00e9r\u00e9 qu\u2019il y a \u00ab\u2009lieu de juger que\u00a0jusqu\u2019\u00e0 l\u2019entr\u00e9e en vigueur d\u2019une nouvelle loi ou jusqu\u2019\u00e0 la date\u00a0de l\u2019abrogation de ces dispositions, le mineur accus\u00e9 \u00e2g\u00e9 d\u2019au moins 16\u00a0ans mis en accusation devant la cour d\u2019assises pour mineurs ne peut \u00eatre\u00a0maintenu en d\u00e9tention provisoire que sur d\u00e9cision de la juridiction\u00a0d\u2019instruction comp\u00e9tente\u2009\u00bb. Celle-ci devra ainsi \u00ab\u2009contr\u00f4ler\u2009\u00bb si le maintien en d\u00e9tention provisoire n\u2019exc\u00e8de pas \u00ab\u2009la rigueur n\u00e9cessaire\u2009\u00bb.<\/p>\n<p class=\" wall-content\"><strong>Cette d\u00e9cision n\u2019aura aucune cons\u00e9quence sur le jeune Nantais<\/strong> condamn\u00e9 \u00e0 sept ans de r\u00e9clusion criminelle par la cour d\u2019assises des mineurs, le 24\u00a0juin 2025, pour avoir particip\u00e9 aux fusillades qui avaient \u00e9maill\u00e9 la ville de Nantes en 2019.<\/p>\n<p class=\" wall-content\">Il pourrait m\u00eame <strong>prochainement sortir de prison<\/strong> pour finir de purger sa peine sous la forme d\u2019une D\u00e9tention domiciliaire sous surveillance\u00a0\u00e9lectronique (DDSE).<\/p>\n<p class=\" wall-content\">Toutefois, Me Sobieslaw Bemmoussat esp\u00e8re qu\u2019avec cette d\u00e9cision, la loi sera \u00ab\u2009modifi\u00e9e substantiellement\u2009\u00bb et que les mineurs pourront d\u00e9sormais b\u00e9n\u00e9ficier effectivement d\u2019un \u00ab\u2009traitement diff\u00e9rentiel\u2009\u00bb conforme au principe consacr\u00e9 par la Constitution.<\/p>\n<p><strong>CB (PressPepper)<\/strong><\/p>\n<p class=\" wall-content\">Suivez toute l\u2019actualit\u00e9 de vos villes et m\u00e9dias favoris en vous inscrivant \u00e0 <a href=\"https:\/\/moncompte.actu.fr\" title=\"D\u00e9couvez Mon Actu\" rel=\"nofollow noopener\" data-trk=\"{&quot;cta&quot;:{&quot;action&quot;:&quot;https:\\\/\\\/moncompte.actu.fr&quot;,&quot;category&quot;:&quot;mon compte&quot;,&quot;from&quot;:&quot;article footer&quot;,&quot;name&quot;:&quot;Mon actu&quot;,&quot;type&quot;:&quot;cta&quot;}}\" target=\"_blank\">Mon Actu<\/a>.<\/p>\n","protected":false},"excerpt":{"rendered":"Par R\u00e9daction Nantes Publi\u00e9 le 9 juil. 2025 \u00e0 7h38 Le Conseil constitutionnel a jug\u00e9 ill\u00e9gale, ce vendredi&hellip;\n","protected":false},"author":2,"featured_media":218498,"comment_status":"","ping_status":"","sticky":false,"template":"","format":"standard","meta":{"footnotes":""},"categories":[2818],"tags":[1111,11,1777,674,118,1011,27,303,766,12,2636,25],"class_list":{"0":"post-236957","1":"post","2":"type-post","3":"status-publish","4":"format-standard","5":"has-post-thumbnail","7":"category-nantes","8":"tag-actu","9":"tag-actualites","10":"tag-eu","11":"tag-europe","12":"tag-faits-divers","13":"tag-fr","14":"tag-france","15":"tag-justice","16":"tag-nantes","17":"tag-news","18":"tag-pays-de-la-loire","19":"tag-republique-francaise"},"share_on_mastodon":{"url":"https:\/\/pubeurope.com\/@fr\/114821907581369136","error":""},"_links":{"self":[{"href":"https:\/\/www.europesays.com\/fr\/wp-json\/wp\/v2\/posts\/236957","targetHints":{"allow":["GET"]}}],"collection":[{"href":"https:\/\/www.europesays.com\/fr\/wp-json\/wp\/v2\/posts"}],"about":[{"href":"https:\/\/www.europesays.com\/fr\/wp-json\/wp\/v2\/types\/post"}],"author":[{"embeddable":true,"href":"https:\/\/www.europesays.com\/fr\/wp-json\/wp\/v2\/users\/2"}],"replies":[{"embeddable":true,"href":"https:\/\/www.europesays.com\/fr\/wp-json\/wp\/v2\/comments?post=236957"}],"version-history":[{"count":0,"href":"https:\/\/www.europesays.com\/fr\/wp-json\/wp\/v2\/posts\/236957\/revisions"}],"wp:featuredmedia":[{"embeddable":true,"href":"https:\/\/www.europesays.com\/fr\/wp-json\/wp\/v2\/media\/218498"}],"wp:attachment":[{"href":"https:\/\/www.europesays.com\/fr\/wp-json\/wp\/v2\/media?parent=236957"}],"wp:term":[{"taxonomy":"category","embeddable":true,"href":"https:\/\/www.europesays.com\/fr\/wp-json\/wp\/v2\/categories?post=236957"},{"taxonomy":"post_tag","embeddable":true,"href":"https:\/\/www.europesays.com\/fr\/wp-json\/wp\/v2\/tags?post=236957"}],"curies":[{"name":"wp","href":"https:\/\/api.w.org\/{rel}","templated":true}]}}