{"id":236968,"date":"2025-07-09T06:46:09","date_gmt":"2025-07-09T06:46:09","guid":{"rendered":"https:\/\/www.europesays.com\/fr\/236968\/"},"modified":"2025-07-09T06:46:09","modified_gmt":"2025-07-09T06:46:09","slug":"lille-la-ligne-1-du-metro-en-partie-a-larret-ce-mercredi-matin-en-raison-dun-incendie","status":"publish","type":"post","link":"https:\/\/www.europesays.com\/fr\/236968\/","title":{"rendered":"Lille. La ligne 1 du m\u00e9tro en partie \u00e0 l&rsquo;arr\u00eat ce mercredi matin en raison d&rsquo;un incendie"},"content":{"rendered":"<p>            Par<br \/>\n        <strong><br \/>\n            <a href=\"https:\/\/actu.fr\/auteur\/margot-nicodeme\" title=\"Consulter tous les articles de Margot Nicod\u00e8me\" target=\"_blank\" rel=\"noopener\">Margot Nicod\u00e8me<\/a><br \/>\n        <\/strong><\/p>\n<p>        Publi\u00e9 le<\/p>\n<p>            9 juil. 2025 \u00e0 8h06        <\/p>\n<p>Une portion de<b> la ligne 1 du m\u00e9tro de Lille<\/b> est \u00e0 l\u2019arr\u00eat, ce mercredi 9 juillet au matin. Le trafic est interrompu entre les stations CHU-Eurasant\u00e9 et R\u00e9publique Beaux-Arts, au moins jusqu\u2019\u00e0 10h pr\u00e9cise Il\u00e9via, en raison d\u2019un incendie \u00e0 proximit\u00e9 des voies. <b>Dix bus relais sont \u00e0 disposition des voyageurs<\/b>.<\/p>\n<p>Un feu s\u2019est propag\u00e9 \u00e0 la v\u00e9g\u00e9tation, bloquant le trafic d\u2019une portion de la ligne 1 du m\u00e9tro de Lille<\/p>\n<p class=\" wall-content\">Il s\u2019agit d\u2019<b>un feu qui s\u2019est d\u00e9clar\u00e9 dans la nuit<\/b>, \u00e0 2h30, \u00e0 proximit\u00e9 du chemin des Bargues, dans le secteur du Faubourg de B\u00e9thune. Le Sdis informe qu\u2019il s\u2019agit d\u2019un feu de d\u00e9tritus, \u00ab\u00a0difficile d\u2019acc\u00e8s\u00a0\u00bb.<\/p>\n<p class=\" wall-content\">\n<p class=\" wall-content\"><b>L\u2019incendie<\/b>\u00a0est localis\u00e9 en lisi\u00e8re d\u2019un camp rassemblant des personnes pr\u00e9caires. Il s\u2019est propag\u00e9 \u00e0 la v\u00e9g\u00e9tation, et les pompiers vont devoir d\u00e9molir un mur, \u00ab\u00a0avec l\u2019accord de la Ville de Lille et de la MEL\u00a0\u00bb, pour le ma\u00eetriser. Ils ont recours \u00e0 des lances \u00e0 mousse.<\/p>\n<p class=\" wall-content\">Il n\u2019y a pas de notion de bless\u00e9.<\/p>\n<p class=\" wall-content\">Suivez toute l\u2019actualit\u00e9 de vos villes et m\u00e9dias favoris en vous inscrivant \u00e0 <a href=\"https:\/\/moncompte.actu.fr\" title=\"D\u00e9couvez Mon Actu\" rel=\"nofollow noopener\" data-trk=\"{&quot;cta&quot;:{&quot;action&quot;:&quot;https:\\\/\\\/moncompte.actu.fr&quot;,&quot;category&quot;:&quot;mon compte&quot;,&quot;from&quot;:&quot;article footer&quot;,&quot;name&quot;:&quot;Mon actu&quot;,&quot;type&quot;:&quot;cta&quot;}}\" target=\"_blank\">Mon Actu<\/a>.<\/p>\n","protected":false},"excerpt":{"rendered":"Par Margot Nicod\u00e8me Publi\u00e9 le 9 juil. 2025 \u00e0 8h06 Une portion de la ligne 1 du m\u00e9tro&hellip;\n","protected":false},"author":2,"featured_media":236969,"comment_status":"","ping_status":"","sticky":false,"template":"","format":"standard","meta":{"footnotes":""},"categories":[2815],"tags":[1111,11,1777,674,1011,27,811,1310,1307,4047,12,25,104],"class_list":{"0":"post-236968","1":"post","2":"type-post","3":"status-publish","4":"format-standard","5":"has-post-thumbnail","7":"category-lille","8":"tag-actu","9":"tag-actualites","10":"tag-eu","11":"tag-europe","12":"tag-fr","13":"tag-france","14":"tag-hauts-de-france","15":"tag-incendie","16":"tag-lille","17":"tag-metro","18":"tag-news","19":"tag-republique-francaise","20":"tag-societe"},"share_on_mastodon":{"url":"","error":""},"_links":{"self":[{"href":"https:\/\/www.europesays.com\/fr\/wp-json\/wp\/v2\/posts\/236968","targetHints":{"allow":["GET"]}}],"collection":[{"href":"https:\/\/www.europesays.com\/fr\/wp-json\/wp\/v2\/posts"}],"about":[{"href":"https:\/\/www.europesays.com\/fr\/wp-json\/wp\/v2\/types\/post"}],"author":[{"embeddable":true,"href":"https:\/\/www.europesays.com\/fr\/wp-json\/wp\/v2\/users\/2"}],"replies":[{"embeddable":true,"href":"https:\/\/www.europesays.com\/fr\/wp-json\/wp\/v2\/comments?post=236968"}],"version-history":[{"count":0,"href":"https:\/\/www.europesays.com\/fr\/wp-json\/wp\/v2\/posts\/236968\/revisions"}],"wp:featuredmedia":[{"embeddable":true,"href":"https:\/\/www.europesays.com\/fr\/wp-json\/wp\/v2\/media\/236969"}],"wp:attachment":[{"href":"https:\/\/www.europesays.com\/fr\/wp-json\/wp\/v2\/media?parent=236968"}],"wp:term":[{"taxonomy":"category","embeddable":true,"href":"https:\/\/www.europesays.com\/fr\/wp-json\/wp\/v2\/categories?post=236968"},{"taxonomy":"post_tag","embeddable":true,"href":"https:\/\/www.europesays.com\/fr\/wp-json\/wp\/v2\/tags?post=236968"}],"curies":[{"name":"wp","href":"https:\/\/api.w.org\/{rel}","templated":true}]}}