{"id":236976,"date":"2025-07-09T06:50:11","date_gmt":"2025-07-09T06:50:11","guid":{"rendered":"https:\/\/www.europesays.com\/fr\/236976\/"},"modified":"2025-07-09T06:50:11","modified_gmt":"2025-07-09T06:50:11","slug":"lagora-lyon-2030-accueille-12-nouveaux-partenaires-pour-la-transition-ecologique","status":"publish","type":"post","link":"https:\/\/www.europesays.com\/fr\/236976\/","title":{"rendered":"L\u2019Agora Lyon 2030 accueille 12 nouveaux partenaires pour la transition \u00e9cologique"},"content":{"rendered":"<p><strong>Mardi 8 juillet, douze structures ont officiellement int\u00e9gr\u00e9 l\u2019Agora Lyon 2030, consolidant ainsi une dynamique territoriale in\u00e9dite en faveur de la d\u00e9carbonation.<\/strong><\/p>\n<p>Cr\u00e9\u00e9e en 2023 par la Ville de Lyon, l\u2019Agora Lyon 2030 s\u2019est donn\u00e9 pour mission de rassembler les forces vives du territoire afin de r\u00e9pondre aux d\u00e9fis du changement climatique. En rejoignant cette instance collaborative, les membres s\u2019engagent \u00e0 int\u00e9grer des actions concr\u00e8tes dans leurs politiques internes pour contribuer \u00e0 l\u2019objectif de neutralit\u00e9 carbone d\u2019ici 2030.<\/p>\n<p>Ce mardi, ce sont douze nouvelles structures qui ont sign\u00e9 une convention de coop\u00e9ration et d\u2019engagements : l\u2019ADEME, l\u2019Association Primev\u00e8re, CBRE Conseil et Transaction \u2013 Lyon, Cobaty Lyon M\u00e9tropole, le Conservatoire National Sup\u00e9rieur Musique et Danse de Lyon, Compost\u2019solidaire, l\u2019INSA Lyon, la MJC Saint-Just, la SACVL, Sport dans la Ville, Strate \u00c9cole de Design Lyon et Voltalis. Ces nouveaux signataires portent \u00e0 179 le nombre total de membres.<\/p>\n<p>L\u2019Agora s\u2019inscrit dans le cadre du programme europ\u00e9en \u201c100 villes climatiquement neutres d\u2019ici 2030\u201d, auquel Lyon a \u00e9t\u00e9 s\u00e9lectionn\u00e9e par la Commission europ\u00e9enne. Pour le maire de Lyon, Gr\u00e9gory Doucet, cette d\u00e9marche est essentielle : \u00ab L\u2019objectif est de d\u00e9montrer que les territoires peuvent ouvrir la voie vers la d\u00e9carbonation. Ce sont eux qui \u00e9mettent le plus de CO\u2082, et Lyon a les atouts pour relever ce d\u00e9fi. Les 12 signataires repr\u00e9sentent la diversit\u00e9 de notre territoire et la force de son engagement. Cette alliance entre pouvoirs publics, entreprises, monde associatif et \u00e9tablissements acad\u00e9miques est une belle surprise, pleine d\u2019audace et de r\u00e9activit\u00e9. \u00bb<\/p>\n<p>Des engagements concrets dans tous les secteurs <\/p>\n<p>Chaque nouveau membre de l\u2019Agora a d\u00e9fini ses propres axes d\u2019action en coh\u00e9rence avec le Pacte Climat Lyon 2030. Quelques exemples embl\u00e9matiques :<\/p>\n<ul class=\"wp-block-list\">\n<li><strong>Sport dans la Ville<\/strong> formera et sensibilisera les jeunes de ses programmes aux enjeux climatiques pour les transformer en acteurs de la transition \u00e9cologique dans leur quartier.<\/li>\n<li><strong>La MJC Saint-Just<\/strong> mettra en place des projets autour d\u2019une alimentation durable, saine et \u00e9quitable, notamment aupr\u00e8s des enfants.<\/li>\n<li><strong>Le Conservatoire National Sup\u00e9rieur Musique et Danse de Lyon<\/strong> s\u2019engage \u00e0 r\u00e9duire drastiquement l\u2019empreinte carbone de ses b\u00e2timents et de ses activit\u00e9s.<\/li>\n<li><strong>La SACVL<\/strong> d\u00e9veloppera l\u2019usage des mobilit\u00e9s douces, en particulier le v\u00e9lo, gr\u00e2ce \u00e0 la mise \u00e0 disposition d\u2019une flotte partag\u00e9e.<\/li>\n<\/ul>\n<p>Pour Gr\u00e9gory Doucet, l\u2019enjeu est d\u00e9sormais de mobiliser tous les habitants : \u00ab\u00a0Nous devons convaincre chaque citoyen que la d\u00e9carbonation est le chemin vers une ville plus prosp\u00e8re, plus robuste, et plus juste. Il s\u2019agit de pr\u00e9server et d\u2019am\u00e9liorer notre qualit\u00e9 de vie \u00e0 Lyon.\u00a0\u00bb Ce succ\u00e8s d\u00e9montre la capacit\u00e9 du territoire lyonnais \u00e0 faire cause commune face \u00e0 l\u2019urgence climatique, au croisement des enjeux environnementaux, sociaux et \u00e9conomiques.<\/p>\n","protected":false},"excerpt":{"rendered":"Mardi 8 juillet, douze structures ont officiellement int\u00e9gr\u00e9 l\u2019Agora Lyon 2030, consolidant ainsi une dynamique territoriale in\u00e9dite en&hellip;\n","protected":false},"author":2,"featured_media":236977,"comment_status":"","ping_status":"","sticky":false,"template":"","format":"standard","meta":{"footnotes":""},"categories":[1889],"tags":[1111,11,37593,2430,1129,1777,674,1011,27,2428,12,25],"class_list":{"0":"post-236976","1":"post","2":"type-post","3":"status-publish","4":"format-standard","5":"has-post-thumbnail","7":"category-lyon","8":"tag-actu","9":"tag-actualites","10":"tag-agora-lyon-2030","11":"tag-auvergne-rhone-alpes","12":"tag-climat","13":"tag-eu","14":"tag-europe","15":"tag-fr","16":"tag-france","17":"tag-lyon","18":"tag-news","19":"tag-republique-francaise"},"share_on_mastodon":{"url":"https:\/\/pubeurope.com\/@fr\/114821951098092923","error":""},"_links":{"self":[{"href":"https:\/\/www.europesays.com\/fr\/wp-json\/wp\/v2\/posts\/236976","targetHints":{"allow":["GET"]}}],"collection":[{"href":"https:\/\/www.europesays.com\/fr\/wp-json\/wp\/v2\/posts"}],"about":[{"href":"https:\/\/www.europesays.com\/fr\/wp-json\/wp\/v2\/types\/post"}],"author":[{"embeddable":true,"href":"https:\/\/www.europesays.com\/fr\/wp-json\/wp\/v2\/users\/2"}],"replies":[{"embeddable":true,"href":"https:\/\/www.europesays.com\/fr\/wp-json\/wp\/v2\/comments?post=236976"}],"version-history":[{"count":0,"href":"https:\/\/www.europesays.com\/fr\/wp-json\/wp\/v2\/posts\/236976\/revisions"}],"wp:featuredmedia":[{"embeddable":true,"href":"https:\/\/www.europesays.com\/fr\/wp-json\/wp\/v2\/media\/236977"}],"wp:attachment":[{"href":"https:\/\/www.europesays.com\/fr\/wp-json\/wp\/v2\/media?parent=236976"}],"wp:term":[{"taxonomy":"category","embeddable":true,"href":"https:\/\/www.europesays.com\/fr\/wp-json\/wp\/v2\/categories?post=236976"},{"taxonomy":"post_tag","embeddable":true,"href":"https:\/\/www.europesays.com\/fr\/wp-json\/wp\/v2\/tags?post=236976"}],"curies":[{"name":"wp","href":"https:\/\/api.w.org\/{rel}","templated":true}]}}