{"id":236984,"date":"2025-07-09T06:56:12","date_gmt":"2025-07-09T06:56:12","guid":{"rendered":"https:\/\/www.europesays.com\/fr\/236984\/"},"modified":"2025-07-09T06:56:12","modified_gmt":"2025-07-09T06:56:12","slug":"le-violeur-de-tinder-de-retour-dans-le-box-des-accuses-en-septembre","status":"publish","type":"post","link":"https:\/\/www.europesays.com\/fr\/236984\/","title":{"rendered":"le violeur de Tinder de retour dans le box des accus\u00e9s en septembre"},"content":{"rendered":"<p>            Par<br \/>\n        <strong><br \/>\n            <a href=\"https:\/\/actu.fr\/auteur\/antoine-blanchet\" title=\"Consulter tous les articles de Antoine Blanchet\" rel=\"nofollow noopener\" target=\"_blank\">Antoine Blanchet<\/a><br \/>\n        <\/strong><\/p>\n<p>        Publi\u00e9 le<\/p>\n<p>            9 juil. 2025 \u00e0 8h32        <\/p>\n<p>Une nouvelle \u00e9preuve pour les 17 jeunes femmes qui avaient d\u00e9pos\u00e9 plainte. Selon nos informations, <strong>Salim Berrada<\/strong>, tristement surnomm\u00e9 le \u00ab\u2009violeur de Tinder\u2009\u00bb, sera jug\u00e9 en appel \u00e0 partir du 16\u00a0septembre prochain au sein de la <a href=\"https:\/\/actu.fr\/tag\/tribunal-de-creteil\" rel=\"nofollow noopener\" target=\"_blank\">cour d\u2019assises de Cr\u00e9teil<\/a> (<a href=\"https:\/\/actu.fr\/ile-de-france\/val-de-marne_94\" rel=\"nofollow noopener\" target=\"_blank\">Val-de-Marne<\/a>). Il compara\u00eetra en seconde instance pour le viol de 17 femmes. Lors de la premi\u00e8re audience devant la cour criminelle de <a href=\"https:\/\/actu.fr\/paris\/\" rel=\"nofollow noopener\" target=\"_blank\">Paris<\/a>, il avait \u00e9t\u00e9 condamn\u00e9 \u00e0 <strong>18\u00a0ans de r\u00e9clusion criminelle.<\/strong><\/p>\n<p>Une industrialisation du viol<\/p>\n<p class=\" wall-content\">Salim Berrada est accus\u00e9 d\u2019avoir mis au point une v\u00e9ritable machine \u00e0 violer. Via <strong>un tableau Excel<\/strong> rempli de phrases pr\u00e9-r\u00e9dig\u00e9es, il alpaguait des jeunes femmes sur les applications de rencontre et les r\u00e9seaux sociaux. Il proposait \u00e0 ses interlocutrices de venir chez lui pour r\u00e9aliser un shooting photo.<\/p>\n<p class=\" wall-content\">Sur place, les jeunes femmes avaient d\u00e9crit aux juges un lieu sale o\u00f9 le photographe, avenant, leur proposait de boire <strong>un shot de vodka m\u00e9lang\u00e9e \u00e0 du caramel<\/strong>. Plusieurs victimes affirment avoir ressenti des vertiges apr\u00e8s avoir bu ces verres d\u2019alcool, laissant penser \u00e0 de la <a href=\"https:\/\/actu.fr\/pays-de-la-loire\/guerande_44069\/la-soumission-chimique-est-en-constante-augmentation-un-rapport-redige-par-une-deputee-du-44-alerte_62631225.html\" rel=\"nofollow noopener\" target=\"_blank\">soumission chimique<\/a>. Toutes accusent Salim Berrada de s\u2019\u00eatre jet\u00e9 sur elles et d\u2019avoir impos\u00e9 des actes sexuels.<\/p>\n<p>L\u2019accus\u00e9 avait tout ni\u00e9 en bloc<\/p>\n<p class=\" wall-content\">Lors de la premi\u00e8re audience, qui s\u2019\u00e9tait tenue en mars\u00a02024, l\u2019accus\u00e9 avait vigoureusement d\u00e9menti toute violence sexuelle. Se d\u00e9crivant <a href=\"https:\/\/actu.fr\/ile-de-france\/paris_75056\/paris-le-violeur-de-tinder-se-decrit-comme-addict-en-seduction_60834148.html\" rel=\"nofollow noopener\" target=\"_blank\">comme un \u00ab\u2009addict en s\u00e9duction\u2009\u00bb,<\/a> il avait tout au plus reconnu une certaine \u00ab\u2009goujaterie\u2009\u00bb. Les nombreuses plaintes contre lui ne seraient, selon ses dires, qu\u2019une cabale fa\u00e7onn\u00e9e par d\u2019anciennes conqu\u00eates \u00e9conduites et vengeresses. \u201cC\u2019est une d\u00e9fense honteuse et pitoyable. Il refuse de se regarder dans le miroir de la r\u00e9alit\u00e9 que tout le monde lui tend. Il y a une absence d\u2019empathie\u201d, s\u2019\u00e9tait \u00e9nerv\u00e9e une avocate des parties civiles dans sa plaidoirie.<\/p>\n<p class=\" wall-content\">\u00c0 l\u2019inverse, les 17 victimes avaient livr\u00e9 \u00e0 la cour criminelle des r\u00e9cits bouleversants, o\u00f9 d\u2019importants traumatismes \u00e9taient encore pr\u00e9sents, des ann\u00e9es apr\u00e8s les faits. \u00ab\u2009Ces femmes, vous les avez 17\u00a0fois rabaiss\u00e9es, 17\u00a0fois fl\u00e9tries par vos mensonges. Regardez-les. Contemplez votre \u0153uvre, ce champ de ruine\u2009!\u2009\u00bb, avait fustig\u00e9<strong> l\u2019avocat g\u00e9n\u00e9ral Philippe Courroye<\/strong> dans son r\u00e9quisitoire. Une peine de 19\u00a0ans avait \u00e9t\u00e9 demand\u00e9e par le minist\u00e8re public. La cour criminelle avait r\u00e9duit cette peine d\u2019une ann\u00e9e.<\/p>\n<p>Vid\u00e9os : en ce moment sur Actu<\/p>\n<p class=\" wall-content\">Suivez toute l\u2019actualit\u00e9 de vos villes et m\u00e9dias favoris en vous inscrivant \u00e0 <a href=\"https:\/\/moncompte.actu.fr\" title=\"D\u00e9couvez Mon Actu\" rel=\"nofollow noopener\" data-trk=\"{&quot;cta&quot;:{&quot;action&quot;:&quot;https:\\\/\\\/moncompte.actu.fr&quot;,&quot;category&quot;:&quot;mon compte&quot;,&quot;from&quot;:&quot;article footer&quot;,&quot;name&quot;:&quot;Mon actu&quot;,&quot;type&quot;:&quot;cta&quot;}}\" target=\"_blank\">Mon Actu<\/a>.<\/p>\n","protected":false},"excerpt":{"rendered":"Par Antoine Blanchet Publi\u00e9 le 9 juil. 2025 \u00e0 8h32 Une nouvelle \u00e9preuve pour les 17 jeunes femmes&hellip;\n","protected":false},"author":2,"featured_media":236985,"comment_status":"","ping_status":"","sticky":false,"template":"","format":"standard","meta":{"footnotes":""},"categories":[1888],"tags":[11,1777,674,118,1011,27,303,12,626,2694,25,799],"class_list":{"0":"post-236984","1":"post","2":"type-post","3":"status-publish","4":"format-standard","5":"has-post-thumbnail","7":"category-paris","8":"tag-actualites","9":"tag-eu","10":"tag-europe","11":"tag-faits-divers","12":"tag-fr","13":"tag-france","14":"tag-justice","15":"tag-news","16":"tag-paris","17":"tag-proces","18":"tag-republique-francaise","19":"tag-violences-sexuelles"},"share_on_mastodon":{"url":"https:\/\/pubeurope.com\/@fr\/114821974724006576","error":""},"_links":{"self":[{"href":"https:\/\/www.europesays.com\/fr\/wp-json\/wp\/v2\/posts\/236984","targetHints":{"allow":["GET"]}}],"collection":[{"href":"https:\/\/www.europesays.com\/fr\/wp-json\/wp\/v2\/posts"}],"about":[{"href":"https:\/\/www.europesays.com\/fr\/wp-json\/wp\/v2\/types\/post"}],"author":[{"embeddable":true,"href":"https:\/\/www.europesays.com\/fr\/wp-json\/wp\/v2\/users\/2"}],"replies":[{"embeddable":true,"href":"https:\/\/www.europesays.com\/fr\/wp-json\/wp\/v2\/comments?post=236984"}],"version-history":[{"count":0,"href":"https:\/\/www.europesays.com\/fr\/wp-json\/wp\/v2\/posts\/236984\/revisions"}],"wp:featuredmedia":[{"embeddable":true,"href":"https:\/\/www.europesays.com\/fr\/wp-json\/wp\/v2\/media\/236985"}],"wp:attachment":[{"href":"https:\/\/www.europesays.com\/fr\/wp-json\/wp\/v2\/media?parent=236984"}],"wp:term":[{"taxonomy":"category","embeddable":true,"href":"https:\/\/www.europesays.com\/fr\/wp-json\/wp\/v2\/categories?post=236984"},{"taxonomy":"post_tag","embeddable":true,"href":"https:\/\/www.europesays.com\/fr\/wp-json\/wp\/v2\/tags?post=236984"}],"curies":[{"name":"wp","href":"https:\/\/api.w.org\/{rel}","templated":true}]}}